{"id":8004,"date":"2025-06-05T12:53:11","date_gmt":"2025-06-05T10:53:11","guid":{"rendered":"https:\/\/serveiseducatius.xtec.cat\/noubarris\/?p=8004"},"modified":"2025-06-05T12:55:57","modified_gmt":"2025-06-05T10:55:57","slug":"lectura-al-carrer-2025-7-raons-per-aixecar-el-vol","status":"publish","type":"post","link":"https:\/\/serveiseducatius.xtec.cat\/noubarris\/general\/lectura-al-carrer-2025-7-raons-per-aixecar-el-vol\/","title":{"rendered":"Lectura al carrer 2025: 7 raons per aixecar el vol!"},"content":{"rendered":"\n<p>Fitxer&nbsp;Edita&nbsp;Visualitzaci\u00f3&nbsp;Insereix&nbsp;Format&nbsp;Eines&nbsp;Taula&nbsp;Par\u00e0graf&nbsp;&nbsp;<\/p>\n\n\n\n<p>El dimecres 7 de maig i el dimecres 28 de maig hem celebrat la VIII edici\u00f3 de l&#8217;activitat de dinamitzaci\u00f3   de la Lectura al carrer que organitza el CRP de Nou Barris i el Seminari de Biblioteques, conjuntament amb la Biblioteca de Nou Barris.&nbsp;En aquesta ocasi\u00f3, hi ha hagut for\u00e7a novetats que han donat un plus a les jornades. Els nens i nenes de les escoles participants han preparat la lectura de dues obres de l&#8217;escriptor Jaume Cela: 7 raons per estimar els meus pares (dimecres 7 de maig) i Aixecant el vol (dimecres 28 de maig). \u00c9s per aquest motiu que la lectura al carrer d&#8217;enguany tenia per lema: 7 raons per aixecar el vol. El vol de qu\u00e8, us preguntareu? Doncs el vol d&#8217;una fam\u00edlia d&#8217;ocells que ha d&#8217;emigrar per a trobar millors condicions de vida i el vol d&#8217;un nen que ha de procurar tirar endavant el seu projecte de vida tenint en compte els seus pares i perqu\u00e8 no, el vol de la imaginaci\u00f3 i la creativitat, el vol que fa que la lectura ens pugui transportar a nous mons&#8230;<\/p>\n\n\n\n<p><\/p>\n\n\n\n<p>Vam estar molt contentes perqu\u00e8 el mateix Jaume Cela va ser present al nostre acte i va poder sentir i veure que b\u00e9 que ho havien fet tots els nens i nenes posant veu a les seves paraules escrites.  I no nom\u00e9s vam tenir amb nosaltres al Jaume Cela, sin\u00f3 que tamb\u00e9 vam comptar amb la il\u00b7lustradora Clara Edo, que va anar posant llum i color a les aventures pensades pel Jaume i explicades pels infants. Va ser tot plegat molt emocionant!!<\/p>\n\n\n\n<p>La resta de propostes educatives de la jornada van estar liderades per la Biblioteca de Nou Barris, que va posar a l&#8217;abast llibres de l&#8217;escriptor Jaume Cela i altres lectures sobre conflictes, per l&#8217;Associaci\u00f3 de l&#8217;ONCE, que va apropar als infants el sistema d&#8217;escriptura Brille i la m\u00e0quina Perkins, per l&#8217;alumnat i el seu professorat del CEE Josep Pla, que va fer un fant\u00e0stic taller de llengua de signes i pel CRP de Nou Barris que va proposar fer una producci\u00f3 pl\u00e0stica col\u00b7lectiva del cap\u00edtol del llibre que cada grup-classe participant havia preparat pr\u00e8viament.<\/p>\n\n\n\n<p>A tots ells els hi volem donar les gr\u00e0cies per fer possible una vegada m\u00e9s dedicar una activitat al foment de la lectura i a una diversitat de llenguatges! Tamb\u00e9 volem agrair  la feina feta pel Districte de Nou Barris.<\/p>\n\n\n\n<p>I ja nom\u00e9s ens queda acomidar-nos. Nens i nenes de les escoles \u00c0gora, IE Trinitat Nova, IE El Mol\u00ed, CEE Josep Pla, Splai, El Tur\u00f3, IE Mestre Morera, Tibidabo, Merc\u00e8 Rodoreda, Palma de Mallorca&#8230;<\/p>\n\n\n\n<p>US ESPEREM EL CURS VINENT!!<\/p>\n\n\n\n<p>&#8220;Per viatjar lluny,<\/p>\n\n\n\n<p>no hi ha millor nau que un llibre&#8221;<\/p>\n\n\n\n<p>Emily Dickinson<\/p>\n\n\n\n<p><\/p>\n\n\n\n<p>Bones lectures per a tothom!!<\/p>\n\n\n\n<p>\u00a0<a href=\"https:\/\/drive.google.com\/file\/d\/16q3P-cOoUVERdlJODaIdkxiRwo0yoy5l\/view?usp=sharing\" data-type=\"link\" data-id=\"https:\/\/drive.google.com\/file\/d\/16q3P-cOoUVERdlJODaIdkxiRwo0yoy5l\/view?usp=sharing\">Aqu\u00ed teniu un petit v\u00eddeo de la 1a jornada<\/a><\/p>\n\n\n\n<figure class=\"wp-block-gallery has-nested-images columns-default is-cropped wp-block-gallery-1 is-layout-flex wp-block-gallery-is-layout-flex\">\n<figure class=\"wp-block-image size-large\"><a href=\"https:\/\/serveiseducatius.xtec.cat\/noubarris\/wp-content\/uploads\/usu786\/2025\/06\/IMG-20250528-WA0027-1.jpg\"><img loading=\"lazy\" decoding=\"async\" width=\"1024\" height=\"768\" data-id=\"8063\" src=\"https:\/\/serveiseducatius.xtec.cat\/noubarris\/wp-content\/uploads\/usu786\/2025\/06\/IMG-20250528-WA0027-1-1024x768.jpg\" alt=\"\" class=\"wp-image-8063\" srcset=\"https:\/\/serveiseducatius.xtec.cat\/noubarris\/wp-content\/uploads\/usu786\/2025\/06\/IMG-20250528-WA0027-1-1024x768.jpg 1024w, https:\/\/serveiseducatius.xtec.cat\/noubarris\/wp-content\/uploads\/usu786\/2025\/06\/IMG-20250528-WA0027-1-300x225.jpg 300w, https:\/\/serveiseducatius.xtec.cat\/noubarris\/wp-content\/uploads\/usu786\/2025\/06\/IMG-20250528-WA0027-1-768x576.jpg 768w, https:\/\/serveiseducatius.xtec.cat\/noubarris\/wp-content\/uploads\/usu786\/2025\/06\/IMG-20250528-WA0027-1-1536x1152.jpg 1536w, https:\/\/serveiseducatius.xtec.cat\/noubarris\/wp-content\/uploads\/usu786\/2025\/06\/IMG-20250528-WA0027-1-200x150.jpg 200w, https:\/\/serveiseducatius.xtec.cat\/noubarris\/wp-content\/uploads\/usu786\/2025\/06\/IMG-20250528-WA0027-1.jpg 1600w\" sizes=\"auto, (max-width: 1024px) 100vw, 1024px\" \/><\/a><\/figure>\n\n\n\n<figure class=\"wp-block-image size-large\"><a href=\"https:\/\/serveiseducatius.xtec.cat\/noubarris\/wp-content\/uploads\/usu786\/2025\/06\/IMG-20250530-WA0025-1.jpg\"><img loading=\"lazy\" decoding=\"async\" width=\"1024\" height=\"768\" data-id=\"8067\" src=\"https:\/\/serveiseducatius.xtec.cat\/noubarris\/wp-content\/uploads\/usu786\/2025\/06\/IMG-20250530-WA0025-1-1024x768.jpg\" alt=\"\" class=\"wp-image-8067\" srcset=\"https:\/\/serveiseducatius.xtec.cat\/noubarris\/wp-content\/uploads\/usu786\/2025\/06\/IMG-20250530-WA0025-1-1024x768.jpg 1024w, https:\/\/serveiseducatius.xtec.cat\/noubarris\/wp-content\/uploads\/usu786\/2025\/06\/IMG-20250530-WA0025-1-300x225.jpg 300w, https:\/\/serveiseducatius.xtec.cat\/noubarris\/wp-content\/uploads\/usu786\/2025\/06\/IMG-20250530-WA0025-1-768x576.jpg 768w, https:\/\/serveiseducatius.xtec.cat\/noubarris\/wp-content\/uploads\/usu786\/2025\/06\/IMG-20250530-WA0025-1-1536x1152.jpg 1536w, https:\/\/serveiseducatius.xtec.cat\/noubarris\/wp-content\/uploads\/usu786\/2025\/06\/IMG-20250530-WA0025-1-200x150.jpg 200w, https:\/\/serveiseducatius.xtec.cat\/noubarris\/wp-content\/uploads\/usu786\/2025\/06\/IMG-20250530-WA0025-1.jpg 2000w\" sizes=\"auto, (max-width: 1024px) 100vw, 1024px\" \/><\/a><\/figure>\n\n\n\n<figure class=\"wp-block-image size-large\"><a href=\"https:\/\/serveiseducatius.xtec.cat\/noubarris\/wp-content\/uploads\/usu786\/2025\/06\/IMG-20250530-WA0039.jpg\"><img loading=\"lazy\" decoding=\"async\" width=\"1024\" height=\"768\" data-id=\"8064\" src=\"https:\/\/serveiseducatius.xtec.cat\/noubarris\/wp-content\/uploads\/usu786\/2025\/06\/IMG-20250530-WA0039-1024x768.jpg\" alt=\"\" class=\"wp-image-8064\" srcset=\"https:\/\/serveiseducatius.xtec.cat\/noubarris\/wp-content\/uploads\/usu786\/2025\/06\/IMG-20250530-WA0039-1024x768.jpg 1024w, https:\/\/serveiseducatius.xtec.cat\/noubarris\/wp-content\/uploads\/usu786\/2025\/06\/IMG-20250530-WA0039-300x225.jpg 300w, https:\/\/serveiseducatius.xtec.cat\/noubarris\/wp-content\/uploads\/usu786\/2025\/06\/IMG-20250530-WA0039-768x576.jpg 768w, https:\/\/serveiseducatius.xtec.cat\/noubarris\/wp-content\/uploads\/usu786\/2025\/06\/IMG-20250530-WA0039-1536x1152.jpg 1536w, https:\/\/serveiseducatius.xtec.cat\/noubarris\/wp-content\/uploads\/usu786\/2025\/06\/IMG-20250530-WA0039-200x150.jpg 200w, https:\/\/serveiseducatius.xtec.cat\/noubarris\/wp-content\/uploads\/usu786\/2025\/06\/IMG-20250530-WA0039.jpg 1600w\" sizes=\"auto, (max-width: 1024px) 100vw, 1024px\" \/><\/a><\/figure>\n\n\n\n<figure class=\"wp-block-image size-large\"><a href=\"https:\/\/serveiseducatius.xtec.cat\/noubarris\/wp-content\/uploads\/usu786\/2025\/06\/IMG-20250530-WA0044.jpg\"><img loading=\"lazy\" decoding=\"async\" width=\"768\" height=\"1024\" data-id=\"8065\" src=\"https:\/\/serveiseducatius.xtec.cat\/noubarris\/wp-content\/uploads\/usu786\/2025\/06\/IMG-20250530-WA0044-768x1024.jpg\" alt=\"\" class=\"wp-image-8065\" srcset=\"https:\/\/serveiseducatius.xtec.cat\/noubarris\/wp-content\/uploads\/usu786\/2025\/06\/IMG-20250530-WA0044-768x1024.jpg 768w, https:\/\/serveiseducatius.xtec.cat\/noubarris\/wp-content\/uploads\/usu786\/2025\/06\/IMG-20250530-WA0044-225x300.jpg 225w, https:\/\/serveiseducatius.xtec.cat\/noubarris\/wp-content\/uploads\/usu786\/2025\/06\/IMG-20250530-WA0044-1152x1536.jpg 1152w, https:\/\/serveiseducatius.xtec.cat\/noubarris\/wp-content\/uploads\/usu786\/2025\/06\/IMG-20250530-WA0044.jpg 1200w\" sizes=\"auto, (max-width: 768px) 100vw, 768px\" \/><\/a><\/figure>\n\n\n\n<figure class=\"wp-block-image size-large\"><a href=\"https:\/\/serveiseducatius.xtec.cat\/noubarris\/wp-content\/uploads\/usu786\/2025\/06\/IMG-20250530-WA0045-2.jpg\"><img loading=\"lazy\" decoding=\"async\" width=\"1024\" height=\"768\" data-id=\"8066\" src=\"https:\/\/serveiseducatius.xtec.cat\/noubarris\/wp-content\/uploads\/usu786\/2025\/06\/IMG-20250530-WA0045-2-1024x768.jpg\" alt=\"\" class=\"wp-image-8066\" srcset=\"https:\/\/serveiseducatius.xtec.cat\/noubarris\/wp-content\/uploads\/usu786\/2025\/06\/IMG-20250530-WA0045-2-1024x768.jpg 1024w, https:\/\/serveiseducatius.xtec.cat\/noubarris\/wp-content\/uploads\/usu786\/2025\/06\/IMG-20250530-WA0045-2-300x225.jpg 300w, https:\/\/serveiseducatius.xtec.cat\/noubarris\/wp-content\/uploads\/usu786\/2025\/06\/IMG-20250530-WA0045-2-768x576.jpg 768w, https:\/\/serveiseducatius.xtec.cat\/noubarris\/wp-content\/uploads\/usu786\/2025\/06\/IMG-20250530-WA0045-2-1536x1152.jpg 1536w, https:\/\/serveiseducatius.xtec.cat\/noubarris\/wp-content\/uploads\/usu786\/2025\/06\/IMG-20250530-WA0045-2-200x150.jpg 200w, https:\/\/serveiseducatius.xtec.cat\/noubarris\/wp-content\/uploads\/usu786\/2025\/06\/IMG-20250530-WA0045-2.jpg 1600w\" sizes=\"auto, (max-width: 1024px) 100vw, 1024px\" \/><\/a><\/figure>\n<\/figure>\n\n\n\n<p><\/p>\n\n\n\n<p><\/p>\n","protected":false},"excerpt":{"rendered":"<p>Fitxer&nbsp;Edita&nbsp;Visualitzaci\u00f3&nbsp;Insereix&nbsp;Format&nbsp;Eines&nbsp;Taula&nbsp;Par\u00e0graf&nbsp;&nbsp; El dimecres 7 de maig i el dimecres 28 de maig hem celebrat la VIII edici\u00f3 de l&#8217;activitat de dinamitzaci\u00f3 de la Lectura al carrer que organitza el CRP de Nou Barris i el Seminari de Biblioteques, conjuntament amb la Biblioteca de Nou Barris.&nbsp;En aquesta ocasi\u00f3, hi ha hagut for\u00e7a novetats que han donat [&hellip;]<\/p>\n","protected":false},"author":1,"featured_media":8066,"comment_status":"closed","ping_status":"closed","sticky":true,"template":"","format":"standard","meta":{"_bbp_topic_count":0,"_bbp_reply_count":0,"_bbp_total_topic_count":0,"_bbp_total_reply_count":0,"_bbp_voice_count":0,"_bbp_anonymous_reply_count":0,"_bbp_topic_count_hidden":0,"_bbp_reply_count_hidden":0,"_bbp_forum_subforum_count":0,"site-sidebar-layout":"default","site-content-layout":"","ast-site-content-layout":"","site-content-style":"default","site-sidebar-style":"default","ast-global-header-display":"","ast-banner-title-visibility":"","ast-main-header-display":"","ast-hfb-above-header-display":"","ast-hfb-below-header-display":"","ast-hfb-mobile-header-display":"","site-post-title":"","ast-breadcrumbs-content":"","ast-featured-img":"","footer-sml-layout":"","theme-transparent-header-meta":"","adv-header-id-meta":"","stick-header-meta":"","header-above-stick-meta":"","header-main-stick-meta":"","header-below-stick-meta":"","astra-migrate-meta-layouts":"default","ast-page-background-enabled":"default","ast-page-background-meta":{"desktop":{"background-color":"var(--ast-global-color-4)","background-image":"","background-repeat":"repeat","background-position":"center center","background-size":"auto","background-attachment":"scroll","background-type":"","background-media":"","overlay-type":"","overlay-color":"","overlay-opacity":"","overlay-gradient":""},"tablet":{"background-color":"","background-image":"","background-repeat":"repeat","background-position":"center center","background-size":"auto","background-attachment":"scroll","background-type":"","background-media":"","overlay-type":"","overlay-color":"","overlay-opacity":"","overlay-gradient":""},"mobile":{"background-color":"","background-image":"","background-repeat":"repeat","background-position":"center center","background-size":"auto","background-attachment":"scroll","background-type":"","background-media":"","overlay-type":"","overlay-color":"","overlay-opacity":"","overlay-gradient":""}},"ast-content-background-meta":{"desktop":{"background-color":"var(--ast-global-color-5)","background-image":"","background-repeat":"repeat","background-position":"center center","background-size":"auto","background-attachment":"scroll","background-type":"","background-media":"","overlay-type":"","overlay-color":"","overlay-opacity":"","overlay-gradient":""},"tablet":{"background-color":"var(--ast-global-color-5)","background-image":"","background-repeat":"repeat","background-position":"center center","background-size":"auto","background-attachment":"scroll","background-type":"","background-media":"","overlay-type":"","overlay-color":"","overlay-opacity":"","overlay-gradient":""},"mobile":{"background-color":"var(--ast-global-color-5)","background-image":"","background-repeat":"repeat","background-position":"center center","background-size":"auto","background-attachment":"scroll","background-type":"","background-media":"","overlay-type":"","overlay-color":"","overlay-opacity":"","overlay-gradient":""}},"footnotes":""},"categories":[65,66,1,418,29],"tags":[],"class_list":["post-8004","post","type-post","status-publish","format-standard","has-post-thumbnail","hentry","category-crp","category-dinamitzacio","category-general","category-lectura-al-carrer","category-portada"],"post_mailing_queue_ids":[],"_links":{"self":[{"href":"https:\/\/serveiseducatius.xtec.cat\/noubarris\/wp-json\/wp\/v2\/posts\/8004","targetHints":{"allow":["GET"]}}],"collection":[{"href":"https:\/\/serveiseducatius.xtec.cat\/noubarris\/wp-json\/wp\/v2\/posts"}],"about":[{"href":"https:\/\/serveiseducatius.xtec.cat\/noubarris\/wp-json\/wp\/v2\/types\/post"}],"author":[{"embeddable":true,"href":"https:\/\/serveiseducatius.xtec.cat\/noubarris\/wp-json\/wp\/v2\/users\/1"}],"replies":[{"embeddable":true,"href":"https:\/\/serveiseducatius.xtec.cat\/noubarris\/wp-json\/wp\/v2\/comments?post=8004"}],"version-history":[{"count":4,"href":"https:\/\/serveiseducatius.xtec.cat\/noubarris\/wp-json\/wp\/v2\/posts\/8004\/revisions"}],"predecessor-version":[{"id":8068,"href":"https:\/\/serveiseducatius.xtec.cat\/noubarris\/wp-json\/wp\/v2\/posts\/8004\/revisions\/8068"}],"wp:featuredmedia":[{"embeddable":true,"href":"https:\/\/serveiseducatius.xtec.cat\/noubarris\/wp-json\/wp\/v2\/media\/8066"}],"wp:attachment":[{"href":"https:\/\/serveiseducatius.xtec.cat\/noubarris\/wp-json\/wp\/v2\/media?parent=8004"}],"wp:term":[{"taxonomy":"category","embeddable":true,"href":"https:\/\/serveiseducatius.xtec.cat\/noubarris\/wp-json\/wp\/v2\/categories?post=8004"},{"taxonomy":"post_tag","embeddable":true,"href":"https:\/\/serveiseducatius.xtec.cat\/noubarris\/wp-json\/wp\/v2\/tags?post=8004"}],"curies":[{"name":"wp","href":"https:\/\/api.w.org\/{rel}","templated":true}]}}