{"id":6599,"date":"2023-03-28T12:45:35","date_gmt":"2023-03-28T10:45:35","guid":{"rendered":"https:\/\/serveiseducatius.xtec.cat\/noubarris\/?p=6599"},"modified":"2023-09-05T08:36:57","modified_gmt":"2023-09-05T06:36:57","slug":"sessio-sobre-poesia-al-servei-educatiu-de-nou-barris-apropar-versos-i-conversar-sobre-poesia-amb-dani-espresate","status":"publish","type":"post","link":"https:\/\/serveiseducatius.xtec.cat\/noubarris\/crp\/sessio-sobre-poesia-al-servei-educatiu-de-nou-barris-apropar-versos-i-conversar-sobre-poesia-amb-dani-espresate\/","title":{"rendered":"Sessi\u00f3 sobre poesia al Servei educatiu de Nou Barris: &#8220;Apropar versos i conVERSar sobre poesia&#8221; amb Dani Espresate."},"content":{"rendered":"<p>El passat dimarts 21 de mar\u00e7, coincidint amb el dia mundial de la Poesia, vam celebrar al Servei Educatiu de Nou Barris una jornada molt especial. Vam comptar amb la pres\u00e8ncia del Dani Espresate, mestre i poeta de la nostra zona, amb qui vam &#8220;<span style=\"font-weight: 400;\">Apropar versos i conVERSar sobre poesia&#8221;.\u00a0 Al llarg de la sessi\u00f3, es va parlar de:\u00a0 \u200b\u200bPer qu\u00e8 \u00e9s important apropar la poesia als infants? En qu\u00e8 ens hem de fixar per saber si \u00e9s un bon llibre de poesia? Quins llibres de poesia hi ha actualment? Poesia a l\u2019aula, com? Quines pautes haig de seguir per llegir correctament un poema en veu alta?\u00a0<\/span><\/p>\n<p style=\"font-family: 'Helvetica Neue', Helvetica, Helvetica, Arial, sans-serif; font-size: 16px;\"><img loading=\"lazy\" decoding=\"async\" class=\"wp-image-6600 alignleft\" src=\"https:\/\/serveiseducatius.xtec.cat\/noubarris\/wp-content\/uploads\/usu786\/2023\/03\/Screenshot_2023-03-22-08-02-43-612_com.google.android.apps_.photos-2-755x1024.png\" alt=\"\" width=\"237\" height=\"321\" srcset=\"https:\/\/serveiseducatius.xtec.cat\/noubarris\/wp-content\/uploads\/usu786\/2023\/03\/Screenshot_2023-03-22-08-02-43-612_com.google.android.apps_.photos-2-755x1024.png 755w, https:\/\/serveiseducatius.xtec.cat\/noubarris\/wp-content\/uploads\/usu786\/2023\/03\/Screenshot_2023-03-22-08-02-43-612_com.google.android.apps_.photos-2-221x300.png 221w, https:\/\/serveiseducatius.xtec.cat\/noubarris\/wp-content\/uploads\/usu786\/2023\/03\/Screenshot_2023-03-22-08-02-43-612_com.google.android.apps_.photos-2-768x1042.png 768w, https:\/\/serveiseducatius.xtec.cat\/noubarris\/wp-content\/uploads\/usu786\/2023\/03\/Screenshot_2023-03-22-08-02-43-612_com.google.android.apps_.photos-2.png 1045w\" sizes=\"auto, (max-width: 237px) 100vw, 237px\" \/><\/p>\n<p>&nbsp;<\/p>\n<p><span style=\"font-family: inherit; font-size: 1em;\">I vam finalitzar la sessi\u00f3, com no podia ser d&#8217;una altra manera, llegint poesia en veu alta.<\/span><\/p>\n<p><span style=\"font-weight: 400;\">Un dels objectius de la sessi\u00f3 era &#8220;Oferir eines als docents perqu\u00e8 puguin\u00a0 valorar de forma cr\u00edtica un text po\u00e8tic adequat als seus destinataris&#8221;, en aquest sentit \u00e9s b\u00e0sic el rol del docent com a mediador, entre el poema i els lectors i com amb el coneixement del context, de l&#8217;obra de l&#8217;autor\/a\u00a0 ens dona les claus per a poder entendre, interpretar la poesia. Creiem que es van complir en escreix. El Dani Espresate ens va oferir un munt de recursos per a treballar la poesia a l&#8217;aula.<\/span><\/p>\n<p><span style=\"font-weight: 400;\"> Tothom va sortir de la sessi\u00f3 amb ganes de m\u00e9s!!<\/span><\/p>\n<p>Per acabar, us deixem amb una cita de Benjam\u00edn Prado del seu llibre &#8220;Siete maneras de decir manzana&#8221;, de l&#8217;editorial Visor Libros.<\/p>\n<p>&nbsp;<\/p>\n<table style=\"width: 65.046%; border-style: none;\">\n<tbody>\n<tr>\n<td style=\"width: 45.0769%; border-style: none;\">\n<h4>\u201cUn gran poema no es limita a descriure les coses, ni<br \/>\ntampoc a enumerar-les; m\u00e9s aviat les inventa i les<br \/>\nreconstrueix, les treu de l\u2019obscuritat i les transforma (&#8230;)<br \/>\nun poeta efica\u00e7 \u00e9s aquell que ens explica alguna cosa que<br \/>\nno sab\u00edem abans, \u00e9s aquell qui aconsegueix que mai m\u00e9s<br \/>\npuguem mirar-ho com ho f\u00e8iem abans.\u201d<\/h4>\n<h4>Benjam\u00edn Prado<\/h4>\n<h4><\/h4>\n<p>&nbsp;<\/p>\n<p>&nbsp;<\/p>\n<p>&nbsp;<\/td>\n<td style=\"width: 17.8179%; border-style: none;\"><img loading=\"lazy\" decoding=\"async\" class=\"wp-image-6601 aligncenter\" src=\"https:\/\/serveiseducatius.xtec.cat\/noubarris\/wp-content\/uploads\/usu786\/2023\/03\/20230321_175114-3-276x1024.jpg\" alt=\"\" width=\"150\" height=\"557\" srcset=\"https:\/\/serveiseducatius.xtec.cat\/noubarris\/wp-content\/uploads\/usu786\/2023\/03\/20230321_175114-3-276x1024.jpg 276w, https:\/\/serveiseducatius.xtec.cat\/noubarris\/wp-content\/uploads\/usu786\/2023\/03\/20230321_175114-3-81x300.jpg 81w, https:\/\/serveiseducatius.xtec.cat\/noubarris\/wp-content\/uploads\/usu786\/2023\/03\/20230321_175114-3-768x2847.jpg 768w, https:\/\/serveiseducatius.xtec.cat\/noubarris\/wp-content\/uploads\/usu786\/2023\/03\/20230321_175114-3-414x1536.jpg 414w, https:\/\/serveiseducatius.xtec.cat\/noubarris\/wp-content\/uploads\/usu786\/2023\/03\/20230321_175114-3-552x2048.jpg 552w, https:\/\/serveiseducatius.xtec.cat\/noubarris\/wp-content\/uploads\/usu786\/2023\/03\/20230321_175114-3-scaled.jpg 691w\" sizes=\"auto, (max-width: 150px) 100vw, 150px\" \/><\/td>\n<\/tr>\n<\/tbody>\n<\/table>\n<p>&nbsp;<\/p>\n<p>&nbsp;<\/p>\n<p><img loading=\"lazy\" decoding=\"async\" class=\"aligncenter wp-image-6575\" src=\"https:\/\/serveiseducatius.xtec.cat\/noubarris\/wp-content\/uploads\/usu786\/2023\/03\/imatge.jpeg\" alt=\"\" width=\"322\" height=\"182\" srcset=\"https:\/\/serveiseducatius.xtec.cat\/noubarris\/wp-content\/uploads\/usu786\/2023\/03\/imatge.jpeg 654w, https:\/\/serveiseducatius.xtec.cat\/noubarris\/wp-content\/uploads\/usu786\/2023\/03\/imatge-300x170.jpeg 300w\" sizes=\"auto, (max-width: 322px) 100vw, 322px\" \/><\/p>\n","protected":false},"excerpt":{"rendered":"<p>El passat dimarts 21 de mar\u00e7, coincidint amb el dia mundial de la Poesia, vam celebrar al Servei Educatiu de Nou Barris una jornada molt especial. Vam comptar amb la pres\u00e8ncia del Dani Espresate, mestre i poeta de la nostra zona, amb qui vam &#8220;Apropar versos i conVERSar sobre poesia&#8221;.\u00a0 Al llarg de la sessi\u00f3, [&hellip;]<\/p>\n","protected":false},"author":1,"featured_media":6603,"comment_status":"closed","ping_status":"closed","sticky":true,"template":"","format":"standard","meta":{"_bbp_topic_count":0,"_bbp_reply_count":0,"_bbp_total_topic_count":0,"_bbp_total_reply_count":0,"_bbp_voice_count":0,"_bbp_anonymous_reply_count":0,"_bbp_topic_count_hidden":0,"_bbp_reply_count_hidden":0,"_bbp_forum_subforum_count":0,"site-sidebar-layout":"default","site-content-layout":"","ast-site-content-layout":"","site-content-style":"default","site-sidebar-style":"default","ast-global-header-display":"","ast-banner-title-visibility":"","ast-main-header-display":"","ast-hfb-above-header-display":"","ast-hfb-below-header-display":"","ast-hfb-mobile-header-display":"","site-post-title":"","ast-breadcrumbs-content":"","ast-featured-img":"","footer-sml-layout":"","theme-transparent-header-meta":"","adv-header-id-meta":"","stick-header-meta":"","header-above-stick-meta":"","header-main-stick-meta":"","header-below-stick-meta":"","astra-migrate-meta-layouts":"default","ast-page-background-enabled":"default","ast-page-background-meta":{"desktop":{"background-color":"var(--ast-global-color-4)","background-image":"","background-repeat":"repeat","background-position":"center center","background-size":"auto","background-attachment":"scroll","background-type":"","background-media":"","overlay-type":"","overlay-color":"","overlay-opacity":"","overlay-gradient":""},"tablet":{"background-color":"","background-image":"","background-repeat":"repeat","background-position":"center center","background-size":"auto","background-attachment":"scroll","background-type":"","background-media":"","overlay-type":"","overlay-color":"","overlay-opacity":"","overlay-gradient":""},"mobile":{"background-color":"","background-image":"","background-repeat":"repeat","background-position":"center center","background-size":"auto","background-attachment":"scroll","background-type":"","background-media":"","overlay-type":"","overlay-color":"","overlay-opacity":"","overlay-gradient":""}},"ast-content-background-meta":{"desktop":{"background-color":"var(--ast-global-color-5)","background-image":"","background-repeat":"repeat","background-position":"center center","background-size":"auto","background-attachment":"scroll","background-type":"","background-media":"","overlay-type":"","overlay-color":"","overlay-opacity":"","overlay-gradient":""},"tablet":{"background-color":"var(--ast-global-color-5)","background-image":"","background-repeat":"repeat","background-position":"center center","background-size":"auto","background-attachment":"scroll","background-type":"","background-media":"","overlay-type":"","overlay-color":"","overlay-opacity":"","overlay-gradient":""},"mobile":{"background-color":"var(--ast-global-color-5)","background-image":"","background-repeat":"repeat","background-position":"center center","background-size":"auto","background-attachment":"scroll","background-type":"","background-media":"","overlay-type":"","overlay-color":"","overlay-opacity":"","overlay-gradient":""}},"footnotes":""},"categories":[81,65],"tags":[],"class_list":["post-6599","post","type-post","status-publish","format-standard","has-post-thumbnail","hentry","category-biblioteca-escolar","category-crp"],"post_mailing_queue_ids":[],"_links":{"self":[{"href":"https:\/\/serveiseducatius.xtec.cat\/noubarris\/wp-json\/wp\/v2\/posts\/6599","targetHints":{"allow":["GET"]}}],"collection":[{"href":"https:\/\/serveiseducatius.xtec.cat\/noubarris\/wp-json\/wp\/v2\/posts"}],"about":[{"href":"https:\/\/serveiseducatius.xtec.cat\/noubarris\/wp-json\/wp\/v2\/types\/post"}],"author":[{"embeddable":true,"href":"https:\/\/serveiseducatius.xtec.cat\/noubarris\/wp-json\/wp\/v2\/users\/1"}],"replies":[{"embeddable":true,"href":"https:\/\/serveiseducatius.xtec.cat\/noubarris\/wp-json\/wp\/v2\/comments?post=6599"}],"version-history":[{"count":3,"href":"https:\/\/serveiseducatius.xtec.cat\/noubarris\/wp-json\/wp\/v2\/posts\/6599\/revisions"}],"predecessor-version":[{"id":6611,"href":"https:\/\/serveiseducatius.xtec.cat\/noubarris\/wp-json\/wp\/v2\/posts\/6599\/revisions\/6611"}],"wp:featuredmedia":[{"embeddable":true,"href":"https:\/\/serveiseducatius.xtec.cat\/noubarris\/wp-json\/wp\/v2\/media\/6603"}],"wp:attachment":[{"href":"https:\/\/serveiseducatius.xtec.cat\/noubarris\/wp-json\/wp\/v2\/media?parent=6599"}],"wp:term":[{"taxonomy":"category","embeddable":true,"href":"https:\/\/serveiseducatius.xtec.cat\/noubarris\/wp-json\/wp\/v2\/categories?post=6599"},{"taxonomy":"post_tag","embeddable":true,"href":"https:\/\/serveiseducatius.xtec.cat\/noubarris\/wp-json\/wp\/v2\/tags?post=6599"}],"curies":[{"name":"wp","href":"https:\/\/api.w.org\/{rel}","templated":true}]}}