{"id":6361,"date":"2022-12-13T08:44:01","date_gmt":"2022-12-13T07:44:01","guid":{"rendered":"https:\/\/serveiseducatius.xtec.cat\/noubarris\/?p=6361"},"modified":"2023-09-05T08:40:42","modified_gmt":"2023-09-05T06:40:42","slug":"vine-a-ballar-amb-nosaltres-3","status":"publish","type":"post","link":"https:\/\/serveiseducatius.xtec.cat\/noubarris\/general\/vine-a-ballar-amb-nosaltres-3\/","title":{"rendered":"Vine a ballar amb nosaltres!"},"content":{"rendered":"<p>El passat divendres 2 de desembre, a<span style=\"font-weight: 400;\">mb motiu de la Commemoraci\u00f3 del Dia Internacional de les Persones amb diversitat funcional, el consell sectorial de persones amb discapacitat de Nou Barris, juntament amb l&#8217;Institut Municipal de Persones amb Discapacitat i el CRP, vam organitzar l&#8217;activitat <em>Vine a ballar amb nosaltres<\/em>. <\/span><\/p>\n<p><span style=\"font-weight: 400;\">L&#8217;objectiu d&#8217;aquest activitat \u00e9s sensibilitzar i afavorir conductes i actituds inclusives vers les persones amb diversitat funcional, tot fent una ballada conjunt<\/span><span style=\"font-weight: 400;\">a al pati de la seu del Districte de Nou Barris.<\/span> <span style=\"font-weight: 400;\">La coreografia i la m\u00fasica, aquest any han <\/span><span style=\"font-weight: 400;\">anat a c\u00e0rrec de les entitats <a href=\"https:\/\/asproseat.org\/\">Centre Ocupacional Can Carreras<\/a>, <a href=\"https:\/\/www.teb.org\/contacte\/teb-verdum\/\">TEB Verdum<\/a> del Districte de Nou Barris i el <a href=\"http:\/\/www.ceejoseppla.cat\/ca\/inici\">CEE Josep Pla<\/a> va ser l\u2019encarregat de la interpretaci\u00f3 en llengua de signes. Enguany la can\u00e7\u00f3 escollida ha estat &#8220;<em>Mira on som<\/em>&#8221; del grup Sense sal.\u00a0<\/span><\/p>\n<p>Aqu\u00ed teniu un petit resum de l&#8217;experi\u00e8ncia viscuda:<\/p>\n<p><img loading=\"lazy\" decoding=\"async\" class=\"wp-image-6364 alignright\" src=\"https:\/\/serveiseducatius.xtec.cat\/noubarris\/wp-content\/uploads\/usu786\/2022\/12\/Marinada-300x212.jpg\" alt=\"\" width=\"447\" height=\"316\" srcset=\"https:\/\/serveiseducatius.xtec.cat\/noubarris\/wp-content\/uploads\/usu786\/2022\/12\/Marinada-300x212.jpg 300w, https:\/\/serveiseducatius.xtec.cat\/noubarris\/wp-content\/uploads\/usu786\/2022\/12\/Marinada-1024x724.jpg 1024w, https:\/\/serveiseducatius.xtec.cat\/noubarris\/wp-content\/uploads\/usu786\/2022\/12\/Marinada-768x543.jpg 768w, https:\/\/serveiseducatius.xtec.cat\/noubarris\/wp-content\/uploads\/usu786\/2022\/12\/Marinada-1536x1086.jpg 1536w, https:\/\/serveiseducatius.xtec.cat\/noubarris\/wp-content\/uploads\/usu786\/2022\/12\/Marinada-2048x1448.jpg 2048w\" sizes=\"auto, (max-width: 447px) 100vw, 447px\" \/><\/p>\n<p><iframe loading=\"lazy\" src=\"\/\/www.youtube.com\/embed\/uz0RdPFhkxA\" width=\"560\" height=\"314\" allowfullscreen=\"allowfullscreen\"><\/iframe><\/p>\n","protected":false},"excerpt":{"rendered":"<p>El passat divendres 2 de desembre, amb motiu de la Commemoraci\u00f3 del Dia Internacional de les Persones amb diversitat funcional, el consell sectorial de persones amb discapacitat de Nou Barris, juntament amb l&#8217;Institut Municipal de Persones amb Discapacitat i el CRP, vam organitzar l&#8217;activitat Vine a ballar amb nosaltres. L&#8217;objectiu d&#8217;aquest activitat \u00e9s sensibilitzar i [&hellip;]<\/p>\n","protected":false},"author":1,"featured_media":6364,"comment_status":"closed","ping_status":"closed","sticky":false,"template":"","format":"standard","meta":{"_bbp_topic_count":0,"_bbp_reply_count":0,"_bbp_total_topic_count":0,"_bbp_total_reply_count":0,"_bbp_voice_count":0,"_bbp_anonymous_reply_count":0,"_bbp_topic_count_hidden":0,"_bbp_reply_count_hidden":0,"_bbp_forum_subforum_count":0,"site-sidebar-layout":"default","site-content-layout":"","ast-site-content-layout":"","site-content-style":"default","site-sidebar-style":"default","ast-global-header-display":"","ast-banner-title-visibility":"","ast-main-header-display":"","ast-hfb-above-header-display":"","ast-hfb-below-header-display":"","ast-hfb-mobile-header-display":"","site-post-title":"","ast-breadcrumbs-content":"","ast-featured-img":"","footer-sml-layout":"","theme-transparent-header-meta":"","adv-header-id-meta":"","stick-header-meta":"","header-above-stick-meta":"","header-main-stick-meta":"","header-below-stick-meta":"","astra-migrate-meta-layouts":"default","ast-page-background-enabled":"default","ast-page-background-meta":{"desktop":{"background-color":"var(--ast-global-color-4)","background-image":"","background-repeat":"repeat","background-position":"center center","background-size":"auto","background-attachment":"scroll","background-type":"","background-media":"","overlay-type":"","overlay-color":"","overlay-opacity":"","overlay-gradient":""},"tablet":{"background-color":"","background-image":"","background-repeat":"repeat","background-position":"center center","background-size":"auto","background-attachment":"scroll","background-type":"","background-media":"","overlay-type":"","overlay-color":"","overlay-opacity":"","overlay-gradient":""},"mobile":{"background-color":"","background-image":"","background-repeat":"repeat","background-position":"center center","background-size":"auto","background-attachment":"scroll","background-type":"","background-media":"","overlay-type":"","overlay-color":"","overlay-opacity":"","overlay-gradient":""}},"ast-content-background-meta":{"desktop":{"background-color":"var(--ast-global-color-5)","background-image":"","background-repeat":"repeat","background-position":"center center","background-size":"auto","background-attachment":"scroll","background-type":"","background-media":"","overlay-type":"","overlay-color":"","overlay-opacity":"","overlay-gradient":""},"tablet":{"background-color":"var(--ast-global-color-5)","background-image":"","background-repeat":"repeat","background-position":"center center","background-size":"auto","background-attachment":"scroll","background-type":"","background-media":"","overlay-type":"","overlay-color":"","overlay-opacity":"","overlay-gradient":""},"mobile":{"background-color":"var(--ast-global-color-5)","background-image":"","background-repeat":"repeat","background-position":"center center","background-size":"auto","background-attachment":"scroll","background-type":"","background-media":"","overlay-type":"","overlay-color":"","overlay-opacity":"","overlay-gradient":""}},"footnotes":""},"categories":[1],"tags":[409],"class_list":["post-6361","post","type-post","status-publish","format-standard","has-post-thumbnail","hentry","category-general","tag-vine-a-ballar-amb-nosaltres"],"post_mailing_queue_ids":[],"_links":{"self":[{"href":"https:\/\/serveiseducatius.xtec.cat\/noubarris\/wp-json\/wp\/v2\/posts\/6361","targetHints":{"allow":["GET"]}}],"collection":[{"href":"https:\/\/serveiseducatius.xtec.cat\/noubarris\/wp-json\/wp\/v2\/posts"}],"about":[{"href":"https:\/\/serveiseducatius.xtec.cat\/noubarris\/wp-json\/wp\/v2\/types\/post"}],"author":[{"embeddable":true,"href":"https:\/\/serveiseducatius.xtec.cat\/noubarris\/wp-json\/wp\/v2\/users\/1"}],"replies":[{"embeddable":true,"href":"https:\/\/serveiseducatius.xtec.cat\/noubarris\/wp-json\/wp\/v2\/comments?post=6361"}],"version-history":[{"count":3,"href":"https:\/\/serveiseducatius.xtec.cat\/noubarris\/wp-json\/wp\/v2\/posts\/6361\/revisions"}],"predecessor-version":[{"id":6369,"href":"https:\/\/serveiseducatius.xtec.cat\/noubarris\/wp-json\/wp\/v2\/posts\/6361\/revisions\/6369"}],"wp:featuredmedia":[{"embeddable":true,"href":"https:\/\/serveiseducatius.xtec.cat\/noubarris\/wp-json\/wp\/v2\/media\/6364"}],"wp:attachment":[{"href":"https:\/\/serveiseducatius.xtec.cat\/noubarris\/wp-json\/wp\/v2\/media?parent=6361"}],"wp:term":[{"taxonomy":"category","embeddable":true,"href":"https:\/\/serveiseducatius.xtec.cat\/noubarris\/wp-json\/wp\/v2\/categories?post=6361"},{"taxonomy":"post_tag","embeddable":true,"href":"https:\/\/serveiseducatius.xtec.cat\/noubarris\/wp-json\/wp\/v2\/tags?post=6361"}],"curies":[{"name":"wp","href":"https:\/\/api.w.org\/{rel}","templated":true}]}}