{"id":6236,"date":"2022-09-21T14:22:05","date_gmt":"2022-09-21T12:22:05","guid":{"rendered":"https:\/\/serveiseducatius.xtec.cat\/noubarris\/?p=6236"},"modified":"2022-09-21T14:22:05","modified_gmt":"2022-09-21T12:22:05","slug":"lescola-victor-catala-apadrina-la-casa-de-laigua-de-trinitat-nova","status":"publish","type":"post","link":"https:\/\/serveiseducatius.xtec.cat\/noubarris\/dinamitzacio\/apadriem-el-nostre-patrimoni\/lescola-victor-catala-apadrina-la-casa-de-laigua-de-trinitat-nova\/","title":{"rendered":"L&#8217;escola V\u00edctor Catal\u00e0 apadrina la Casa de l&#8217;Aigua de Trinitat Nova"},"content":{"rendered":"<p>Al llarg del curs 2021-2022 l&#8217;escola V\u00edctor Catal\u00e0 i la Casa de l&#8217;aigua de Trinitat Nova van dur un projecte conjunt al voltant de l&#8217;aigu<\/p>\n<p>Aqu\u00ed podeu trobar un parell d&#8217;articles explicatius:<\/p>\n<blockquote class=\"wp-embedded-content\" data-secret=\"b95SDTvA7D\"><p><a href=\"https:\/\/agora.xtec.cat\/ceipvictorcatala\/infantil\/cloenda-del-projecte-apadrinem-la-casa-de-laigua\/\">Cloenda del projecte &#8220;Apadrinem la Casa de l&#8217;Aigua&#8221;<\/a><\/p><\/blockquote>\n<p><iframe loading=\"lazy\" class=\"wp-embedded-content\" sandbox=\"allow-scripts\" security=\"restricted\" style=\"position: absolute; clip: rect(1px, 1px, 1px, 1px);\" title=\"&#8220;Cloenda del projecte &#8220;Apadrinem la Casa de l&#8217;Aigua&#8221;&#8221; &#8212; Escola V\u00edctor Catal\u00e0\" src=\"https:\/\/agora.xtec.cat\/ceipvictorcatala\/infantil\/cloenda-del-projecte-apadrinem-la-casa-de-laigua\/embed\/#?secret=iwoIaPxlB7#?secret=b95SDTvA7D\" data-secret=\"b95SDTvA7D\" width=\"500\" height=\"282\" frameborder=\"0\" marginwidth=\"0\" marginheight=\"0\" scrolling=\"no\"><\/iframe><\/p>\n<blockquote class=\"wp-embedded-content\" data-secret=\"43WpEPjqqx\"><p><a href=\"https:\/\/agora.xtec.cat\/ceipvictorcatala\/general\/apadrinem-la-casa-de-laigua\/\">Apadrinem la Casa de l&#8217;Aigua<\/a><\/p><\/blockquote>\n<p><iframe loading=\"lazy\" class=\"wp-embedded-content\" sandbox=\"allow-scripts\" security=\"restricted\" style=\"position: absolute; clip: rect(1px, 1px, 1px, 1px);\" title=\"&#8220;Apadrinem la Casa de l&#8217;Aigua&#8221; &#8212; Escola V\u00edctor Catal\u00e0\" src=\"https:\/\/agora.xtec.cat\/ceipvictorcatala\/general\/apadrinem-la-casa-de-laigua\/embed\/#?secret=F8GuFejRov#?secret=43WpEPjqqx\" data-secret=\"43WpEPjqqx\" width=\"500\" height=\"282\" frameborder=\"0\" marginwidth=\"0\" marginheight=\"0\" scrolling=\"no\"><\/iframe><\/p>\n","protected":false},"excerpt":{"rendered":"<p>Al llarg del curs 2021-2022 l&#8217;escola V\u00edctor Catal\u00e0 i la Casa de l&#8217;aigua de Trinitat Nova van dur un projecte conjunt al voltant de l&#8217;aigu Aqu\u00ed podeu trobar un parell d&#8217;articles explicatius: Cloenda del projecte &#8220;Apadrinem la Casa de l&#8217;Aigua&#8221; Apadrinem la Casa de l&#8217;Aigua<\/p>\n","protected":false},"author":1,"featured_media":0,"comment_status":"open","ping_status":"closed","sticky":false,"template":"","format":"standard","meta":{"_bbp_topic_count":0,"_bbp_reply_count":0,"_bbp_total_topic_count":0,"_bbp_total_reply_count":0,"_bbp_voice_count":0,"_bbp_anonymous_reply_count":0,"_bbp_topic_count_hidden":0,"_bbp_reply_count_hidden":0,"_bbp_forum_subforum_count":0,"site-sidebar-layout":"default","site-content-layout":"","ast-site-content-layout":"","site-content-style":"default","site-sidebar-style":"default","ast-global-header-display":"","ast-banner-title-visibility":"","ast-main-header-display":"","ast-hfb-above-header-display":"","ast-hfb-below-header-display":"","ast-hfb-mobile-header-display":"","site-post-title":"","ast-breadcrumbs-content":"","ast-featured-img":"","footer-sml-layout":"","theme-transparent-header-meta":"","adv-header-id-meta":"","stick-header-meta":"","header-above-stick-meta":"","header-main-stick-meta":"","header-below-stick-meta":"","astra-migrate-meta-layouts":"default","ast-page-background-enabled":"default","ast-page-background-meta":{"desktop":{"background-color":"var(--ast-global-color-4)","background-image":"","background-repeat":"repeat","background-position":"center center","background-size":"auto","background-attachment":"scroll","background-type":"","background-media":"","overlay-type":"","overlay-color":"","overlay-opacity":"","overlay-gradient":""},"tablet":{"background-color":"","background-image":"","background-repeat":"repeat","background-position":"center center","background-size":"auto","background-attachment":"scroll","background-type":"","background-media":"","overlay-type":"","overlay-color":"","overlay-opacity":"","overlay-gradient":""},"mobile":{"background-color":"","background-image":"","background-repeat":"repeat","background-position":"center center","background-size":"auto","background-attachment":"scroll","background-type":"","background-media":"","overlay-type":"","overlay-color":"","overlay-opacity":"","overlay-gradient":""}},"ast-content-background-meta":{"desktop":{"background-color":"var(--ast-global-color-5)","background-image":"","background-repeat":"repeat","background-position":"center center","background-size":"auto","background-attachment":"scroll","background-type":"","background-media":"","overlay-type":"","overlay-color":"","overlay-opacity":"","overlay-gradient":""},"tablet":{"background-color":"var(--ast-global-color-5)","background-image":"","background-repeat":"repeat","background-position":"center center","background-size":"auto","background-attachment":"scroll","background-type":"","background-media":"","overlay-type":"","overlay-color":"","overlay-opacity":"","overlay-gradient":""},"mobile":{"background-color":"var(--ast-global-color-5)","background-image":"","background-repeat":"repeat","background-position":"center center","background-size":"auto","background-attachment":"scroll","background-type":"","background-media":"","overlay-type":"","overlay-color":"","overlay-opacity":"","overlay-gradient":""}},"footnotes":""},"categories":[207,79],"tags":[],"class_list":["post-6236","post","type-post","status-publish","format-standard","hentry","category-activitats-de-centres","category-apadriem-el-nostre-patrimoni"],"post_mailing_queue_ids":[],"_links":{"self":[{"href":"https:\/\/serveiseducatius.xtec.cat\/noubarris\/wp-json\/wp\/v2\/posts\/6236","targetHints":{"allow":["GET"]}}],"collection":[{"href":"https:\/\/serveiseducatius.xtec.cat\/noubarris\/wp-json\/wp\/v2\/posts"}],"about":[{"href":"https:\/\/serveiseducatius.xtec.cat\/noubarris\/wp-json\/wp\/v2\/types\/post"}],"author":[{"embeddable":true,"href":"https:\/\/serveiseducatius.xtec.cat\/noubarris\/wp-json\/wp\/v2\/users\/1"}],"replies":[{"embeddable":true,"href":"https:\/\/serveiseducatius.xtec.cat\/noubarris\/wp-json\/wp\/v2\/comments?post=6236"}],"version-history":[{"count":1,"href":"https:\/\/serveiseducatius.xtec.cat\/noubarris\/wp-json\/wp\/v2\/posts\/6236\/revisions"}],"predecessor-version":[{"id":6237,"href":"https:\/\/serveiseducatius.xtec.cat\/noubarris\/wp-json\/wp\/v2\/posts\/6236\/revisions\/6237"}],"wp:attachment":[{"href":"https:\/\/serveiseducatius.xtec.cat\/noubarris\/wp-json\/wp\/v2\/media?parent=6236"}],"wp:term":[{"taxonomy":"category","embeddable":true,"href":"https:\/\/serveiseducatius.xtec.cat\/noubarris\/wp-json\/wp\/v2\/categories?post=6236"},{"taxonomy":"post_tag","embeddable":true,"href":"https:\/\/serveiseducatius.xtec.cat\/noubarris\/wp-json\/wp\/v2\/tags?post=6236"}],"curies":[{"name":"wp","href":"https:\/\/api.w.org\/{rel}","templated":true}]}}