{"id":6036,"date":"2022-04-20T12:59:12","date_gmt":"2022-04-20T10:59:12","guid":{"rendered":"https:\/\/serveiseducatius.xtec.cat\/noubarris\/?p=6036"},"modified":"2023-03-06T12:23:46","modified_gmt":"2023-03-06T11:23:46","slug":"perdem-li-la-por-a-loralitat-laplicacio-dactivitats-orals-per-fomentar-lexpressivitat-a-laula-a-carrec-dio-valls-rates","status":"publish","type":"post","link":"https:\/\/serveiseducatius.xtec.cat\/noubarris\/general\/perdem-li-la-por-a-loralitat-laplicacio-dactivitats-orals-per-fomentar-lexpressivitat-a-laula-a-carrec-dio-valls-rates\/","title":{"rendered":"&#8220;Perdem-li la por a l&#8217;oralitat! L&#8217;aplicaci\u00f3 d&#8217;activitats orals per fomentar l&#8217;expressivitat a l&#8217;aula&#8221; a c\u00e0rrec d&#8217;\u00cfo Valls Rat\u00e9s"},"content":{"rendered":"<p><a href=\"https:\/\/www.youtube.com\/watch?v=d3AZ-V1JTAs\"><img loading=\"lazy\" decoding=\"async\" class=\"wp-image-6048 alignleft\" src=\"https:\/\/serveiseducatius.xtec.cat\/noubarris\/wp-content\/uploads\/usu786\/2022\/04\/Io-Valls-1_page-0001-1.jpg\" alt=\"\" width=\"414\" height=\"249\" srcset=\"https:\/\/serveiseducatius.xtec.cat\/noubarris\/wp-content\/uploads\/usu786\/2022\/04\/Io-Valls-1_page-0001-1.jpg 955w, https:\/\/serveiseducatius.xtec.cat\/noubarris\/wp-content\/uploads\/usu786\/2022\/04\/Io-Valls-1_page-0001-1-300x180.jpg 300w, https:\/\/serveiseducatius.xtec.cat\/noubarris\/wp-content\/uploads\/usu786\/2022\/04\/Io-Valls-1_page-0001-1-768x462.jpg 768w\" sizes=\"auto, (max-width: 414px) 100vw, 414px\" \/><\/a><\/p>\n<p>Ahir, 19 d&#8217;abril, va tenir lloc la confer\u00e8ncia \u00a0<b>&#8220;<span class=\"il\">Perdem<\/span>-li la por a l&#8217;oralitat!\u00a0L&#8217;aplicaci\u00f3 d&#8217;activitats orals per fomentar l&#8217;expressivitat a l&#8217;aula&#8221;\u00a0<\/b>a c\u00e0rrec d&#8217;<b>\u00cf<\/b><b>o Valls Rat\u00e9s<\/b>,<b>\u00a0<\/b>que s&#8217;emmarca dins de les actuacions del programa\u00a0<i>Tenim la paraula<\/i>\u00a0a Nou Barris.<\/p>\n<p>Es van presentar diferents recursos i idees aplicables a l&#8217;aula, posant l&#8217;\u00e8mfasi en la import\u00e0ncia de crear un espai confortable que afavoreixi la participaci\u00f3 i la comunicaci\u00f3 oral, sense perdre de vista tots els elements no verbals com la mirada i la gestualitat.<\/p>\n<p>Aquesta sessi\u00f3 es va enregistrar i <a href=\"https:\/\/www.youtube.com\/watch?v=d3AZ-V1JTAs\">aqu\u00ed teniu l&#8217;enlla\u00e7 al Youtube.\u00a0<\/a><\/p>\n","protected":false},"excerpt":{"rendered":"<p>Ahir, 19 d&#8217;abril, va tenir lloc la confer\u00e8ncia \u00a0&#8220;Perdem-li la por a l&#8217;oralitat!\u00a0L&#8217;aplicaci\u00f3 d&#8217;activitats orals per fomentar l&#8217;expressivitat a l&#8217;aula&#8221;\u00a0a c\u00e0rrec d&#8217;\u00cfo Valls Rat\u00e9s,\u00a0que s&#8217;emmarca dins de les actuacions del programa\u00a0Tenim la paraula\u00a0a Nou Barris. Es van presentar diferents recursos i idees aplicables a l&#8217;aula, posant l&#8217;\u00e8mfasi en la import\u00e0ncia de crear un espai confortable [&hellip;]<\/p>\n","protected":false},"author":18,"featured_media":6048,"comment_status":"closed","ping_status":"closed","sticky":false,"template":"","format":"standard","meta":{"_bbp_topic_count":0,"_bbp_reply_count":0,"_bbp_total_topic_count":0,"_bbp_total_reply_count":0,"_bbp_voice_count":0,"_bbp_anonymous_reply_count":0,"_bbp_topic_count_hidden":0,"_bbp_reply_count_hidden":0,"_bbp_forum_subforum_count":0,"site-sidebar-layout":"default","site-content-layout":"","ast-site-content-layout":"","site-content-style":"default","site-sidebar-style":"default","ast-global-header-display":"","ast-banner-title-visibility":"","ast-main-header-display":"","ast-hfb-above-header-display":"","ast-hfb-below-header-display":"","ast-hfb-mobile-header-display":"","site-post-title":"","ast-breadcrumbs-content":"","ast-featured-img":"","footer-sml-layout":"","theme-transparent-header-meta":"","adv-header-id-meta":"","stick-header-meta":"","header-above-stick-meta":"","header-main-stick-meta":"","header-below-stick-meta":"","astra-migrate-meta-layouts":"default","ast-page-background-enabled":"default","ast-page-background-meta":{"desktop":{"background-color":"var(--ast-global-color-4)","background-image":"","background-repeat":"repeat","background-position":"center center","background-size":"auto","background-attachment":"scroll","background-type":"","background-media":"","overlay-type":"","overlay-color":"","overlay-opacity":"","overlay-gradient":""},"tablet":{"background-color":"","background-image":"","background-repeat":"repeat","background-position":"center center","background-size":"auto","background-attachment":"scroll","background-type":"","background-media":"","overlay-type":"","overlay-color":"","overlay-opacity":"","overlay-gradient":""},"mobile":{"background-color":"","background-image":"","background-repeat":"repeat","background-position":"center center","background-size":"auto","background-attachment":"scroll","background-type":"","background-media":"","overlay-type":"","overlay-color":"","overlay-opacity":"","overlay-gradient":""}},"ast-content-background-meta":{"desktop":{"background-color":"var(--ast-global-color-5)","background-image":"","background-repeat":"repeat","background-position":"center center","background-size":"auto","background-attachment":"scroll","background-type":"","background-media":"","overlay-type":"","overlay-color":"","overlay-opacity":"","overlay-gradient":""},"tablet":{"background-color":"var(--ast-global-color-5)","background-image":"","background-repeat":"repeat","background-position":"center center","background-size":"auto","background-attachment":"scroll","background-type":"","background-media":"","overlay-type":"","overlay-color":"","overlay-opacity":"","overlay-gradient":""},"mobile":{"background-color":"var(--ast-global-color-5)","background-image":"","background-repeat":"repeat","background-position":"center center","background-size":"auto","background-attachment":"scroll","background-type":"","background-media":"","overlay-type":"","overlay-color":"","overlay-opacity":"","overlay-gradient":""}},"footnotes":""},"categories":[68,304,1],"tags":[259,300,255,336,192,195,299],"class_list":["post-6036","post","type-post","status-publish","format-standard","has-post-thumbnail","hentry","category-elic","category-formacio","category-general","tag-centres-educatius","tag-comunicacio-oral","tag-conferencia","tag-elic","tag-formacio","tag-nou-barris","tag-tenim-la-paraula"],"post_mailing_queue_ids":[],"_links":{"self":[{"href":"https:\/\/serveiseducatius.xtec.cat\/noubarris\/wp-json\/wp\/v2\/posts\/6036","targetHints":{"allow":["GET"]}}],"collection":[{"href":"https:\/\/serveiseducatius.xtec.cat\/noubarris\/wp-json\/wp\/v2\/posts"}],"about":[{"href":"https:\/\/serveiseducatius.xtec.cat\/noubarris\/wp-json\/wp\/v2\/types\/post"}],"author":[{"embeddable":true,"href":"https:\/\/serveiseducatius.xtec.cat\/noubarris\/wp-json\/wp\/v2\/users\/18"}],"replies":[{"embeddable":true,"href":"https:\/\/serveiseducatius.xtec.cat\/noubarris\/wp-json\/wp\/v2\/comments?post=6036"}],"version-history":[{"count":4,"href":"https:\/\/serveiseducatius.xtec.cat\/noubarris\/wp-json\/wp\/v2\/posts\/6036\/revisions"}],"predecessor-version":[{"id":6052,"href":"https:\/\/serveiseducatius.xtec.cat\/noubarris\/wp-json\/wp\/v2\/posts\/6036\/revisions\/6052"}],"wp:featuredmedia":[{"embeddable":true,"href":"https:\/\/serveiseducatius.xtec.cat\/noubarris\/wp-json\/wp\/v2\/media\/6048"}],"wp:attachment":[{"href":"https:\/\/serveiseducatius.xtec.cat\/noubarris\/wp-json\/wp\/v2\/media?parent=6036"}],"wp:term":[{"taxonomy":"category","embeddable":true,"href":"https:\/\/serveiseducatius.xtec.cat\/noubarris\/wp-json\/wp\/v2\/categories?post=6036"},{"taxonomy":"post_tag","embeddable":true,"href":"https:\/\/serveiseducatius.xtec.cat\/noubarris\/wp-json\/wp\/v2\/tags?post=6036"}],"curies":[{"name":"wp","href":"https:\/\/api.w.org\/{rel}","templated":true}]}}