{"id":6024,"date":"2022-04-06T12:37:39","date_gmt":"2022-04-06T10:37:39","guid":{"rendered":"https:\/\/serveiseducatius.xtec.cat\/noubarris\/?p=6024"},"modified":"2023-03-01T12:40:10","modified_gmt":"2023-03-01T11:40:10","slug":"conferencia-perdem-li-la-por-a-loralitat-laplicacio-dactivitats-orals-per-fomentar-lexpressivitat-a-laula-a-carrec-dio-valls-rates","status":"publish","type":"post","link":"https:\/\/serveiseducatius.xtec.cat\/noubarris\/general\/conferencia-perdem-li-la-por-a-loralitat-laplicacio-dactivitats-orals-per-fomentar-lexpressivitat-a-laula-a-carrec-dio-valls-rates\/","title":{"rendered":"Confer\u00e8ncia &#8220;Perdem-li la por a l&#8217;oralitat! L&#8217;aplicaci\u00f3 d&#8217;activitats orals per fomentar l&#8217;expressivitat a l&#8217;aula&#8221; a c\u00e0rrec d&#8217;\u00cfo Valls Rat\u00e9s"},"content":{"rendered":"<div class=\"gmail_default\">Us convidem a la confer\u00e8ncia\u00a0<b>&#8220;Perdem-li la por a l&#8217;oralitat!\u00a0L&#8217;aplicaci\u00f3 d&#8217;activitats orals per fomentar l&#8217;expressivitat a l&#8217;aula&#8221;\u00a0<\/b>a c\u00e0rrec d&#8217;<b>\u00cf<\/b><b>o Valls Rat\u00e9s<\/b>,<b>\u00a0<\/b>que s&#8217;emmarca d<span style=\"font-family: verdana, sans-serif;\">ins de les actuacions del programa\u00a0<i>Tenim la paraula<\/i>\u00a0a Nou Barris,\u00a0<\/span>el\u00a0<b>dimarts 19 d&#8217;abril a les 17.30h.<\/b><\/div>\n<div class=\"gmail_default\"><span style=\"font-family: verdana, sans-serif;\">\u00a0<\/span><\/div>\n<div class=\"gmail_default\"><span style=\"font-family: verdana, sans-serif;\">Cal inscripci\u00f3 pr\u00e8via a\u00a0<a href=\"http:\/\/xtec.gencat.cat\/ca\/formacio\/info-general\/cercador-activitats\/\" target=\"_blank\" rel=\"noopener\" data-saferedirecturl=\"https:\/\/www.google.com\/url?q=http:\/\/xtec.gencat.cat\/ca\/formacio\/info-general\/cercador-activitats\/&amp;source=gmail&amp;ust=1649326551577000&amp;usg=AOvVaw2eU01XS_00WxR2BlW8A0Br\">http:\/\/xtec.gencat.cat\/ca\/<wbr \/>formacio\/info-general\/<wbr \/>cercador-activitats\/<\/a>\u00a0amb el codi d&#8217;activitat\u00a0<b>1000240555<\/b>. Un cop inscrits, us enviarem l&#8217;enlla\u00e7 a la videoconfer\u00e8ncia.<\/span><\/div>\n","protected":false},"excerpt":{"rendered":"<p>Us convidem a la confer\u00e8ncia\u00a0&#8220;Perdem-li la por a l&#8217;oralitat!\u00a0L&#8217;aplicaci\u00f3 d&#8217;activitats orals per fomentar l&#8217;expressivitat a l&#8217;aula&#8221;\u00a0a c\u00e0rrec d&#8217;\u00cfo Valls Rat\u00e9s,\u00a0que s&#8217;emmarca dins de les actuacions del programa\u00a0Tenim la paraula\u00a0a Nou Barris,\u00a0el\u00a0dimarts 19 d&#8217;abril a les 17.30h. \u00a0 Cal inscripci\u00f3 pr\u00e8via a\u00a0http:\/\/xtec.gencat.cat\/ca\/formacio\/info-general\/cercador-activitats\/\u00a0amb el codi d&#8217;activitat\u00a01000240555. Un cop inscrits, us enviarem l&#8217;enlla\u00e7 a la videoconfer\u00e8ncia.<\/p>\n","protected":false},"author":18,"featured_media":0,"comment_status":"closed","ping_status":"closed","sticky":false,"template":"","format":"standard","meta":{"_bbp_topic_count":0,"_bbp_reply_count":0,"_bbp_total_topic_count":0,"_bbp_total_reply_count":0,"_bbp_voice_count":0,"_bbp_anonymous_reply_count":0,"_bbp_topic_count_hidden":0,"_bbp_reply_count_hidden":0,"_bbp_forum_subforum_count":0,"site-sidebar-layout":"default","site-content-layout":"","ast-site-content-layout":"","site-content-style":"default","site-sidebar-style":"default","ast-global-header-display":"","ast-banner-title-visibility":"","ast-main-header-display":"","ast-hfb-above-header-display":"","ast-hfb-below-header-display":"","ast-hfb-mobile-header-display":"","site-post-title":"","ast-breadcrumbs-content":"","ast-featured-img":"","footer-sml-layout":"","theme-transparent-header-meta":"","adv-header-id-meta":"","stick-header-meta":"","header-above-stick-meta":"","header-main-stick-meta":"","header-below-stick-meta":"","astra-migrate-meta-layouts":"default","ast-page-background-enabled":"default","ast-page-background-meta":{"desktop":{"background-color":"var(--ast-global-color-4)","background-image":"","background-repeat":"repeat","background-position":"center center","background-size":"auto","background-attachment":"scroll","background-type":"","background-media":"","overlay-type":"","overlay-color":"","overlay-opacity":"","overlay-gradient":""},"tablet":{"background-color":"","background-image":"","background-repeat":"repeat","background-position":"center center","background-size":"auto","background-attachment":"scroll","background-type":"","background-media":"","overlay-type":"","overlay-color":"","overlay-opacity":"","overlay-gradient":""},"mobile":{"background-color":"","background-image":"","background-repeat":"repeat","background-position":"center center","background-size":"auto","background-attachment":"scroll","background-type":"","background-media":"","overlay-type":"","overlay-color":"","overlay-opacity":"","overlay-gradient":""}},"ast-content-background-meta":{"desktop":{"background-color":"var(--ast-global-color-5)","background-image":"","background-repeat":"repeat","background-position":"center center","background-size":"auto","background-attachment":"scroll","background-type":"","background-media":"","overlay-type":"","overlay-color":"","overlay-opacity":"","overlay-gradient":""},"tablet":{"background-color":"var(--ast-global-color-5)","background-image":"","background-repeat":"repeat","background-position":"center center","background-size":"auto","background-attachment":"scroll","background-type":"","background-media":"","overlay-type":"","overlay-color":"","overlay-opacity":"","overlay-gradient":""},"mobile":{"background-color":"var(--ast-global-color-5)","background-image":"","background-repeat":"repeat","background-position":"center center","background-size":"auto","background-attachment":"scroll","background-type":"","background-media":"","overlay-type":"","overlay-color":"","overlay-opacity":"","overlay-gradient":""}},"footnotes":""},"categories":[68,1],"tags":[259,300,255,336,195,299],"class_list":["post-6024","post","type-post","status-publish","format-standard","hentry","category-elic","category-general","tag-centres-educatius","tag-comunicacio-oral","tag-conferencia","tag-elic","tag-nou-barris","tag-tenim-la-paraula"],"post_mailing_queue_ids":[],"_links":{"self":[{"href":"https:\/\/serveiseducatius.xtec.cat\/noubarris\/wp-json\/wp\/v2\/posts\/6024","targetHints":{"allow":["GET"]}}],"collection":[{"href":"https:\/\/serveiseducatius.xtec.cat\/noubarris\/wp-json\/wp\/v2\/posts"}],"about":[{"href":"https:\/\/serveiseducatius.xtec.cat\/noubarris\/wp-json\/wp\/v2\/types\/post"}],"author":[{"embeddable":true,"href":"https:\/\/serveiseducatius.xtec.cat\/noubarris\/wp-json\/wp\/v2\/users\/18"}],"replies":[{"embeddable":true,"href":"https:\/\/serveiseducatius.xtec.cat\/noubarris\/wp-json\/wp\/v2\/comments?post=6024"}],"version-history":[{"count":2,"href":"https:\/\/serveiseducatius.xtec.cat\/noubarris\/wp-json\/wp\/v2\/posts\/6024\/revisions"}],"predecessor-version":[{"id":6026,"href":"https:\/\/serveiseducatius.xtec.cat\/noubarris\/wp-json\/wp\/v2\/posts\/6024\/revisions\/6026"}],"wp:attachment":[{"href":"https:\/\/serveiseducatius.xtec.cat\/noubarris\/wp-json\/wp\/v2\/media?parent=6024"}],"wp:term":[{"taxonomy":"category","embeddable":true,"href":"https:\/\/serveiseducatius.xtec.cat\/noubarris\/wp-json\/wp\/v2\/categories?post=6024"},{"taxonomy":"post_tag","embeddable":true,"href":"https:\/\/serveiseducatius.xtec.cat\/noubarris\/wp-json\/wp\/v2\/tags?post=6024"}],"curies":[{"name":"wp","href":"https:\/\/api.w.org\/{rel}","templated":true}]}}