{"id":5554,"date":"2021-03-21T22:22:57","date_gmt":"2021-03-21T21:22:57","guid":{"rendered":"http:\/\/serveiseducatius.xtec.cat\/noubarris\/?p=5554"},"modified":"2022-09-21T12:23:31","modified_gmt":"2022-09-21T10:23:31","slug":"tenim-la-paraula","status":"publish","type":"post","link":"https:\/\/serveiseducatius.xtec.cat\/noubarris\/general\/tenim-la-paraula\/","title":{"rendered":"Tenim la paraula"},"content":{"rendered":"<div class=\"gmail_quote\" dir=\"auto\">\n<div dir=\"ltr\">\n<blockquote><p>Volem agrair una vegada m\u00e9s la participaci\u00f3 a tots els centres que formeu part de la Xarxa de comunicaci\u00f3 oral de Nou Barris, dins del programa Tenim la paraula<span class=\"gmail_default\">,\u00a0<\/span><span class=\"gmail_default\">en el plenari del mes de mar\u00e7.<\/span><\/p><\/blockquote>\n<\/div>\n<\/div>\n<div class=\"gmail_quote\" dir=\"auto\">\n<div dir=\"ltr\">\n<blockquote><p><span class=\"gmail_default\">\u00a0En aquesta ocasi\u00f3, s&#8217;ha fet <\/span>un pas m\u00e9s per assolir\u00a0els objectius de la fase inicial del pilotatge,<span class=\"gmail_default\">\u00a0com s\u00f3n els de<\/span><span class=\"gmail_default\">\u00a0reflexionar i p<\/span>lanifica<span class=\"gmail_default\">r\u00a0<\/span>la difusi\u00f3 de les activitats\u00a0i el programa\u00a0<span class=\"gmail_default\">a nivell de centres,<\/span>\u00a0a\u00a0<span class=\"gmail_default\">nivell de<\/span>\u00a0Xarxa de comunicaci\u00f3 oral del districte i<span class=\"gmail_default\">\u00a0a un tercer nivell\u00a0 de<\/span>\u00a0Xarxa de comunicaci\u00f3 oral de Catalunya.<\/p><\/blockquote>\n<\/div>\n<\/div>\n<div class=\"gmail_quote\" dir=\"auto\">\n<div dir=\"ltr\">\n<blockquote>\n<div>Recordeu que podeu consultar tota la informaci\u00f3 <span class=\"gmail_default\">sobre el programa\u00a0<\/span>al\u00a0<span class=\"gmail_default\"><a href=\"https:\/\/blocs.xtec.cat\/tenimlaparaulanb\/\">bloc Tenim la paraula<\/a> del w<\/span>eb<span class=\"gmail_default\">.<\/span><\/div>\n<div><\/div>\n<div>Moltes gr\u00e0cies per ser-hi!<\/div>\n<div><\/div>\n<\/blockquote>\n<div><\/div>\n<\/div>\n<\/div>\n","protected":false},"excerpt":{"rendered":"<p>Volem agrair una vegada m\u00e9s la participaci\u00f3 a tots els centres que formeu part de la Xarxa de comunicaci\u00f3 oral de Nou Barris, dins del programa Tenim la paraula,\u00a0en el plenari del mes de mar\u00e7. \u00a0En aquesta ocasi\u00f3, s&#8217;ha fet un pas m\u00e9s per assolir\u00a0els objectius de la fase inicial del pilotatge,\u00a0com s\u00f3n els de\u00a0reflexionar [&hellip;]<\/p>\n","protected":false},"author":18,"featured_media":0,"comment_status":"closed","ping_status":"closed","sticky":false,"template":"","format":"standard","meta":{"_bbp_topic_count":0,"_bbp_reply_count":0,"_bbp_total_topic_count":0,"_bbp_total_reply_count":0,"_bbp_voice_count":0,"_bbp_anonymous_reply_count":0,"_bbp_topic_count_hidden":0,"_bbp_reply_count_hidden":0,"_bbp_forum_subforum_count":0,"site-sidebar-layout":"default","site-content-layout":"","ast-site-content-layout":"","site-content-style":"default","site-sidebar-style":"default","ast-global-header-display":"","ast-banner-title-visibility":"","ast-main-header-display":"","ast-hfb-above-header-display":"","ast-hfb-below-header-display":"","ast-hfb-mobile-header-display":"","site-post-title":"","ast-breadcrumbs-content":"","ast-featured-img":"","footer-sml-layout":"","theme-transparent-header-meta":"","adv-header-id-meta":"","stick-header-meta":"","header-above-stick-meta":"","header-main-stick-meta":"","header-below-stick-meta":"","astra-migrate-meta-layouts":"default","ast-page-background-enabled":"default","ast-page-background-meta":{"desktop":{"background-color":"var(--ast-global-color-4)","background-image":"","background-repeat":"repeat","background-position":"center center","background-size":"auto","background-attachment":"scroll","background-type":"","background-media":"","overlay-type":"","overlay-color":"","overlay-opacity":"","overlay-gradient":""},"tablet":{"background-color":"","background-image":"","background-repeat":"repeat","background-position":"center center","background-size":"auto","background-attachment":"scroll","background-type":"","background-media":"","overlay-type":"","overlay-color":"","overlay-opacity":"","overlay-gradient":""},"mobile":{"background-color":"","background-image":"","background-repeat":"repeat","background-position":"center center","background-size":"auto","background-attachment":"scroll","background-type":"","background-media":"","overlay-type":"","overlay-color":"","overlay-opacity":"","overlay-gradient":""}},"ast-content-background-meta":{"desktop":{"background-color":"var(--ast-global-color-5)","background-image":"","background-repeat":"repeat","background-position":"center center","background-size":"auto","background-attachment":"scroll","background-type":"","background-media":"","overlay-type":"","overlay-color":"","overlay-opacity":"","overlay-gradient":""},"tablet":{"background-color":"var(--ast-global-color-5)","background-image":"","background-repeat":"repeat","background-position":"center center","background-size":"auto","background-attachment":"scroll","background-type":"","background-media":"","overlay-type":"","overlay-color":"","overlay-opacity":"","overlay-gradient":""},"mobile":{"background-color":"var(--ast-global-color-5)","background-image":"","background-repeat":"repeat","background-position":"center center","background-size":"auto","background-attachment":"scroll","background-type":"","background-media":"","overlay-type":"","overlay-color":"","overlay-opacity":"","overlay-gradient":""}},"footnotes":""},"categories":[68,1],"tags":[300,195],"class_list":["post-5554","post","type-post","status-publish","format-standard","hentry","category-elic","category-general","tag-comunicacio-oral","tag-nou-barris"],"post_mailing_queue_ids":[],"_links":{"self":[{"href":"https:\/\/serveiseducatius.xtec.cat\/noubarris\/wp-json\/wp\/v2\/posts\/5554","targetHints":{"allow":["GET"]}}],"collection":[{"href":"https:\/\/serveiseducatius.xtec.cat\/noubarris\/wp-json\/wp\/v2\/posts"}],"about":[{"href":"https:\/\/serveiseducatius.xtec.cat\/noubarris\/wp-json\/wp\/v2\/types\/post"}],"author":[{"embeddable":true,"href":"https:\/\/serveiseducatius.xtec.cat\/noubarris\/wp-json\/wp\/v2\/users\/18"}],"replies":[{"embeddable":true,"href":"https:\/\/serveiseducatius.xtec.cat\/noubarris\/wp-json\/wp\/v2\/comments?post=5554"}],"version-history":[{"count":3,"href":"https:\/\/serveiseducatius.xtec.cat\/noubarris\/wp-json\/wp\/v2\/posts\/5554\/revisions"}],"predecessor-version":[{"id":5564,"href":"https:\/\/serveiseducatius.xtec.cat\/noubarris\/wp-json\/wp\/v2\/posts\/5554\/revisions\/5564"}],"wp:attachment":[{"href":"https:\/\/serveiseducatius.xtec.cat\/noubarris\/wp-json\/wp\/v2\/media?parent=5554"}],"wp:term":[{"taxonomy":"category","embeddable":true,"href":"https:\/\/serveiseducatius.xtec.cat\/noubarris\/wp-json\/wp\/v2\/categories?post=5554"},{"taxonomy":"post_tag","embeddable":true,"href":"https:\/\/serveiseducatius.xtec.cat\/noubarris\/wp-json\/wp\/v2\/tags?post=5554"}],"curies":[{"name":"wp","href":"https:\/\/api.w.org\/{rel}","templated":true}]}}