{"id":4254,"date":"2019-04-24T12:22:02","date_gmt":"2019-04-24T10:22:02","guid":{"rendered":"http:\/\/serveiseducatius.xtec.cat\/noubarris\/?p=4254"},"modified":"2022-09-21T13:24:40","modified_gmt":"2022-09-21T11:24:40","slug":"mostra-de-recerca-jove-a-barcelona-2019","status":"publish","type":"post","link":"https:\/\/serveiseducatius.xtec.cat\/noubarris\/general\/mostra-de-recerca-jove-a-barcelona-2019\/","title":{"rendered":"Mostra de Recerca Jove a Barcelona 2019"},"content":{"rendered":"<p><img loading=\"lazy\" decoding=\"async\" class=\"size-full wp-image-4255 alignright\" src=\"https:\/\/serveiseducatius.xtec.cat\/noubarris\/wp-content\/uploads\/usu786\/2019\/04\/Logo-Recerca-Jve-BArelona-2018-2019.jpg\" alt=\"\" width=\"176\" height=\"166\" \/><\/p>\n<p>El Consorci d\u2019Educaci\u00f3 de Barcelona i l\u2019Institut d\u2019Educaci\u00f3 de Barcelona organitzen aquesta Mostra com a cloenda a les mostres i f\u00f2rums de districte organitzats pels Centres de Recursos Pedag\u00f2gics de la ciutat. La Mostra es concep com el final d\u2019un proc\u00e9s que s\u2019inicia als centres de secund\u00e0ria amb la selecci\u00f3 dels treballs de recerca que es presenten a les mostres o f\u00f2rums organitzats pels CRP.<\/p>\n<p>El passat<strong>\u00a0dilluns 29 d&#8217;abril<\/strong> es va celebrar la XI Mostra Recerca Jove a <b>l\u2019Auditori del Campus de la Ciutadella\u00a0<\/b>de la Universitat Pompeu Fabra. Van participar 3 alumnes de 3 centres de la nostra zona: INS Sant Andreu, C. Amor de Dios i INS Barcelona-Congr\u00e9s.<\/p>\n<p>A continuaci\u00f3 us detallem els alumnes i treballs que van ser finalistes:<\/p>\n<table style=\"font-weight: 400; height: 592px;\" width=\"986\">\n<tbody>\n<tr style=\"height: 39px;\">\n<td style=\"height: 39px; width: 436px;\">Nom del treball<\/td>\n<td style=\"height: 39px; width: 274px;\">Alumne\/a<\/td>\n<\/tr>\n<tr style=\"height: 39px;\">\n<td style=\"height: 39px; width: 436px;\">Aproximaci\u00f3 a la nanorob\u00f2tica<\/td>\n<td style=\"height: 39px; width: 274px;\">Joana\u00a0 Clos Cirici<\/td>\n<\/tr>\n<tr style=\"height: 39px;\">\n<td style=\"height: 39px; width: 436px;\">Blue Whale Project<\/td>\n<td style=\"height: 39px; width: 274px;\">Nicol\u00e1s Alejandro Bell\u00e9s de Villa<\/td>\n<\/tr>\n<tr style=\"height: 77px;\">\n<td style=\"height: 77px; width: 436px;\">Com ten\u00edem gana, ens ho menj\u00e0vem tot&#8230; Fam, mis\u00e8ria i estraperlo. Un estudi de les estrat\u00e8gies de superviv\u00e8ncia al Poblenou de postguerra (1939-1952)<\/td>\n<td style=\"height: 77px; width: 274px;\">Carlota Del Campo G\u00f3mez i Anna\u00a0 Forcada Esteve<\/td>\n<\/tr>\n<tr style=\"height: 39px;\">\n<td style=\"height: 39px; width: 436px;\">El cas Ossawakim<\/td>\n<td style=\"height: 39px; width: 274px;\">Doris Barcel\u00f3 Sanz<\/td>\n<\/tr>\n<tr style=\"height: 39px;\">\n<td style=\"height: 39px; width: 436px;\">L&#8217;Origine du monde<\/td>\n<td style=\"height: 39px; width: 274px;\">Marta Gil Fraca<\/td>\n<\/tr>\n<tr style=\"height: 77px;\">\n<td style=\"height: 77px; width: 436px;\">Matem\u00e0tiques i dansa cl\u00e0ssica: una aproximaci\u00f3 a la geometria tridimensional de superf\u00edcies i corbes mitjan\u00e7ant GeoGebra<\/td>\n<td style=\"height: 77px; width: 274px;\">Eul\u00e0lia Arrizabalaga Espona<\/td>\n<\/tr>\n<tr style=\"height: 58px;\">\n<td style=\"height: 58px; width: 436px;\"><strong>Probi\u00f2tics i antibi\u00f2tics valoraci\u00f3 experimental dels pros i contres del seu consum.\u00a0 INS Barcelona-Congr\u00e9s<\/strong><\/td>\n<td style=\"height: 58px; width: 274px;\"><strong>In\u00e9s del Carmen Mora Garc\u00eda<\/strong><\/td>\n<\/tr>\n<tr style=\"height: 39px;\">\n<td style=\"height: 39px; width: 436px;\">Pulsacions<\/td>\n<td style=\"height: 39px; width: 274px;\">Maria Ara Bonet<\/td>\n<\/tr>\n<tr style=\"height: 77px;\">\n<td style=\"height: 77px; width: 436px;\">T\u00e8cniques d&#8217;edici\u00f3 gen\u00e8tica: del present al futur. Podr\u00e0 el CRISPR-CAS9 substituir les t\u00e8cniques d\u2019edici\u00f3 gen\u00e8tica actuals?<\/td>\n<td style=\"height: 77px; width: 274px;\">Sehar Tariq<\/td>\n<\/tr>\n<\/tbody>\n<\/table>\n<p style=\"font-weight: 400;\">\n","protected":false},"excerpt":{"rendered":"<p>El Consorci d\u2019Educaci\u00f3 de Barcelona i l\u2019Institut d\u2019Educaci\u00f3 de Barcelona organitzen aquesta Mostra com a cloenda a les mostres i f\u00f2rums de districte organitzats pels Centres de Recursos Pedag\u00f2gics de la ciutat. La Mostra es concep com el final d\u2019un proc\u00e9s que s\u2019inicia als centres de secund\u00e0ria amb la selecci\u00f3 dels treballs de recerca que [&hellip;]<\/p>\n","protected":false},"author":7,"featured_media":0,"comment_status":"open","ping_status":"closed","sticky":false,"template":"","format":"standard","meta":{"_bbp_topic_count":0,"_bbp_reply_count":0,"_bbp_total_topic_count":0,"_bbp_total_reply_count":0,"_bbp_voice_count":0,"_bbp_anonymous_reply_count":0,"_bbp_topic_count_hidden":0,"_bbp_reply_count_hidden":0,"_bbp_forum_subforum_count":0,"site-sidebar-layout":"default","site-content-layout":"","ast-site-content-layout":"","site-content-style":"default","site-sidebar-style":"default","ast-global-header-display":"","ast-banner-title-visibility":"","ast-main-header-display":"","ast-hfb-above-header-display":"","ast-hfb-below-header-display":"","ast-hfb-mobile-header-display":"","site-post-title":"","ast-breadcrumbs-content":"","ast-featured-img":"","footer-sml-layout":"","theme-transparent-header-meta":"","adv-header-id-meta":"","stick-header-meta":"","header-above-stick-meta":"","header-main-stick-meta":"","header-below-stick-meta":"","astra-migrate-meta-layouts":"default","ast-page-background-enabled":"default","ast-page-background-meta":{"desktop":{"background-color":"var(--ast-global-color-4)","background-image":"","background-repeat":"repeat","background-position":"center center","background-size":"auto","background-attachment":"scroll","background-type":"","background-media":"","overlay-type":"","overlay-color":"","overlay-opacity":"","overlay-gradient":""},"tablet":{"background-color":"","background-image":"","background-repeat":"repeat","background-position":"center center","background-size":"auto","background-attachment":"scroll","background-type":"","background-media":"","overlay-type":"","overlay-color":"","overlay-opacity":"","overlay-gradient":""},"mobile":{"background-color":"","background-image":"","background-repeat":"repeat","background-position":"center center","background-size":"auto","background-attachment":"scroll","background-type":"","background-media":"","overlay-type":"","overlay-color":"","overlay-opacity":"","overlay-gradient":""}},"ast-content-background-meta":{"desktop":{"background-color":"var(--ast-global-color-5)","background-image":"","background-repeat":"repeat","background-position":"center center","background-size":"auto","background-attachment":"scroll","background-type":"","background-media":"","overlay-type":"","overlay-color":"","overlay-opacity":"","overlay-gradient":""},"tablet":{"background-color":"var(--ast-global-color-5)","background-image":"","background-repeat":"repeat","background-position":"center center","background-size":"auto","background-attachment":"scroll","background-type":"","background-media":"","overlay-type":"","overlay-color":"","overlay-opacity":"","overlay-gradient":""},"mobile":{"background-color":"var(--ast-global-color-5)","background-image":"","background-repeat":"repeat","background-position":"center center","background-size":"auto","background-attachment":"scroll","background-type":"","background-media":"","overlay-type":"","overlay-color":"","overlay-opacity":"","overlay-gradient":""}},"footnotes":""},"categories":[65,1,70],"tags":[],"class_list":["post-4254","post","type-post","status-publish","format-standard","hentry","category-crp","category-general","category-forum-treballs-de-recerca"],"post_mailing_queue_ids":[],"_links":{"self":[{"href":"https:\/\/serveiseducatius.xtec.cat\/noubarris\/wp-json\/wp\/v2\/posts\/4254","targetHints":{"allow":["GET"]}}],"collection":[{"href":"https:\/\/serveiseducatius.xtec.cat\/noubarris\/wp-json\/wp\/v2\/posts"}],"about":[{"href":"https:\/\/serveiseducatius.xtec.cat\/noubarris\/wp-json\/wp\/v2\/types\/post"}],"author":[{"embeddable":true,"href":"https:\/\/serveiseducatius.xtec.cat\/noubarris\/wp-json\/wp\/v2\/users\/7"}],"replies":[{"embeddable":true,"href":"https:\/\/serveiseducatius.xtec.cat\/noubarris\/wp-json\/wp\/v2\/comments?post=4254"}],"version-history":[{"count":3,"href":"https:\/\/serveiseducatius.xtec.cat\/noubarris\/wp-json\/wp\/v2\/posts\/4254\/revisions"}],"predecessor-version":[{"id":4295,"href":"https:\/\/serveiseducatius.xtec.cat\/noubarris\/wp-json\/wp\/v2\/posts\/4254\/revisions\/4295"}],"wp:attachment":[{"href":"https:\/\/serveiseducatius.xtec.cat\/noubarris\/wp-json\/wp\/v2\/media?parent=4254"}],"wp:term":[{"taxonomy":"category","embeddable":true,"href":"https:\/\/serveiseducatius.xtec.cat\/noubarris\/wp-json\/wp\/v2\/categories?post=4254"},{"taxonomy":"post_tag","embeddable":true,"href":"https:\/\/serveiseducatius.xtec.cat\/noubarris\/wp-json\/wp\/v2\/tags?post=4254"}],"curies":[{"name":"wp","href":"https:\/\/api.w.org\/{rel}","templated":true}]}}