{"id":3936,"date":"2018-12-19T17:48:00","date_gmt":"2018-12-19T16:48:00","guid":{"rendered":"http:\/\/serveiseducatius.xtec.cat\/noubarris\/?p=3936"},"modified":"2022-09-21T13:27:10","modified_gmt":"2022-09-21T11:27:10","slug":"concerts-turo-per-a-la-comunitat-de-lie-turo-de-roquetes","status":"publish","type":"post","link":"https:\/\/serveiseducatius.xtec.cat\/noubarris\/general\/concerts-turo-per-a-la-comunitat-de-lie-turo-de-roquetes\/","title":{"rendered":"Concerts Tur\u00f3 per a la Comunitat de l&#8217;IE Tur\u00f3 de Roquetes"},"content":{"rendered":"<p>Els dies\u00a0 17 i 19 de desembre, en diferents centres de la zona, estan tenint lloc els\u00a0<strong>Concerts per a la Comunitat de l&#8217;IE Tur\u00f3 de Roquetes,<\/strong>\u00a0a c\u00e0rrec de l&#8217;alumnat del Projecte de Diversificaci\u00f3 Curricular de 4t d&#8217;ESO, amb el seg\u00fcent\u00a0<a href=\"https:\/\/drive.google.com\/file\/d\/1ekF6ABWqPHxNUcBaJfkYPV3mtH5k8sei\/view?usp=sharing\">programa.<\/a><\/p>\n<p>Aquest any, com a novetat, a m\u00e9s de les tradicionals nadales cantades, s&#8217;ha pogut gaudir de la interpretaci\u00f3 instrumental d&#8217;algunes peces amb la mel\u00f2dica. Un instrument que aquest any han comen\u00e7at a tocar. Afegim una imatge de l&#8217;actuaci\u00f3 d&#8217;aquest mat\u00ed per als nens i nenes d&#8217;educaci\u00f3 infantil de l&#8217;IE Antaviana.<\/p>\n<p>Felicitem el professorat de l&#8217;IE Tur\u00f3 de Roquetes per la seva tasca i l&#8217;alumnat per la seva actuaci\u00f3. Reunits, petits i grans, compartim les festes amb m\u00fasica. Molt bona iniciativa!!!<\/p>\n<figure id=\"attachment_3942\" aria-describedby=\"caption-attachment-3942\" style=\"width: 798px\" class=\"wp-caption aligncenter\"><a href=\"https:\/\/serveiseducatius.xtec.cat\/noubarris\/wp-content\/uploads\/usu786\/2018\/12\/2-1.jpg\"><img loading=\"lazy\" decoding=\"async\" class=\" wp-image-3942\" src=\"https:\/\/serveiseducatius.xtec.cat\/noubarris\/wp-content\/uploads\/usu786\/2018\/12\/2-1.jpg\" alt=\"\" width=\"798\" height=\"544\" srcset=\"https:\/\/serveiseducatius.xtec.cat\/noubarris\/wp-content\/uploads\/usu786\/2018\/12\/2-1.jpg 845w, https:\/\/serveiseducatius.xtec.cat\/noubarris\/wp-content\/uploads\/usu786\/2018\/12\/2-1-300x204.jpg 300w, https:\/\/serveiseducatius.xtec.cat\/noubarris\/wp-content\/uploads\/usu786\/2018\/12\/2-1-768x524.jpg 768w\" sizes=\"auto, (max-width: 798px) 100vw, 798px\" \/><\/a><figcaption id=\"caption-attachment-3942\" class=\"wp-caption-text\">sdr<\/figcaption><\/figure>\n","protected":false},"excerpt":{"rendered":"<p>Els dies\u00a0 17 i 19 de desembre, en diferents centres de la zona, estan tenint lloc els\u00a0Concerts per a la Comunitat de l&#8217;IE Tur\u00f3 de Roquetes,\u00a0a c\u00e0rrec de l&#8217;alumnat del Projecte de Diversificaci\u00f3 Curricular de 4t d&#8217;ESO, amb el seg\u00fcent\u00a0programa. Aquest any, com a novetat, a m\u00e9s de les tradicionals nadales cantades, s&#8217;ha pogut gaudir [&hellip;]<\/p>\n","protected":false},"author":1,"featured_media":3942,"comment_status":"closed","ping_status":"closed","sticky":false,"template":"","format":"standard","meta":{"_bbp_topic_count":0,"_bbp_reply_count":0,"_bbp_total_topic_count":0,"_bbp_total_reply_count":0,"_bbp_voice_count":0,"_bbp_anonymous_reply_count":0,"_bbp_topic_count_hidden":0,"_bbp_reply_count_hidden":0,"_bbp_forum_subforum_count":0,"site-sidebar-layout":"default","site-content-layout":"","ast-site-content-layout":"","site-content-style":"default","site-sidebar-style":"default","ast-global-header-display":"","ast-banner-title-visibility":"","ast-main-header-display":"","ast-hfb-above-header-display":"","ast-hfb-below-header-display":"","ast-hfb-mobile-header-display":"","site-post-title":"","ast-breadcrumbs-content":"","ast-featured-img":"","footer-sml-layout":"","theme-transparent-header-meta":"","adv-header-id-meta":"","stick-header-meta":"","header-above-stick-meta":"","header-main-stick-meta":"","header-below-stick-meta":"","astra-migrate-meta-layouts":"default","ast-page-background-enabled":"default","ast-page-background-meta":{"desktop":{"background-color":"var(--ast-global-color-4)","background-image":"","background-repeat":"repeat","background-position":"center center","background-size":"auto","background-attachment":"scroll","background-type":"","background-media":"","overlay-type":"","overlay-color":"","overlay-opacity":"","overlay-gradient":""},"tablet":{"background-color":"","background-image":"","background-repeat":"repeat","background-position":"center center","background-size":"auto","background-attachment":"scroll","background-type":"","background-media":"","overlay-type":"","overlay-color":"","overlay-opacity":"","overlay-gradient":""},"mobile":{"background-color":"","background-image":"","background-repeat":"repeat","background-position":"center center","background-size":"auto","background-attachment":"scroll","background-type":"","background-media":"","overlay-type":"","overlay-color":"","overlay-opacity":"","overlay-gradient":""}},"ast-content-background-meta":{"desktop":{"background-color":"var(--ast-global-color-5)","background-image":"","background-repeat":"repeat","background-position":"center center","background-size":"auto","background-attachment":"scroll","background-type":"","background-media":"","overlay-type":"","overlay-color":"","overlay-opacity":"","overlay-gradient":""},"tablet":{"background-color":"var(--ast-global-color-5)","background-image":"","background-repeat":"repeat","background-position":"center center","background-size":"auto","background-attachment":"scroll","background-type":"","background-media":"","overlay-type":"","overlay-color":"","overlay-opacity":"","overlay-gradient":""},"mobile":{"background-color":"var(--ast-global-color-5)","background-image":"","background-repeat":"repeat","background-position":"center center","background-size":"auto","background-attachment":"scroll","background-type":"","background-media":"","overlay-type":"","overlay-color":"","overlay-opacity":"","overlay-gradient":""}},"footnotes":""},"categories":[207,64,1,77],"tags":[],"class_list":["post-3936","post","type-post","status-publish","format-standard","has-post-thumbnail","hentry","category-activitats-de-centres","category-comunitat","category-general","category-servei-comunitari"],"post_mailing_queue_ids":[],"_links":{"self":[{"href":"https:\/\/serveiseducatius.xtec.cat\/noubarris\/wp-json\/wp\/v2\/posts\/3936","targetHints":{"allow":["GET"]}}],"collection":[{"href":"https:\/\/serveiseducatius.xtec.cat\/noubarris\/wp-json\/wp\/v2\/posts"}],"about":[{"href":"https:\/\/serveiseducatius.xtec.cat\/noubarris\/wp-json\/wp\/v2\/types\/post"}],"author":[{"embeddable":true,"href":"https:\/\/serveiseducatius.xtec.cat\/noubarris\/wp-json\/wp\/v2\/users\/1"}],"replies":[{"embeddable":true,"href":"https:\/\/serveiseducatius.xtec.cat\/noubarris\/wp-json\/wp\/v2\/comments?post=3936"}],"version-history":[{"count":3,"href":"https:\/\/serveiseducatius.xtec.cat\/noubarris\/wp-json\/wp\/v2\/posts\/3936\/revisions"}],"predecessor-version":[{"id":3950,"href":"https:\/\/serveiseducatius.xtec.cat\/noubarris\/wp-json\/wp\/v2\/posts\/3936\/revisions\/3950"}],"wp:featuredmedia":[{"embeddable":true,"href":"https:\/\/serveiseducatius.xtec.cat\/noubarris\/wp-json\/wp\/v2\/media\/3942"}],"wp:attachment":[{"href":"https:\/\/serveiseducatius.xtec.cat\/noubarris\/wp-json\/wp\/v2\/media?parent=3936"}],"wp:term":[{"taxonomy":"category","embeddable":true,"href":"https:\/\/serveiseducatius.xtec.cat\/noubarris\/wp-json\/wp\/v2\/categories?post=3936"},{"taxonomy":"post_tag","embeddable":true,"href":"https:\/\/serveiseducatius.xtec.cat\/noubarris\/wp-json\/wp\/v2\/tags?post=3936"}],"curies":[{"name":"wp","href":"https:\/\/api.w.org\/{rel}","templated":true}]}}