{"id":3808,"date":"2018-09-20T14:17:59","date_gmt":"2018-09-20T12:17:59","guid":{"rendered":"http:\/\/serveiseducatius.xtec.cat\/noubarris\/?p=3808"},"modified":"2022-09-21T13:27:50","modified_gmt":"2022-09-21T11:27:50","slug":"formacions-aps-servei-comunitari","status":"publish","type":"post","link":"https:\/\/serveiseducatius.xtec.cat\/noubarris\/crp\/formacions-aps-servei-comunitari\/","title":{"rendered":"Formacions ApS \/ Servei Comunitari"},"content":{"rendered":"<p>&nbsp;<\/p>\n<p>Us recordem que resta oberta la convocat\u00f2ria de les formacions ApS \/ Servei Comunitari adre\u00e7ades a centres educatius i entitats de la ciutat!<\/p>\n<ul>\n<li><strong>Formaci\u00f3 Inicial: <\/strong><\/li>\n<\/ul>\n<p style=\"padding-left: 30px;\">Adre\u00e7ada a centres i entitats que NO han fet cap projecte ApS \/ Servei Comunitari: <a href=\"https:\/\/aplicacions.gestioeducativa.gencat.cat\/pls\/soloas\/pk_for_mod_ins.p_for_cons_activitats?p_any=2018-2019&amp;p_codi=1040101104\">inscripci\u00f3<\/a><\/p>\n<ul>\n<li><span style=\"color: #000000;\"><strong>An\u00e0lisi i millora de projectes d\u2019Aprenentatge Servei Comunitari<\/strong>:<\/span><\/li>\n<\/ul>\n<p style=\"padding-left: 30px;\"><span style=\"color: #000000;\">Adre\u00e7ada a centres i entitats (que formin part del <a href=\"http:\/\/w13.bcn.cat\/APPS\/wprpae\/general\/entidadesDestacadas.do?method=listar\">Consell d&#8217;Innovaci\u00f3 Pedag\u00f2gica<\/a>) que ja han fet pr\u00e8viament algun projecte d&#8217;ApS \/ Servei Comunitari: <a href=\"https:\/\/aplicacions.gestioeducativa.gencat.cat\/pls\/soloas\/pk_for_mod_ins.p_for_cons_activitats?p_any=2018-2019&amp;p_codi=1040091104\">inscripci\u00f3<\/a>\u00a0<\/span><\/p>\n<p>Visiteu els enlla\u00e7os d&#8217;inscripci\u00f3 per a m\u00e9s informaci\u00f3!<\/p>\n<p>&nbsp;<\/p>\n","protected":false},"excerpt":{"rendered":"<p>&nbsp; Us recordem que resta oberta la convocat\u00f2ria de les formacions ApS \/ Servei Comunitari adre\u00e7ades a centres educatius i entitats de la ciutat! Formaci\u00f3 Inicial: Adre\u00e7ada a centres i entitats que NO han fet cap projecte ApS \/ Servei Comunitari: inscripci\u00f3 An\u00e0lisi i millora de projectes d\u2019Aprenentatge Servei Comunitari: Adre\u00e7ada a centres i entitats [&hellip;]<\/p>\n","protected":false},"author":1,"featured_media":0,"comment_status":"closed","ping_status":"closed","sticky":false,"template":"","format":"standard","meta":{"_bbp_topic_count":0,"_bbp_reply_count":0,"_bbp_total_topic_count":0,"_bbp_total_reply_count":0,"_bbp_voice_count":0,"_bbp_anonymous_reply_count":0,"_bbp_topic_count_hidden":0,"_bbp_reply_count_hidden":0,"_bbp_forum_subforum_count":0,"site-sidebar-layout":"default","site-content-layout":"","ast-site-content-layout":"","site-content-style":"default","site-sidebar-style":"default","ast-global-header-display":"","ast-banner-title-visibility":"","ast-main-header-display":"","ast-hfb-above-header-display":"","ast-hfb-below-header-display":"","ast-hfb-mobile-header-display":"","site-post-title":"","ast-breadcrumbs-content":"","ast-featured-img":"","footer-sml-layout":"","theme-transparent-header-meta":"","adv-header-id-meta":"","stick-header-meta":"","header-above-stick-meta":"","header-main-stick-meta":"","header-below-stick-meta":"","astra-migrate-meta-layouts":"default","ast-page-background-enabled":"default","ast-page-background-meta":{"desktop":{"background-color":"var(--ast-global-color-4)","background-image":"","background-repeat":"repeat","background-position":"center center","background-size":"auto","background-attachment":"scroll","background-type":"","background-media":"","overlay-type":"","overlay-color":"","overlay-opacity":"","overlay-gradient":""},"tablet":{"background-color":"","background-image":"","background-repeat":"repeat","background-position":"center center","background-size":"auto","background-attachment":"scroll","background-type":"","background-media":"","overlay-type":"","overlay-color":"","overlay-opacity":"","overlay-gradient":""},"mobile":{"background-color":"","background-image":"","background-repeat":"repeat","background-position":"center center","background-size":"auto","background-attachment":"scroll","background-type":"","background-media":"","overlay-type":"","overlay-color":"","overlay-opacity":"","overlay-gradient":""}},"ast-content-background-meta":{"desktop":{"background-color":"var(--ast-global-color-5)","background-image":"","background-repeat":"repeat","background-position":"center center","background-size":"auto","background-attachment":"scroll","background-type":"","background-media":"","overlay-type":"","overlay-color":"","overlay-opacity":"","overlay-gradient":""},"tablet":{"background-color":"var(--ast-global-color-5)","background-image":"","background-repeat":"repeat","background-position":"center center","background-size":"auto","background-attachment":"scroll","background-type":"","background-media":"","overlay-type":"","overlay-color":"","overlay-opacity":"","overlay-gradient":""},"mobile":{"background-color":"var(--ast-global-color-5)","background-image":"","background-repeat":"repeat","background-position":"center center","background-size":"auto","background-attachment":"scroll","background-type":"","background-media":"","overlay-type":"","overlay-color":"","overlay-opacity":"","overlay-gradient":""}},"footnotes":""},"categories":[65,77],"tags":[],"class_list":["post-3808","post","type-post","status-publish","format-standard","hentry","category-crp","category-servei-comunitari"],"post_mailing_queue_ids":[],"_links":{"self":[{"href":"https:\/\/serveiseducatius.xtec.cat\/noubarris\/wp-json\/wp\/v2\/posts\/3808","targetHints":{"allow":["GET"]}}],"collection":[{"href":"https:\/\/serveiseducatius.xtec.cat\/noubarris\/wp-json\/wp\/v2\/posts"}],"about":[{"href":"https:\/\/serveiseducatius.xtec.cat\/noubarris\/wp-json\/wp\/v2\/types\/post"}],"author":[{"embeddable":true,"href":"https:\/\/serveiseducatius.xtec.cat\/noubarris\/wp-json\/wp\/v2\/users\/1"}],"replies":[{"embeddable":true,"href":"https:\/\/serveiseducatius.xtec.cat\/noubarris\/wp-json\/wp\/v2\/comments?post=3808"}],"version-history":[{"count":3,"href":"https:\/\/serveiseducatius.xtec.cat\/noubarris\/wp-json\/wp\/v2\/posts\/3808\/revisions"}],"predecessor-version":[{"id":3811,"href":"https:\/\/serveiseducatius.xtec.cat\/noubarris\/wp-json\/wp\/v2\/posts\/3808\/revisions\/3811"}],"wp:attachment":[{"href":"https:\/\/serveiseducatius.xtec.cat\/noubarris\/wp-json\/wp\/v2\/media?parent=3808"}],"wp:term":[{"taxonomy":"category","embeddable":true,"href":"https:\/\/serveiseducatius.xtec.cat\/noubarris\/wp-json\/wp\/v2\/categories?post=3808"},{"taxonomy":"post_tag","embeddable":true,"href":"https:\/\/serveiseducatius.xtec.cat\/noubarris\/wp-json\/wp\/v2\/tags?post=3808"}],"curies":[{"name":"wp","href":"https:\/\/api.w.org\/{rel}","templated":true}]}}