{"id":9919,"date":"2019-12-16T10:19:50","date_gmt":"2019-12-16T09:19:50","guid":{"rendered":"http:\/\/serveiseducatius.xtec.cat\/noguera\/?p=9919"},"modified":"2019-12-16T10:19:50","modified_gmt":"2019-12-16T09:19:50","slug":"1a-taula-territorial-de-lespai-estrategic-de-coordinacio-comunitaria-de-la-noguera-a-balaguer","status":"publish","type":"post","link":"https:\/\/serveiseducatius.xtec.cat\/noguera\/general\/1a-taula-territorial-de-lespai-estrategic-de-coordinacio-comunitaria-de-la-noguera-a-balaguer\/","title":{"rendered":"1a Taula Territorial de l\u2019Espai Estrat\u00e8gic de Coordinaci\u00f3 Comunit\u00e0ria de la Noguera a Balaguer"},"content":{"rendered":"<p style=\"text-align: justify;\">El passat dimarts 10 de desembre a les 19h a la seu del Consell Comarcal de la Noguera, es va dur a terme per primera vegada a la comarca de la Noguera, la Taula Territorial de Balaguer organitzada per Espai Estrat\u00e8gic de Coordinaci\u00f3 Comunit\u00e0ria de la Noguera, format per les \u00c0rees B\u00e0siques de Salut de Balaguer, de Ponts i d&#8217;Artesa de Segre, pels Serveis Socials del Consell Comarcal de la Noguera, pel Servei Educatiu de la Noguera i per Salut P\u00fablica de la Noguera.<\/p>\n<p style=\"text-align: justify;\">L&#8217;objectiu principal d&#8217;aquest espai \u00e9s poder elaborar una estrat\u00e8gia d&#8217;intervenci\u00f3 comunit\u00e0ria conjunta i consensuada i per poder dur-ho a terme, han iniciat un Proc\u00e9s Comunitari a la Noguera que ha comen\u00e7at amb una Diagnosi Comunit\u00e0ria que est\u00e0 analitzant la realitat social, detectant les necessitats de la poblaci\u00f3 i prioritzant les accions que hauran implementar els serveis adre\u00e7ats a la ciutadania. Aquesta diagnosi \u00e9s participativa i t\u00e9 en compte les opinions de l&#8217;ampli conjunt social, a trav\u00e9s d&#8217;enquestes, d&#8217;entrevistes i de espais de participaci\u00f3.<\/p>\n<p style=\"text-align: center;\"><a href=\"https:\/\/photos.app.goo.gl\/eG6gtsLyCgFJffCP7\"><img loading=\"lazy\" decoding=\"async\" class=\"aligncenter wp-image-9921\" src=\"https:\/\/serveiseducatius.xtec.cat\/noguera\/wp-content\/uploads\/usu1149\/2019\/12\/IMG-20191210-WA0042.jpg\" alt=\"\" width=\"665\" height=\"499\" srcset=\"https:\/\/serveiseducatius.xtec.cat\/noguera\/wp-content\/uploads\/usu1149\/2019\/12\/IMG-20191210-WA0042.jpg 2016w, https:\/\/serveiseducatius.xtec.cat\/noguera\/wp-content\/uploads\/usu1149\/2019\/12\/IMG-20191210-WA0042-300x225.jpg 300w, https:\/\/serveiseducatius.xtec.cat\/noguera\/wp-content\/uploads\/usu1149\/2019\/12\/IMG-20191210-WA0042-768x576.jpg 768w, https:\/\/serveiseducatius.xtec.cat\/noguera\/wp-content\/uploads\/usu1149\/2019\/12\/IMG-20191210-WA0042-1024x768.jpg 1024w, https:\/\/serveiseducatius.xtec.cat\/noguera\/wp-content\/uploads\/usu1149\/2019\/12\/IMG-20191210-WA0042-200x150.jpg 200w\" sizes=\"auto, (max-width: 665px) 100vw, 665px\" \/><\/a>Cliqueu sobre la imatge per accedir a la galeria de fotos de l&#8217;acte<\/p>\n<p style=\"text-align: justify;\">Un d&#8217;aquests espais de participaci\u00f3 va ser la Taula Territorial de Balaguer que va ser una jornada on van participar 73 persones procedents de l&#8217;ens local, de serveis i d&#8217;entitats de diferents \u00e0mbits (regidories, t\u00e8cnics de l&#8217;ajuntament, cossos de seguretat, centres educatius, serveis socials, comerciants, entitats del tercer sector, associacions v\u00e0ries, farm\u00e0cies, residencies de gent gran, etc&#8230;) que s\u00f3n els que coneixen m\u00e9s la realitat del municipi i va consistir en una sessi\u00f3 din\u00e0mica on a trav\u00e9s de petits grups de discussi\u00f3 i des de la visi\u00f3 de cada persona i de l&#8217;\u00e0mbit on provenen, van aportar la seva expertesa i coneixement sobre les necessitats i problem\u00e0tiques del municipi de Balaguer. Aquesta experi\u00e8ncia \u00e9s repetir\u00e0 en les set zones que hem dividit la comarca de la Noguera i es dura a terme durant el 2020.<\/p>\n<p>Llegiu la not\u00edcia a <a href=\"https:\/\/www.balaguer.tv\/1a-taula-territorial-espai-estrategic-coordinacio-comunitaria-noguera-balaguer\/\" target=\"_blank\" rel=\"noopener noreferrer\"><strong>Balaguer Televisi\u00f3<\/strong><\/a><\/p>\n","protected":false},"excerpt":{"rendered":"<p>El passat dimarts 10 de desembre a les 19h a la seu del Consell Comarcal de la Noguera, es va dur a terme per primera vegada a la comarca de la Noguera, la Taula Territorial de Balaguer organitzada per Espai Estrat\u00e8gic de Coordinaci\u00f3 Comunit\u00e0ria de la Noguera, format per les \u00c0rees B\u00e0siques de Salut de [&hellip;]<\/p>\n","protected":false},"author":1,"featured_media":9921,"comment_status":"open","ping_status":"closed","sticky":false,"template":"","format":"standard","meta":{"_bbp_topic_count":0,"_bbp_reply_count":0,"_bbp_total_topic_count":0,"_bbp_total_reply_count":0,"_bbp_voice_count":0,"_bbp_anonymous_reply_count":0,"_bbp_topic_count_hidden":0,"_bbp_reply_count_hidden":0,"_bbp_forum_subforum_count":0,"site-sidebar-layout":"default","site-content-layout":"","ast-site-content-layout":"","site-content-style":"default","site-sidebar-style":"default","ast-global-header-display":"","ast-banner-title-visibility":"","ast-main-header-display":"","ast-hfb-above-header-display":"","ast-hfb-below-header-display":"","ast-hfb-mobile-header-display":"","site-post-title":"","ast-breadcrumbs-content":"","ast-featured-img":"","footer-sml-layout":"","theme-transparent-header-meta":"","adv-header-id-meta":"","stick-header-meta":"","header-above-stick-meta":"","header-main-stick-meta":"","header-below-stick-meta":"","astra-migrate-meta-layouts":"default","ast-page-background-enabled":"default","ast-page-background-meta":{"desktop":{"background-color":"var(--ast-global-color-4)","background-image":"","background-repeat":"repeat","background-position":"center center","background-size":"auto","background-attachment":"scroll","background-type":"","background-media":"","overlay-type":"","overlay-color":"","overlay-opacity":"","overlay-gradient":""},"tablet":{"background-color":"","background-image":"","background-repeat":"repeat","background-position":"center center","background-size":"auto","background-attachment":"scroll","background-type":"","background-media":"","overlay-type":"","overlay-color":"","overlay-opacity":"","overlay-gradient":""},"mobile":{"background-color":"","background-image":"","background-repeat":"repeat","background-position":"center center","background-size":"auto","background-attachment":"scroll","background-type":"","background-media":"","overlay-type":"","overlay-color":"","overlay-opacity":"","overlay-gradient":""}},"ast-content-background-meta":{"desktop":{"background-color":"var(--ast-global-color-5)","background-image":"","background-repeat":"repeat","background-position":"center center","background-size":"auto","background-attachment":"scroll","background-type":"","background-media":"","overlay-type":"","overlay-color":"","overlay-opacity":"","overlay-gradient":""},"tablet":{"background-color":"var(--ast-global-color-5)","background-image":"","background-repeat":"repeat","background-position":"center center","background-size":"auto","background-attachment":"scroll","background-type":"","background-media":"","overlay-type":"","overlay-color":"","overlay-opacity":"","overlay-gradient":""},"mobile":{"background-color":"var(--ast-global-color-5)","background-image":"","background-repeat":"repeat","background-position":"center center","background-size":"auto","background-attachment":"scroll","background-type":"","background-media":"","overlay-type":"","overlay-color":"","overlay-opacity":"","overlay-gradient":""}},"footnotes":""},"categories":[64,1,29],"tags":[],"class_list":["post-9919","post","type-post","status-publish","format-standard","has-post-thumbnail","hentry","category-comunitat","category-general","category-portada"],"post_mailing_queue_ids":[],"_links":{"self":[{"href":"https:\/\/serveiseducatius.xtec.cat\/noguera\/wp-json\/wp\/v2\/posts\/9919","targetHints":{"allow":["GET"]}}],"collection":[{"href":"https:\/\/serveiseducatius.xtec.cat\/noguera\/wp-json\/wp\/v2\/posts"}],"about":[{"href":"https:\/\/serveiseducatius.xtec.cat\/noguera\/wp-json\/wp\/v2\/types\/post"}],"author":[{"embeddable":true,"href":"https:\/\/serveiseducatius.xtec.cat\/noguera\/wp-json\/wp\/v2\/users\/1"}],"replies":[{"embeddable":true,"href":"https:\/\/serveiseducatius.xtec.cat\/noguera\/wp-json\/wp\/v2\/comments?post=9919"}],"version-history":[{"count":2,"href":"https:\/\/serveiseducatius.xtec.cat\/noguera\/wp-json\/wp\/v2\/posts\/9919\/revisions"}],"predecessor-version":[{"id":9922,"href":"https:\/\/serveiseducatius.xtec.cat\/noguera\/wp-json\/wp\/v2\/posts\/9919\/revisions\/9922"}],"wp:featuredmedia":[{"embeddable":true,"href":"https:\/\/serveiseducatius.xtec.cat\/noguera\/wp-json\/wp\/v2\/media\/9921"}],"wp:attachment":[{"href":"https:\/\/serveiseducatius.xtec.cat\/noguera\/wp-json\/wp\/v2\/media?parent=9919"}],"wp:term":[{"taxonomy":"category","embeddable":true,"href":"https:\/\/serveiseducatius.xtec.cat\/noguera\/wp-json\/wp\/v2\/categories?post=9919"},{"taxonomy":"post_tag","embeddable":true,"href":"https:\/\/serveiseducatius.xtec.cat\/noguera\/wp-json\/wp\/v2\/tags?post=9919"}],"curies":[{"name":"wp","href":"https:\/\/api.w.org\/{rel}","templated":true}]}}