{"id":9465,"date":"2019-01-16T10:33:43","date_gmt":"2019-01-16T09:33:43","guid":{"rendered":"http:\/\/serveiseducatius.xtec.cat\/noguera\/?p=9465"},"modified":"2019-01-16T10:36:09","modified_gmt":"2019-01-16T09:36:09","slug":"guia-dusos-no-sexistes-de-la-llengua-en-els-textos-de-ladministracio-de-la-generalitat-de-catalunya","status":"publish","type":"post","link":"https:\/\/serveiseducatius.xtec.cat\/noguera\/portada\/guia-dusos-no-sexistes-de-la-llengua-en-els-textos-de-ladministracio-de-la-generalitat-de-catalunya\/","title":{"rendered":"Guia d&#8217;usos no sexistes de la llengua en els textos de l&#8217;Administraci\u00f3 de la Generalitat de Catalunya"},"content":{"rendered":"<p style=\"text-align: justify;\"><a href=\"http:\/\/llengua.gencat.cat\/permalink\/c2f7c918-5382-11e4-8f3f-000c29cdf219\" target=\"_blank\" rel=\"noopener\"><img loading=\"lazy\" decoding=\"async\" class=\"alignleft wp-image-9466\" src=\"https:\/\/serveiseducatius.xtec.cat\/noguera\/wp-content\/uploads\/usu1149\/2019\/01\/guia_usos_no_sexistes.jpg_216314330.jpg\" alt=\"\" width=\"294\" height=\"211\" srcset=\"https:\/\/serveiseducatius.xtec.cat\/noguera\/wp-content\/uploads\/usu1149\/2019\/01\/guia_usos_no_sexistes.jpg_216314330.jpg 499w, https:\/\/serveiseducatius.xtec.cat\/noguera\/wp-content\/uploads\/usu1149\/2019\/01\/guia_usos_no_sexistes.jpg_216314330-300x216.jpg 300w\" sizes=\"auto, (max-width: 294px) 100vw, 294px\" \/><\/a>L&#8217;Administraci\u00f3 de la Generalitat de Catalunya ha publicat la &#8220;<a href=\"http:\/\/llengua.gencat.cat\/permalink\/c2f7c918-5382-11e4-8f3f-000c29cdf219\" target=\"_blank\" rel=\"noopener\"><strong>Guia d&#8217;usos no sexistes de la llengua<\/strong><\/a>&#8221; una guia amb els criteris i recomanacions corresponents per poder redactar qualsevol tipus de text en l&#8217;\u00e0mbit de l&#8217;administaci\u00f3 en general i que, en nostre cas hem de portar a l&#8217;\u00e0mbit educatiu per tal de fer un \u00fas correcte i no sexista de la llengua.<\/p>\n<p style=\"text-align: justify;\">Aquesta guia \u00e9s el resultat de l\u2019adaptaci\u00f3 dels criteris publicats a\u00a0<em>Marcar les difer\u00e8ncies: la representaci\u00f3 de dones i homes a la llengua<\/em>\u00a0(2005) als principis de l\u2019\u00abAcord sobre l\u2019\u00fas no sexista de la llengua\u00bb (2010). La guia cont\u00e9 recomanacions aplicables en els textos de l\u2019Administraci\u00f3 de la Generalitat. [<a href=\"http:\/\/llengua.gencat.cat\/ca\/serveis\/informacio_i_difusio\/publicacions_en_linia\/classific_temes\/temes_opuscles_divulgatius\/guia_usos_no_sexistes\" target=\"_blank\" rel=\"noopener\">+ informaci\u00f3<\/a>]<\/p>\n","protected":false},"excerpt":{"rendered":"<p>L&#8217;Administraci\u00f3 de la Generalitat de Catalunya ha publicat la &#8220;Guia d&#8217;usos no sexistes de la llengua&#8221; una guia amb els criteris i recomanacions corresponents per poder redactar qualsevol tipus de text en l&#8217;\u00e0mbit de l&#8217;administaci\u00f3 en general i que, en nostre cas hem de portar a l&#8217;\u00e0mbit educatiu per tal de fer un \u00fas correcte [&hellip;]<\/p>\n","protected":false},"author":1,"featured_media":9466,"comment_status":"open","ping_status":"closed","sticky":false,"template":"","format":"standard","meta":{"_bbp_topic_count":0,"_bbp_reply_count":0,"_bbp_total_topic_count":0,"_bbp_total_reply_count":0,"_bbp_voice_count":0,"_bbp_anonymous_reply_count":0,"_bbp_topic_count_hidden":0,"_bbp_reply_count_hidden":0,"_bbp_forum_subforum_count":0,"site-sidebar-layout":"default","site-content-layout":"","ast-site-content-layout":"","site-content-style":"default","site-sidebar-style":"default","ast-global-header-display":"","ast-banner-title-visibility":"","ast-main-header-display":"","ast-hfb-above-header-display":"","ast-hfb-below-header-display":"","ast-hfb-mobile-header-display":"","site-post-title":"","ast-breadcrumbs-content":"","ast-featured-img":"","footer-sml-layout":"","theme-transparent-header-meta":"","adv-header-id-meta":"","stick-header-meta":"","header-above-stick-meta":"","header-main-stick-meta":"","header-below-stick-meta":"","astra-migrate-meta-layouts":"default","ast-page-background-enabled":"default","ast-page-background-meta":{"desktop":{"background-color":"var(--ast-global-color-4)","background-image":"","background-repeat":"repeat","background-position":"center center","background-size":"auto","background-attachment":"scroll","background-type":"","background-media":"","overlay-type":"","overlay-color":"","overlay-opacity":"","overlay-gradient":""},"tablet":{"background-color":"","background-image":"","background-repeat":"repeat","background-position":"center center","background-size":"auto","background-attachment":"scroll","background-type":"","background-media":"","overlay-type":"","overlay-color":"","overlay-opacity":"","overlay-gradient":""},"mobile":{"background-color":"","background-image":"","background-repeat":"repeat","background-position":"center center","background-size":"auto","background-attachment":"scroll","background-type":"","background-media":"","overlay-type":"","overlay-color":"","overlay-opacity":"","overlay-gradient":""}},"ast-content-background-meta":{"desktop":{"background-color":"var(--ast-global-color-5)","background-image":"","background-repeat":"repeat","background-position":"center center","background-size":"auto","background-attachment":"scroll","background-type":"","background-media":"","overlay-type":"","overlay-color":"","overlay-opacity":"","overlay-gradient":""},"tablet":{"background-color":"var(--ast-global-color-5)","background-image":"","background-repeat":"repeat","background-position":"center center","background-size":"auto","background-attachment":"scroll","background-type":"","background-media":"","overlay-type":"","overlay-color":"","overlay-opacity":"","overlay-gradient":""},"mobile":{"background-color":"var(--ast-global-color-5)","background-image":"","background-repeat":"repeat","background-position":"center center","background-size":"auto","background-attachment":"scroll","background-type":"","background-media":"","overlay-type":"","overlay-color":"","overlay-opacity":"","overlay-gradient":""}},"footnotes":""},"categories":[29],"tags":[],"class_list":["post-9465","post","type-post","status-publish","format-standard","has-post-thumbnail","hentry","category-portada"],"post_mailing_queue_ids":[],"_links":{"self":[{"href":"https:\/\/serveiseducatius.xtec.cat\/noguera\/wp-json\/wp\/v2\/posts\/9465","targetHints":{"allow":["GET"]}}],"collection":[{"href":"https:\/\/serveiseducatius.xtec.cat\/noguera\/wp-json\/wp\/v2\/posts"}],"about":[{"href":"https:\/\/serveiseducatius.xtec.cat\/noguera\/wp-json\/wp\/v2\/types\/post"}],"author":[{"embeddable":true,"href":"https:\/\/serveiseducatius.xtec.cat\/noguera\/wp-json\/wp\/v2\/users\/1"}],"replies":[{"embeddable":true,"href":"https:\/\/serveiseducatius.xtec.cat\/noguera\/wp-json\/wp\/v2\/comments?post=9465"}],"version-history":[{"count":2,"href":"https:\/\/serveiseducatius.xtec.cat\/noguera\/wp-json\/wp\/v2\/posts\/9465\/revisions"}],"predecessor-version":[{"id":9468,"href":"https:\/\/serveiseducatius.xtec.cat\/noguera\/wp-json\/wp\/v2\/posts\/9465\/revisions\/9468"}],"wp:featuredmedia":[{"embeddable":true,"href":"https:\/\/serveiseducatius.xtec.cat\/noguera\/wp-json\/wp\/v2\/media\/9466"}],"wp:attachment":[{"href":"https:\/\/serveiseducatius.xtec.cat\/noguera\/wp-json\/wp\/v2\/media?parent=9465"}],"wp:term":[{"taxonomy":"category","embeddable":true,"href":"https:\/\/serveiseducatius.xtec.cat\/noguera\/wp-json\/wp\/v2\/categories?post=9465"},{"taxonomy":"post_tag","embeddable":true,"href":"https:\/\/serveiseducatius.xtec.cat\/noguera\/wp-json\/wp\/v2\/tags?post=9465"}],"curies":[{"name":"wp","href":"https:\/\/api.w.org\/{rel}","templated":true}]}}