{"id":9132,"date":"2018-04-05T13:49:33","date_gmt":"2018-04-05T11:49:33","guid":{"rendered":"http:\/\/serveiseducatius.xtec.cat\/noguera\/?p=9132"},"modified":"2018-04-06T12:28:24","modified_gmt":"2018-04-06T10:28:24","slug":"xiv-certamen-nacional-infantil-i-juvenil-de-lectura-en-veu-alta-balaguer","status":"publish","type":"post","link":"https:\/\/serveiseducatius.xtec.cat\/noguera\/general\/xiv-certamen-nacional-infantil-i-juvenil-de-lectura-en-veu-alta-balaguer\/","title":{"rendered":"XIV Certamen Nacional Infantil i Juvenil de Lectura en Veu Alta (Balaguer)"},"content":{"rendered":"<p>El dia\u00a05 d&#8217;abril s&#8217;han celebrat\u00a0al Teatre Municipal de Balaguer els quarts de final del XIV Certamen Nacional Infantil i Juvenil de Lectura en Veu Alta de les categories seg\u00fcents:<\/p>\n<ul>\n<li>GRUMETS VERMELLS (lectors i lectores d\u2019entre 8 i 10 anys, cicle mitj\u00e0 de prim\u00e0ria).<\/li>\n<li>GRUMETS VERDS (lectors i lectores d\u2019entre 10 i 12 anys, cicle superior de prim\u00e0ria).<\/li>\n<li>TIMONERS (lectors i lectores que fa menys de dos anys que han arribat a Catalunya)<\/li>\n<li>CORSARIS (lectors de 1r i 2n d&#8217;ESO)<\/li>\n<li>TROPA DE CORSARIS (lectors de 3r i 4t d&#8217;ESO)<\/li>\n<\/ul>\n<p>Ha participat l\u2019alumnat de l\u2019escola Alfred Potrony de T\u00e9rmens, l\u2019escola Els Planells d\u2019Artesa de Segre, l\u2019escola Ramon Gombal de Penelles, l\u2019escola Bonavista de Bellcaire d\u2019Urgell, escola Salvador Espriu de Vallfogona de Balaguer, l\u2019escola de Ponts,\u00a0 Escola de La R\u00e0pita i les escoles Gaspar de Portol\u00e0, Vedruna, La Noguera i \u00c0ngel Guimer\u00e0 de Balaguer i finalment l&#8217;Institut Ciutat de Balaguer.<\/p>\n<p>Tots els participants han rebut\u00a0com a obsequi llibres i un diploma de participaci\u00f3, aix\u00ed com el diploma de participaci\u00f3 per a cada centre indicat.<\/p>\n<p>Els guanyadors de les diferents categories han estat:<\/p>\n<ul>\n<li>GRUMETS VERMELLS:\u00a0<strong>\u00c8lia Sanmart\u00edn Fortuny<\/strong>\u00a0(Escola Gaspar de Portol\u00e0 de Balaguer) i en segon lloc Valentina Bochaca Amen\u00f3s (Escola Ramon Gombal de Penelles).<\/li>\n<li>GRUMETS VERDS:\u00a0<strong>Sergi Barlos Bergua<\/strong>\u00a0(Escola Alfred Potrony de T\u00e9rmens) i en segon lloc Denisa Florina Valas (Escola Els Planells d&#8217;Artesa de Segre)<\/li>\n<li>TIMONERS:\u00a0<strong>Hiba Laaraj\u00a0<\/strong>(Escola\u00a0La Noguera de Balaguer)<\/li>\n<li>CORSARIS: <strong>Cl\u00e0udia Mart\u00ednez Ros<\/strong> (INS Ciutat de Balaguer) i en segon lloc Berta Pubill Sidr\u00f3 (Vedruna Balaguer)<\/li>\n<li>TROPA DE CORSARIS: <strong>Oriol Verdugo S\u00f2ria, N\u00faria Voltes Miret, \u00cdker Kind Nieto<\/strong> (INS Ciutat de Balaguer) i en segon lloc Gen\u00eds Vicens Viola, Gemma Lladonosa Arrufat i Sara Puigarnau Berengu\u00e9 (Vedruna Balaguer)<\/li>\n<\/ul>\n<p>Cliqueu la imatge per accedir a la <a href=\"https:\/\/photos.app.goo.gl\/N4k2dapS4oaAYKYE2\" target=\"_blank\" rel=\"noopener noreferrer\">galeria d&#8217;imatges<\/a>\u00a0del certamen:<\/p>\n<p><a href=\"https:\/\/photos.app.goo.gl\/N4k2dapS4oaAYKYE2\" target=\"_blank\" rel=\"noopener noreferrer\"><img loading=\"lazy\" decoding=\"async\" class=\"aligncenter wp-image-9133 \" src=\"http:\/\/serveiseducatius.xtec.cat\/noguera\/wp-content\/uploads\/usu1149\/2018\/04\/IMG_20180405_122014_288.jpg\" alt=\"\" width=\"560\" height=\"420\" srcset=\"https:\/\/serveiseducatius.xtec.cat\/noguera\/wp-content\/uploads\/usu1149\/2018\/04\/IMG_20180405_122014_288.jpg 1126w, https:\/\/serveiseducatius.xtec.cat\/noguera\/wp-content\/uploads\/usu1149\/2018\/04\/IMG_20180405_122014_288-300x225.jpg 300w, https:\/\/serveiseducatius.xtec.cat\/noguera\/wp-content\/uploads\/usu1149\/2018\/04\/IMG_20180405_122014_288-768x576.jpg 768w, https:\/\/serveiseducatius.xtec.cat\/noguera\/wp-content\/uploads\/usu1149\/2018\/04\/IMG_20180405_122014_288-1024x768.jpg 1024w, https:\/\/serveiseducatius.xtec.cat\/noguera\/wp-content\/uploads\/usu1149\/2018\/04\/IMG_20180405_122014_288-200x150.jpg 200w\" sizes=\"auto, (max-width: 560px) 100vw, 560px\" \/><\/a><\/p>\n<p>Els guanyadors participaran el proper <strong>19 d&#8217;abril de 2018<\/strong> a les semifinals que tindran lloc a Mollerussa.<\/p>\n","protected":false},"excerpt":{"rendered":"<p>El dia\u00a05 d&#8217;abril s&#8217;han celebrat\u00a0al Teatre Municipal de Balaguer els quarts de final del XIV Certamen Nacional Infantil i Juvenil de Lectura en Veu Alta de les categories seg\u00fcents: GRUMETS VERMELLS (lectors i lectores d\u2019entre 8 i 10 anys, cicle mitj\u00e0 de prim\u00e0ria). GRUMETS VERDS (lectors i lectores d\u2019entre 10 i 12 anys, cicle superior [&hellip;]<\/p>\n","protected":false},"author":1,"featured_media":9133,"comment_status":"open","ping_status":"closed","sticky":false,"template":"","format":"standard","meta":{"_bbp_topic_count":0,"_bbp_reply_count":0,"_bbp_total_topic_count":0,"_bbp_total_reply_count":0,"_bbp_voice_count":0,"_bbp_anonymous_reply_count":0,"_bbp_topic_count_hidden":0,"_bbp_reply_count_hidden":0,"_bbp_forum_subforum_count":0,"site-sidebar-layout":"default","site-content-layout":"","ast-site-content-layout":"","site-content-style":"default","site-sidebar-style":"default","ast-global-header-display":"","ast-banner-title-visibility":"","ast-main-header-display":"","ast-hfb-above-header-display":"","ast-hfb-below-header-display":"","ast-hfb-mobile-header-display":"","site-post-title":"","ast-breadcrumbs-content":"","ast-featured-img":"","footer-sml-layout":"","theme-transparent-header-meta":"","adv-header-id-meta":"","stick-header-meta":"","header-above-stick-meta":"","header-main-stick-meta":"","header-below-stick-meta":"","astra-migrate-meta-layouts":"default","ast-page-background-enabled":"default","ast-page-background-meta":{"desktop":{"background-color":"var(--ast-global-color-4)","background-image":"","background-repeat":"repeat","background-position":"center center","background-size":"auto","background-attachment":"scroll","background-type":"","background-media":"","overlay-type":"","overlay-color":"","overlay-opacity":"","overlay-gradient":""},"tablet":{"background-color":"","background-image":"","background-repeat":"repeat","background-position":"center center","background-size":"auto","background-attachment":"scroll","background-type":"","background-media":"","overlay-type":"","overlay-color":"","overlay-opacity":"","overlay-gradient":""},"mobile":{"background-color":"","background-image":"","background-repeat":"repeat","background-position":"center center","background-size":"auto","background-attachment":"scroll","background-type":"","background-media":"","overlay-type":"","overlay-color":"","overlay-opacity":"","overlay-gradient":""}},"ast-content-background-meta":{"desktop":{"background-color":"var(--ast-global-color-5)","background-image":"","background-repeat":"repeat","background-position":"center center","background-size":"auto","background-attachment":"scroll","background-type":"","background-media":"","overlay-type":"","overlay-color":"","overlay-opacity":"","overlay-gradient":""},"tablet":{"background-color":"var(--ast-global-color-5)","background-image":"","background-repeat":"repeat","background-position":"center center","background-size":"auto","background-attachment":"scroll","background-type":"","background-media":"","overlay-type":"","overlay-color":"","overlay-opacity":"","overlay-gradient":""},"mobile":{"background-color":"var(--ast-global-color-5)","background-image":"","background-repeat":"repeat","background-position":"center center","background-size":"auto","background-attachment":"scroll","background-type":"","background-media":"","overlay-type":"","overlay-color":"","overlay-opacity":"","overlay-gradient":""}},"footnotes":""},"categories":[1,72,29],"tags":[],"class_list":["post-9132","post","type-post","status-publish","format-standard","has-post-thumbnail","hentry","category-general","category-lectura-en-veu-alta","category-portada"],"post_mailing_queue_ids":[],"_links":{"self":[{"href":"https:\/\/serveiseducatius.xtec.cat\/noguera\/wp-json\/wp\/v2\/posts\/9132","targetHints":{"allow":["GET"]}}],"collection":[{"href":"https:\/\/serveiseducatius.xtec.cat\/noguera\/wp-json\/wp\/v2\/posts"}],"about":[{"href":"https:\/\/serveiseducatius.xtec.cat\/noguera\/wp-json\/wp\/v2\/types\/post"}],"author":[{"embeddable":true,"href":"https:\/\/serveiseducatius.xtec.cat\/noguera\/wp-json\/wp\/v2\/users\/1"}],"replies":[{"embeddable":true,"href":"https:\/\/serveiseducatius.xtec.cat\/noguera\/wp-json\/wp\/v2\/comments?post=9132"}],"version-history":[{"count":2,"href":"https:\/\/serveiseducatius.xtec.cat\/noguera\/wp-json\/wp\/v2\/posts\/9132\/revisions"}],"predecessor-version":[{"id":9135,"href":"https:\/\/serveiseducatius.xtec.cat\/noguera\/wp-json\/wp\/v2\/posts\/9132\/revisions\/9135"}],"wp:featuredmedia":[{"embeddable":true,"href":"https:\/\/serveiseducatius.xtec.cat\/noguera\/wp-json\/wp\/v2\/media\/9133"}],"wp:attachment":[{"href":"https:\/\/serveiseducatius.xtec.cat\/noguera\/wp-json\/wp\/v2\/media?parent=9132"}],"wp:term":[{"taxonomy":"category","embeddable":true,"href":"https:\/\/serveiseducatius.xtec.cat\/noguera\/wp-json\/wp\/v2\/categories?post=9132"},{"taxonomy":"post_tag","embeddable":true,"href":"https:\/\/serveiseducatius.xtec.cat\/noguera\/wp-json\/wp\/v2\/tags?post=9132"}],"curies":[{"name":"wp","href":"https:\/\/api.w.org\/{rel}","templated":true}]}}