{"id":16596,"date":"2026-09-03T09:18:19","date_gmt":"2026-09-03T07:18:19","guid":{"rendered":"https:\/\/serveiseducatius.xtec.cat\/noguera\/?p=16596"},"modified":"2026-09-03T11:40:12","modified_gmt":"2026-09-03T09:40:12","slug":"inscripcions-formacio-en-linia-de-prevencio-de-lassetjament-escolar","status":"publish","type":"post","link":"https:\/\/serveiseducatius.xtec.cat\/noguera\/portada\/inscripcions-formacio-en-linia-de-prevencio-de-lassetjament-escolar\/","title":{"rendered":"Inscripcions formaci\u00f3 en l\u00ednia de prevenci\u00f3 de l\u2019assetjament escolar"},"content":{"rendered":"<div>\n<p dir=\"ltr\">Des de l\u2019equip t\u00e8cnic del programa #aquiproubullying han<span style=\"font-size: 16px;\"> impulsat la creaci\u00f3 d&#8217;un programa formatiu per a la prevenci\u00f3 de l&#8217;assetjament escolar en format en l\u00ednia que consta de dos cursos. Els cursos compten amb el suport d&#8217;un tutor o tutora que far\u00e0 l&#8217;acompanyament de les tasques entregades de forma personalitzada i \u00e9s en format as\u00edncron.\u00a0\u00a0<\/span><\/p>\n<h5 dir=\"ltr\">El primer curs Prevenci\u00f3 de l&#8217;assetjament escolar:<\/h5>\n<p dir=\"ltr\"><strong>Sensibilitzaci\u00f3 i observaci\u00f3 conscient<\/strong>, \u00e9s un curs introductori sobre el concepte d&#8217;assetjament, la difer\u00e8ncia entre conflicte, viol\u00e8ncia i agressivitat, i entra en dues de les tres estrat\u00e8gies preventives que s\u00f3n la sensibilitzaci\u00f3 i l\u2019observaci\u00f3 conscient.<\/p>\n<p><span id=\"m_-5996334681908105683gmail-docs-internal-guid-6c1cfda9-7fff-85c1-1ee9-9fe5939b3653\"><br \/>\n<img loading=\"lazy\" decoding=\"async\" class=\"CToWUd a6T\" tabindex=\"0\" src=\"https:\/\/mail.google.com\/mail\/u\/0?ui=2&amp;ik=75acb7ace1&amp;attid=0.1&amp;permmsgid=msg-f:1875289298901071566&amp;th=1a065dae8016f6ce&amp;view=fimg&amp;fur=ip&amp;permmsgid=msg-f:1875289298901071566&amp;sz=s0-l75-ft&amp;attbid=ANGjdJ_TDIBcG6fWM9n_90JSCz7GMLqJFoB4wxZxPy1j30AWMsB8mth9J1ywWK6lGpO2jTKZWDuz8CXv2juWdnp_AkX_ZbPoT_qLb5l3kl2eXoZAnQRBFMAq201k3WQ&amp;disp=emb&amp;realattid=ii_mrxafh6p0&amp;zw\" alt=\"image.png\" width=\"250\" height=\"141\" data-image-whitelisted=\"\" data-bit=\"iit\" \/><\/span><\/p>\n<\/div>\n<div>Inscripcions: del 4 al 20 de setembre de 2026<\/div>\n<div>Dates del curs: 20\/10\/2026 fins a 17\/11\/2026<\/div>\n<div>Hores: 2<span class=\"gmail_default\">0<\/span>h<\/div>\n<div>Codi activitat: 9002000517<\/div>\n<div>\n<p>Enlla\u00e7 a la inscripci\u00f3: <a href=\"https:\/\/aplicacions.gestioeducativa.gencat.cat\/ords\/pls\/soloas\/inscripcionsnp?codi=9002000517&amp;curs=2026-2027\" target=\"_blank\" rel=\"noopener\" data-saferedirecturl=\"https:\/\/www.google.com\/url?q=https:\/\/aplicacions.gestioeducativa.gencat.cat\/ords\/pls\/soloas\/inscripcionsnp?codi%3D9002000517%26curs%3D2026-2027&amp;source=gmail&amp;ust=1788504087790000&amp;usg=AOvVaw3EidPF9zW6JOGzZsHAraXu\">Prevenci\u00f3 de l&#8217;assetjament escolar: sensibilitzaci\u00f3 i observaci\u00f3 conscient.<\/a><\/p>\n<h5 dir=\"ltr\">Segon curs Prevenci\u00f3 de l&#8217;assetjament escolar:<\/h5>\n<p dir=\"ltr\"><strong>Provenci\u00f3<\/strong>,\u00a0 que ens acompanyar\u00e0 a reflexionar sobre el concepte de provenci\u00f3, com aplicar-la en la creaci\u00f3 i formaci\u00f3 de grups i la import\u00e0ncia del desenvolupament de l&#8217;educaci\u00f3 socioemocional, situant la provenci\u00f3 com una de les estrat\u00e8gies preventives m\u00e9s importants. Per a inscriure\u2019t a aquest segon curs recomanem haver cursat el primer.<\/p>\n<p><img loading=\"lazy\" decoding=\"async\" class=\"CToWUd a6T\" tabindex=\"0\" src=\"https:\/\/mail.google.com\/mail\/u\/0?ui=2&amp;ik=75acb7ace1&amp;attid=0.2&amp;permmsgid=msg-f:1875289298901071566&amp;th=1a065dae8016f6ce&amp;view=fimg&amp;fur=ip&amp;permmsgid=msg-f:1875289298901071566&amp;sz=s0-l75-ft&amp;attbid=ANGjdJ_nX3L9CtS1svJPL367Y0gOy79pfwyjhFTbZiNgvIXCnNJiCFG5Nb7Ev2Xl-VaywQsAhsVsmrw5XDqJJXyn6kDRG3f4bh3BbDNKj_2112BnE9y9lEQzRsL9bAU&amp;disp=emb&amp;realattid=ii_mrxa614t1&amp;zw\" alt=\"image.png\" width=\"232\" height=\"131\" data-image-whitelisted=\"\" data-bit=\"iit\" \/><\/p>\n<p dir=\"ltr\">Inscripcions: del 4 al 20 de setembre de 2026<\/p>\n<p dir=\"ltr\">Dates del curs: 20\/10\/2026 fins a 01\/12\/2026<\/p>\n<p dir=\"ltr\">Hores: 30 h<\/p>\n<p dir=\"ltr\">Codi activitat: 9003000517<\/p>\n<p dir=\"ltr\">Enlla\u00e7 a la inscripci\u00f3: <a href=\"https:\/\/aplicacions.gestioeducativa.gencat.cat\/ords\/pls\/soloas\/inscripcionsnp?codi=9003000517&amp;curs=2026-2027\" target=\"_blank\" rel=\"noopener\" data-saferedirecturl=\"https:\/\/www.google.com\/url?q=https:\/\/aplicacions.gestioeducativa.gencat.cat\/ords\/pls\/soloas\/inscripcionsnp?codi%3D9003000517%26curs%3D2026-2027&amp;source=gmail&amp;ust=1788504087790000&amp;usg=AOvVaw2jfPHxkvodpFETOWu4tFXA\">Prevenci\u00f3 de l&#8217;assetjament escolar: provenci\u00f3.<\/a><\/p>\n<\/div>\n","protected":false},"excerpt":{"rendered":"<p>Des de l\u2019equip t\u00e8cnic del programa #aquiproubullying han impulsat la creaci\u00f3 d&#8217;un programa formatiu per a la prevenci\u00f3 de l&#8217;assetjament escolar en format en l\u00ednia que consta de dos cursos. Els cursos compten amb el suport d&#8217;un tutor o tutora que far\u00e0 l&#8217;acompanyament de les tasques entregades de forma personalitzada i \u00e9s en format as\u00edncron.\u00a0\u00a0 [&hellip;]<\/p>\n","protected":false},"author":35,"featured_media":16597,"comment_status":"open","ping_status":"open","sticky":false,"template":"","format":"standard","meta":{"_bbp_topic_count":0,"_bbp_reply_count":0,"_bbp_total_topic_count":0,"_bbp_total_reply_count":0,"_bbp_voice_count":0,"_bbp_anonymous_reply_count":0,"_bbp_topic_count_hidden":0,"_bbp_reply_count_hidden":0,"_bbp_forum_subforum_count":0,"site-sidebar-layout":"default","site-content-layout":"","ast-site-content-layout":"default","site-content-style":"default","site-sidebar-style":"default","ast-global-header-display":"","ast-banner-title-visibility":"","ast-main-header-display":"","ast-hfb-above-header-display":"","ast-hfb-below-header-display":"","ast-hfb-mobile-header-display":"","site-post-title":"","ast-breadcrumbs-content":"","ast-featured-img":"","footer-sml-layout":"","theme-transparent-header-meta":"default","adv-header-id-meta":"","stick-header-meta":"","header-above-stick-meta":"","header-main-stick-meta":"","header-below-stick-meta":"","astra-migrate-meta-layouts":"set","ast-page-background-enabled":"default","ast-page-background-meta":{"desktop":{"background-color":"var(--ast-global-color-4)","background-image":"","background-repeat":"repeat","background-position":"center center","background-size":"auto","background-attachment":"scroll","background-type":"","background-media":"","overlay-type":"","overlay-color":"","overlay-opacity":"","overlay-gradient":""},"tablet":{"background-color":"","background-image":"","background-repeat":"repeat","background-position":"center center","background-size":"auto","background-attachment":"scroll","background-type":"","background-media":"","overlay-type":"","overlay-color":"","overlay-opacity":"","overlay-gradient":""},"mobile":{"background-color":"","background-image":"","background-repeat":"repeat","background-position":"center center","background-size":"auto","background-attachment":"scroll","background-type":"","background-media":"","overlay-type":"","overlay-color":"","overlay-opacity":"","overlay-gradient":""}},"ast-content-background-meta":{"desktop":{"background-color":"var(--ast-global-color-5)","background-image":"","background-repeat":"repeat","background-position":"center center","background-size":"auto","background-attachment":"scroll","background-type":"","background-media":"","overlay-type":"","overlay-color":"","overlay-opacity":"","overlay-gradient":""},"tablet":{"background-color":"var(--ast-global-color-5)","background-image":"","background-repeat":"repeat","background-position":"center center","background-size":"auto","background-attachment":"scroll","background-type":"","background-media":"","overlay-type":"","overlay-color":"","overlay-opacity":"","overlay-gradient":""},"mobile":{"background-color":"var(--ast-global-color-5)","background-image":"","background-repeat":"repeat","background-position":"center center","background-size":"auto","background-attachment":"scroll","background-type":"","background-media":"","overlay-type":"","overlay-color":"","overlay-opacity":"","overlay-gradient":""}},"footnotes":""},"categories":[1023,154,156,235,29],"tags":[847,1184],"class_list":["post-16596","post","type-post","status-publish","format-standard","has-post-thumbnail","hentry","category-benestar-emocional","category-formacio","category-materials-de-formacio","category-formacio_ins","category-portada","tag-aquiproubullying","tag-assetjament-escolar"],"post_mailing_queue_ids":[],"_links":{"self":[{"href":"https:\/\/serveiseducatius.xtec.cat\/noguera\/wp-json\/wp\/v2\/posts\/16596","targetHints":{"allow":["GET"]}}],"collection":[{"href":"https:\/\/serveiseducatius.xtec.cat\/noguera\/wp-json\/wp\/v2\/posts"}],"about":[{"href":"https:\/\/serveiseducatius.xtec.cat\/noguera\/wp-json\/wp\/v2\/types\/post"}],"author":[{"embeddable":true,"href":"https:\/\/serveiseducatius.xtec.cat\/noguera\/wp-json\/wp\/v2\/users\/35"}],"replies":[{"embeddable":true,"href":"https:\/\/serveiseducatius.xtec.cat\/noguera\/wp-json\/wp\/v2\/comments?post=16596"}],"version-history":[{"count":2,"href":"https:\/\/serveiseducatius.xtec.cat\/noguera\/wp-json\/wp\/v2\/posts\/16596\/revisions"}],"predecessor-version":[{"id":16609,"href":"https:\/\/serveiseducatius.xtec.cat\/noguera\/wp-json\/wp\/v2\/posts\/16596\/revisions\/16609"}],"wp:featuredmedia":[{"embeddable":true,"href":"https:\/\/serveiseducatius.xtec.cat\/noguera\/wp-json\/wp\/v2\/media\/16597"}],"wp:attachment":[{"href":"https:\/\/serveiseducatius.xtec.cat\/noguera\/wp-json\/wp\/v2\/media?parent=16596"}],"wp:term":[{"taxonomy":"category","embeddable":true,"href":"https:\/\/serveiseducatius.xtec.cat\/noguera\/wp-json\/wp\/v2\/categories?post=16596"},{"taxonomy":"post_tag","embeddable":true,"href":"https:\/\/serveiseducatius.xtec.cat\/noguera\/wp-json\/wp\/v2\/tags?post=16596"}],"curies":[{"name":"wp","href":"https:\/\/api.w.org\/{rel}","templated":true}]}}