{"id":16582,"date":"2026-09-01T13:13:45","date_gmt":"2026-09-01T11:13:45","guid":{"rendered":"https:\/\/serveiseducatius.xtec.cat\/noguera\/?p=16582"},"modified":"2026-09-01T13:13:45","modified_gmt":"2026-09-01T11:13:45","slug":"ii-jornada-tea-el-tea-al-llarg-de-la-vida","status":"publish","type":"post","link":"https:\/\/serveiseducatius.xtec.cat\/noguera\/portada\/ii-jornada-tea-el-tea-al-llarg-de-la-vida\/","title":{"rendered":"II Jornada TEA: El TEA al llarg de la vida"},"content":{"rendered":"<p>Des dels Serveis Educatius i Formaci\u00f3 Permanent dels Serveis Territorials d\u2019Educaci\u00f3 a Lleida ens fan arribar aquesta proposta formativa, que considerem que pot ser del vostre inter\u00e8s:<\/p>\n<p><strong><a href=\"https:\/\/aplicacions.gestioeducativa.gencat.cat\/ords\/pls\/soloas\/pk_for_mod_ins.p_for_detall_activitat?p_codi=6004250506&amp;p_curs=2026-2027&amp;p_es_inscr=S\" target=\"_blank\" rel=\"noopener\" data-saferedirecturl=\"https:\/\/www.google.com\/url?q=https:\/\/aplicacions.gestioeducativa.gencat.cat\/ords\/pls\/soloas\/pk_for_mod_ins.p_for_detall_activitat?p_codi%3D6004250506%26p_curs%3D2026-2027%26p_es_inscr%3DS&amp;source=gmail&amp;ust=1788336232023000&amp;usg=AOvVaw3iYWN1B1pV-yQQAbXUar0X\">II Jornada TEA: El TEA al llarg de la vida<\/a><\/strong><\/p>\n<p><strong>Codi de l\u2019activitat:<\/strong>\u00a06004250506<br \/>\n<strong>Data:<\/strong>\u00a08 d\u2019octubre de 2026<br \/>\n<strong>Horari:<\/strong>\u00a0de 8.45 a 16.00 h<br \/>\n<strong>Durada:<\/strong>\u00a06 hores<br \/>\n<strong>Lloc:<\/strong>\u00a0Hospital de Dia Sant Joan de D\u00e9u\u00a0<a href=\"https:\/\/www.google.com\/maps\/search\/Terres+de+Lleida.+Av.+de+la+Canadiense,+26-30,+Lleida?entry=gmail&amp;source=g\" data-saferedirecturl=\"https:\/\/www.google.com\/url?q=https:\/\/www.google.com\/maps\/search\/Terres%2Bde%2BLleida.%2BAv.%2Bde%2Bla%2BCanadiense,%2B26-30,%2BLleida?entry%3Dgmail%26source%3Dg&amp;source=gmail&amp;ust=1788336232023000&amp;usg=AOvVaw2N0FOchsvkrumFfGbdhqiA\">Terres de Lleida. Av. de la Canadiense, 26-30, Lleida<\/a><\/p>\n<p>La jornada s\u2019adre\u00e7a a\u00a0<strong>professionals de tots els nivells educatius del Departament d\u2019Educaci\u00f3, aix\u00ed com a professionals dels \u00e0mbits social i sanitari interessats en el trastorn de l\u2019espectre autista (TEA)<\/strong>.<\/p>\n<p>L\u2019objectiu principal de la jornada \u00e9s oferir als i les professionals\u00a0<strong>una visi\u00f3 integral i actualitzada del TEA al llarg de les diferents etapes de la vida<\/strong>, afavorint l\u2019intercanvi de coneixements, experi\u00e8ncies i pr\u00e0ctiques entre els diferents \u00e0mbits professionals.<\/p>\n<p>Per participar-hi, cal formalitzar la inscripci\u00f3 en\u00a0<strong>dos passos<\/strong>, abans del\u00a0<strong>30 de setembre de 2026<\/strong>:<\/p>\n<ol start=\"1\">\n<li><strong><a href=\"https:\/\/aplicacions.gestioeducativa.gencat.cat\/ords\/pls\/soloas\/pk_for_mod_ins.p_for_detall_activitat?p_codi=6004250506&amp;p_curs=2026-2027&amp;p_es_inscr=S\" target=\"_blank\" rel=\"noopener\" data-saferedirecturl=\"https:\/\/www.google.com\/url?q=https:\/\/aplicacions.gestioeducativa.gencat.cat\/ords\/pls\/soloas\/pk_for_mod_ins.p_for_detall_activitat?p_codi%3D6004250506%26p_curs%3D2026-2027%26p_es_inscr%3DS&amp;source=gmail&amp;ust=1788336232023000&amp;usg=AOvVaw3iYWN1B1pV-yQQAbXUar0X\">Inscripci\u00f3 per a la certificaci\u00f3 de l\u2019activitat<\/a><\/strong><\/li>\n<li><strong><a href=\"https:\/\/www.iter5.cat\/inscripcions\/formCursa.php?id=2221\" target=\"_blank\" rel=\"noopener\" data-saferedirecturl=\"https:\/\/www.google.com\/url?q=https:\/\/www.iter5.cat\/inscripcions\/formCursa.php?id%3D2221&amp;source=gmail&amp;ust=1788336232023000&amp;usg=AOvVaw3-ip96uHG9yhQuPRCDR2wv\">Tria de modalitat i formalitzaci\u00f3 de la inscripci\u00f3<\/a><\/strong><\/li>\n<\/ol>\n<p>Us adjuntem el\u00a0<strong>programa de la jornada<\/strong>, on trobareu informaci\u00f3 detallada sobre les pon\u00e8ncies, les activitats i l\u2019organitzaci\u00f3.<\/p>\n<div style=\"width: 100%; margin: 25px 0;\"><iframe loading=\"lazy\" style=\"border: none;\" title=\"Programa Jornada TEA 2026\" src=\"https:\/\/serveiseducatius.xtec.cat\/noguera\/wp-content\/uploads\/usu1149\/2026\/09\/Programa-Jornada-TEA-2026.pdf\" width=\"100%\" height=\"750\"><br \/>\n<\/iframe><\/div>\n<p>At\u00e8s que les places s\u00f3n limitades i que una part de la jornada requereix una organitzaci\u00f3 pr\u00e8via, <strong>us agrairem el comprom\u00eds d\u2019assist\u00e8ncia un cop formalitzada la inscripci\u00f3<\/strong>. En cas que finalment no hi pugueu assistir, us demanem que tramiteu la baixa volunt\u00e0ria de l\u2019activitat i que ens ho comuniqueu responent a aquest mateix correu, per tal de poder oferir la pla\u00e7a a una altra persona en situaci\u00f3 de reserva.<\/p>\n","protected":false},"excerpt":{"rendered":"<p>Des dels Serveis Educatius i Formaci\u00f3 Permanent dels Serveis Territorials d\u2019Educaci\u00f3 a Lleida ens fan arribar aquesta proposta formativa, que considerem que pot ser del vostre inter\u00e8s: II Jornada TEA: El TEA al llarg de la vida Codi de l\u2019activitat:\u00a06004250506 Data:\u00a08 d\u2019octubre de 2026 Horari:\u00a0de 8.45 a 16.00 h Durada:\u00a06 hores Lloc:\u00a0Hospital de Dia Sant [&hellip;]<\/p>\n","protected":false},"author":35,"featured_media":16584,"comment_status":"open","ping_status":"open","sticky":false,"template":"","format":"standard","meta":{"_bbp_topic_count":0,"_bbp_reply_count":0,"_bbp_total_topic_count":0,"_bbp_total_reply_count":0,"_bbp_voice_count":0,"_bbp_anonymous_reply_count":0,"_bbp_topic_count_hidden":0,"_bbp_reply_count_hidden":0,"_bbp_forum_subforum_count":0,"site-sidebar-layout":"default","site-content-layout":"","ast-site-content-layout":"default","site-content-style":"default","site-sidebar-style":"default","ast-global-header-display":"","ast-banner-title-visibility":"","ast-main-header-display":"","ast-hfb-above-header-display":"","ast-hfb-below-header-display":"","ast-hfb-mobile-header-display":"","site-post-title":"","ast-breadcrumbs-content":"","ast-featured-img":"","footer-sml-layout":"","theme-transparent-header-meta":"default","adv-header-id-meta":"","stick-header-meta":"","header-above-stick-meta":"","header-main-stick-meta":"","header-below-stick-meta":"","astra-migrate-meta-layouts":"set","ast-page-background-enabled":"default","ast-page-background-meta":{"desktop":{"background-color":"var(--ast-global-color-4)","background-image":"","background-repeat":"repeat","background-position":"center center","background-size":"auto","background-attachment":"scroll","background-type":"","background-media":"","overlay-type":"","overlay-color":"","overlay-opacity":"","overlay-gradient":""},"tablet":{"background-color":"","background-image":"","background-repeat":"repeat","background-position":"center center","background-size":"auto","background-attachment":"scroll","background-type":"","background-media":"","overlay-type":"","overlay-color":"","overlay-opacity":"","overlay-gradient":""},"mobile":{"background-color":"","background-image":"","background-repeat":"repeat","background-position":"center center","background-size":"auto","background-attachment":"scroll","background-type":"","background-media":"","overlay-type":"","overlay-color":"","overlay-opacity":"","overlay-gradient":""}},"ast-content-background-meta":{"desktop":{"background-color":"var(--ast-global-color-5)","background-image":"","background-repeat":"repeat","background-position":"center center","background-size":"auto","background-attachment":"scroll","background-type":"","background-media":"","overlay-type":"","overlay-color":"","overlay-opacity":"","overlay-gradient":""},"tablet":{"background-color":"var(--ast-global-color-5)","background-image":"","background-repeat":"repeat","background-position":"center center","background-size":"auto","background-attachment":"scroll","background-type":"","background-media":"","overlay-type":"","overlay-color":"","overlay-opacity":"","overlay-gradient":""},"mobile":{"background-color":"var(--ast-global-color-5)","background-image":"","background-repeat":"repeat","background-position":"center center","background-size":"auto","background-attachment":"scroll","background-type":"","background-media":"","overlay-type":"","overlay-color":"","overlay-opacity":"","overlay-gradient":""}},"footnotes":""},"categories":[154,235,29],"tags":[],"class_list":["post-16582","post","type-post","status-publish","format-standard","has-post-thumbnail","hentry","category-formacio","category-formacio_ins","category-portada"],"post_mailing_queue_ids":[],"_links":{"self":[{"href":"https:\/\/serveiseducatius.xtec.cat\/noguera\/wp-json\/wp\/v2\/posts\/16582","targetHints":{"allow":["GET"]}}],"collection":[{"href":"https:\/\/serveiseducatius.xtec.cat\/noguera\/wp-json\/wp\/v2\/posts"}],"about":[{"href":"https:\/\/serveiseducatius.xtec.cat\/noguera\/wp-json\/wp\/v2\/types\/post"}],"author":[{"embeddable":true,"href":"https:\/\/serveiseducatius.xtec.cat\/noguera\/wp-json\/wp\/v2\/users\/35"}],"replies":[{"embeddable":true,"href":"https:\/\/serveiseducatius.xtec.cat\/noguera\/wp-json\/wp\/v2\/comments?post=16582"}],"version-history":[{"count":1,"href":"https:\/\/serveiseducatius.xtec.cat\/noguera\/wp-json\/wp\/v2\/posts\/16582\/revisions"}],"predecessor-version":[{"id":16585,"href":"https:\/\/serveiseducatius.xtec.cat\/noguera\/wp-json\/wp\/v2\/posts\/16582\/revisions\/16585"}],"wp:featuredmedia":[{"embeddable":true,"href":"https:\/\/serveiseducatius.xtec.cat\/noguera\/wp-json\/wp\/v2\/media\/16584"}],"wp:attachment":[{"href":"https:\/\/serveiseducatius.xtec.cat\/noguera\/wp-json\/wp\/v2\/media?parent=16582"}],"wp:term":[{"taxonomy":"category","embeddable":true,"href":"https:\/\/serveiseducatius.xtec.cat\/noguera\/wp-json\/wp\/v2\/categories?post=16582"},{"taxonomy":"post_tag","embeddable":true,"href":"https:\/\/serveiseducatius.xtec.cat\/noguera\/wp-json\/wp\/v2\/tags?post=16582"}],"curies":[{"name":"wp","href":"https:\/\/api.w.org\/{rel}","templated":true}]}}