{"id":16429,"date":"2026-04-28T15:48:07","date_gmt":"2026-04-28T13:48:07","guid":{"rendered":"https:\/\/serveiseducatius.xtec.cat\/noguera\/?p=16429"},"modified":"2026-04-28T15:49:18","modified_gmt":"2026-04-28T13:49:18","slug":"webinar-en-linia-porta-a-laula-contingut-cientific-actualitzat-sobre-la-primavera-i-lestiu","status":"publish","type":"post","link":"https:\/\/serveiseducatius.xtec.cat\/noguera\/general\/webinar-en-linia-porta-a-laula-contingut-cientific-actualitzat-sobre-la-primavera-i-lestiu\/","title":{"rendered":"Webinar en l\u00ednia. Porta\u00a0a l\u2019aula contingut cient\u00edfic actualitzat sobre la primavera i l&#8217;estiu"},"content":{"rendered":"<h1>Fem la tercera Hora Verda!<\/h1>\n<p>L\u2019<b>Hora Verda<\/b>, el projecte d\u2019Escoles Verdes i el CREAF per connectar amb la natura i tenir una finestra oberta a la ci\u00e8ncia, presenta la tercera i \u00faltima edici\u00f3 del curs: la\u00a0<b>ci\u00e8ncia del bon temps<\/b>! Est\u00e0 adre\u00e7ada a professorat de\u00a0<b>prim\u00e0ria i de secund\u00e0ria<\/b>. L&#8217;Hora Verda consta de tres webinars online que es fan un cop al trimestre i tenen\u00a0com a tema transversal el canvi clim\u00e0tic i la biodiversitat. El tercer ser\u00e0 el\u00a0<b>dimarts 19 de maig\u00a0de 17.30 a 19h<\/b>\u00a0i tractar\u00e0<b>\u00a0la ci\u00e8ncia de la primavera i l&#8217;estiu<\/b>. Cada trobada compta amb\u00a0<b>micro-xerrades en directe de persones cient\u00edfiques<\/b>\u00a0de diferents centres de recerca de Catalunya que ens expliquen\u00a0aspectes nous, curiosos i rellevants sobre cada estaci\u00f3 de l\u2019any. Tamb\u00e9 resolen dubtes, fan propostes educatives i posen a prova el que sabem.<\/p>\n<p><a id=\"m_6566251069817812669OWAc6bafa55-a097-a98f-76c4-78a9a4ac0304\" title=\"https:\/\/creaf.us4.list-manage.com\/track\/click?u=91928d98958b6266aa0ac4584&amp;id=c35e7930a6&amp;e=c03f4f16b5\" href=\"https:\/\/creaf.us4.list-manage.com\/track\/click?u=91928d98958b6266aa0ac4584&amp;id=c35e7930a6&amp;e=c03f4f16b5\" target=\"_blank\" rel=\"noopener\" data-saferedirecturl=\"https:\/\/www.google.com\/url?q=https:\/\/creaf.us4.list-manage.com\/track\/click?u%3D91928d98958b6266aa0ac4584%26id%3Dc35e7930a6%26e%3Dc03f4f16b5&amp;source=gmail&amp;ust=1777443178334000&amp;usg=AOvVaw1gKzB3eeTGLa7okbMpmgLq\"><b>INSCRIPCI\u00d3 HORA VERDA DEL BON TEMPS (19 MAIG)<\/b><\/a><\/p>\n<p><a id=\"m_6566251069817812669OWA2a9415b5-a8c6-20c3-65ee-c87126bcd8b1\" title=\"https:\/\/creaf.us4.list-manage.com\/track\/click?u=91928d98958b6266aa0ac4584&amp;id=d427da1bdd&amp;e=c03f4f16b5\" href=\"https:\/\/creaf.us4.list-manage.com\/track\/click?u=91928d98958b6266aa0ac4584&amp;id=d427da1bdd&amp;e=c03f4f16b5\" target=\"_blank\" rel=\"noopener\" data-saferedirecturl=\"https:\/\/www.google.com\/url?q=https:\/\/creaf.us4.list-manage.com\/track\/click?u%3D91928d98958b6266aa0ac4584%26id%3Dd427da1bdd%26e%3Dc03f4f16b5&amp;source=gmail&amp;ust=1777443178334000&amp;usg=AOvVaw11dlHB9nVcbkEZuSzDAD5z\"><b>M\u00c9S INFORMACI\u00d3<\/b><\/a><\/p>\n<h1>CONEIX ELS EXPERTS I EXPERTES<\/h1>\n<p><img decoding=\"async\" id=\"m_6566251069817812669image_0\" class=\"CToWUd a6T\" tabindex=\"0\" src=\"https:\/\/ci3.googleusercontent.com\/meips\/ADKq_NbKwyGM7eGuio4JZjasWm6ua8uuMyxEpXkl0NCSU7Q7blGgTDxcL6mNc5hxNUKXDoEMFLMI4UfA5e81qy6DM0mkR8hCLiMj8yF06TfYIQzsxKaNX1mAh15wTq8ZL0eV1PBvlR_TKgDSiFXM21PnKu_1sXSpAdQyYmY=s0-d-e1-ft#https:\/\/mcusercontent.com\/91928d98958b6266aa0ac4584\/images\/55b63987-5618-7c8d-469b-82e026c31eb7.png\" width=\"564\" data-bit=\"iit\" \/><\/p>\n<p><a id=\"m_6566251069817812669OWAe11b97b3-1953-4b65-9126-4acbd112f4eb\" title=\"https:\/\/creaf.us4.list-manage.com\/track\/click?u=91928d98958b6266aa0ac4584&amp;id=2944991149&amp;e=c03f4f16b5\" href=\"https:\/\/creaf.us4.list-manage.com\/track\/click?u=91928d98958b6266aa0ac4584&amp;id=2944991149&amp;e=c03f4f16b5\" target=\"_blank\" rel=\"noopener\" data-saferedirecturl=\"https:\/\/www.google.com\/url?q=https:\/\/creaf.us4.list-manage.com\/track\/click?u%3D91928d98958b6266aa0ac4584%26id%3D2944991149%26e%3Dc03f4f16b5&amp;source=gmail&amp;ust=1777443178334000&amp;usg=AOvVaw3EB0CZ3Pjr4CJKdGBPwYPE\"><b>PROGRAMA<\/b><\/a><\/p>\n<p>&nbsp;<\/p>\n","protected":false},"excerpt":{"rendered":"<p>Fem la tercera Hora Verda! L\u2019Hora Verda, el projecte d\u2019Escoles Verdes i el CREAF per connectar amb la natura i tenir una finestra oberta a la ci\u00e8ncia, presenta la tercera i \u00faltima edici\u00f3 del curs: la\u00a0ci\u00e8ncia del bon temps! Est\u00e0 adre\u00e7ada a professorat de\u00a0prim\u00e0ria i de secund\u00e0ria. L&#8217;Hora Verda consta de tres webinars online que [&hellip;]<\/p>\n","protected":false},"author":35,"featured_media":16430,"comment_status":"open","ping_status":"open","sticky":false,"template":"","format":"standard","meta":{"_bbp_topic_count":0,"_bbp_reply_count":0,"_bbp_total_topic_count":0,"_bbp_total_reply_count":0,"_bbp_voice_count":0,"_bbp_anonymous_reply_count":0,"_bbp_topic_count_hidden":0,"_bbp_reply_count_hidden":0,"_bbp_forum_subforum_count":0,"site-sidebar-layout":"default","site-content-layout":"","ast-site-content-layout":"default","site-content-style":"default","site-sidebar-style":"default","ast-global-header-display":"","ast-banner-title-visibility":"","ast-main-header-display":"","ast-hfb-above-header-display":"","ast-hfb-below-header-display":"","ast-hfb-mobile-header-display":"","site-post-title":"","ast-breadcrumbs-content":"","ast-featured-img":"","footer-sml-layout":"","theme-transparent-header-meta":"default","adv-header-id-meta":"","stick-header-meta":"","header-above-stick-meta":"","header-main-stick-meta":"","header-below-stick-meta":"","astra-migrate-meta-layouts":"set","ast-page-background-enabled":"default","ast-page-background-meta":{"desktop":{"background-color":"var(--ast-global-color-4)","background-image":"","background-repeat":"repeat","background-position":"center center","background-size":"auto","background-attachment":"scroll","background-type":"","background-media":"","overlay-type":"","overlay-color":"","overlay-opacity":"","overlay-gradient":""},"tablet":{"background-color":"","background-image":"","background-repeat":"repeat","background-position":"center center","background-size":"auto","background-attachment":"scroll","background-type":"","background-media":"","overlay-type":"","overlay-color":"","overlay-opacity":"","overlay-gradient":""},"mobile":{"background-color":"","background-image":"","background-repeat":"repeat","background-position":"center center","background-size":"auto","background-attachment":"scroll","background-type":"","background-media":"","overlay-type":"","overlay-color":"","overlay-opacity":"","overlay-gradient":""}},"ast-content-background-meta":{"desktop":{"background-color":"var(--ast-global-color-5)","background-image":"","background-repeat":"repeat","background-position":"center center","background-size":"auto","background-attachment":"scroll","background-type":"","background-media":"","overlay-type":"","overlay-color":"","overlay-opacity":"","overlay-gradient":""},"tablet":{"background-color":"var(--ast-global-color-5)","background-image":"","background-repeat":"repeat","background-position":"center center","background-size":"auto","background-attachment":"scroll","background-type":"","background-media":"","overlay-type":"","overlay-color":"","overlay-opacity":"","overlay-gradient":""},"mobile":{"background-color":"var(--ast-global-color-5)","background-image":"","background-repeat":"repeat","background-position":"center center","background-size":"auto","background-attachment":"scroll","background-type":"","background-media":"","overlay-type":"","overlay-color":"","overlay-opacity":"","overlay-gradient":""}},"footnotes":""},"categories":[154,1,1042,235,29],"tags":[315,976],"class_list":["post-16429","post","type-post","status-publish","format-standard","has-post-thumbnail","hentry","category-formacio","category-general","category-naturals-bio-fiq","category-formacio_ins","category-portada","tag-escoles-verdes","tag-natura"],"post_mailing_queue_ids":[],"_links":{"self":[{"href":"https:\/\/serveiseducatius.xtec.cat\/noguera\/wp-json\/wp\/v2\/posts\/16429","targetHints":{"allow":["GET"]}}],"collection":[{"href":"https:\/\/serveiseducatius.xtec.cat\/noguera\/wp-json\/wp\/v2\/posts"}],"about":[{"href":"https:\/\/serveiseducatius.xtec.cat\/noguera\/wp-json\/wp\/v2\/types\/post"}],"author":[{"embeddable":true,"href":"https:\/\/serveiseducatius.xtec.cat\/noguera\/wp-json\/wp\/v2\/users\/35"}],"replies":[{"embeddable":true,"href":"https:\/\/serveiseducatius.xtec.cat\/noguera\/wp-json\/wp\/v2\/comments?post=16429"}],"version-history":[{"count":1,"href":"https:\/\/serveiseducatius.xtec.cat\/noguera\/wp-json\/wp\/v2\/posts\/16429\/revisions"}],"predecessor-version":[{"id":16431,"href":"https:\/\/serveiseducatius.xtec.cat\/noguera\/wp-json\/wp\/v2\/posts\/16429\/revisions\/16431"}],"wp:featuredmedia":[{"embeddable":true,"href":"https:\/\/serveiseducatius.xtec.cat\/noguera\/wp-json\/wp\/v2\/media\/16430"}],"wp:attachment":[{"href":"https:\/\/serveiseducatius.xtec.cat\/noguera\/wp-json\/wp\/v2\/media?parent=16429"}],"wp:term":[{"taxonomy":"category","embeddable":true,"href":"https:\/\/serveiseducatius.xtec.cat\/noguera\/wp-json\/wp\/v2\/categories?post=16429"},{"taxonomy":"post_tag","embeddable":true,"href":"https:\/\/serveiseducatius.xtec.cat\/noguera\/wp-json\/wp\/v2\/tags?post=16429"}],"curies":[{"name":"wp","href":"https:\/\/api.w.org\/{rel}","templated":true}]}}