{"id":16405,"date":"2026-04-16T14:01:51","date_gmt":"2026-04-16T12:01:51","guid":{"rendered":"https:\/\/serveiseducatius.xtec.cat\/noguera\/?p=16405"},"modified":"2026-04-16T14:01:51","modified_gmt":"2026-04-16T12:01:51","slug":"taller-gratuit-adrecat-a-families-quan-els-fills-i-les-filles-ens-descolloquen","status":"publish","type":"post","link":"https:\/\/serveiseducatius.xtec.cat\/noguera\/general\/taller-gratuit-adrecat-a-families-quan-els-fills-i-les-filles-ens-descolloquen\/","title":{"rendered":"Taller gratu\u00eft adre\u00e7at a fam\u00edlies: &#8220;Quan els fills i les filles ens descol\u00b7loquen&#8221;"},"content":{"rendered":"<p><span class=\"a_GcMg font-feature-liga-off font-feature-clig-off font-feature-calt-off text-decoration-none text-strikethrough-none\">Eduquem amb uns valors, uns ideals i unes expectatives\u2026 i arriba l\u2019adolesc\u00e8ncia i tot trontolla. Qu\u00e8 fem com a mares i pares quan els fills\/es prenen camins que no entenem o no compartim? <\/span><span style=\"font-weight: 400;\">Us proposem una experi\u00e8ncia en dues sessions: un taller vivencial per obrir <\/span><span style=\"font-weight: 400;\">mirada, el visionat de l\u2019obra Artiga i un col\u00b7loqui posterior per posar paraula <\/span><span style=\"font-weight: 400;\">al que s\u2019hagi mogut i poder parlar del que sovint costa: la culpa, el desencaix, la <\/span><span style=\"font-weight: 400;\">por i el lloc del pare i la mare quan els fills i filles creixen. Una experi\u00e8ncia pensada per viure-la sencera.\u00a0<\/span><\/p>\n<p><span style=\"font-weight: 400;\">Activitat gratu\u00efta. <\/span><span style=\"font-weight: 400;\">Inscripcions mitjan\u00e7ant aquest formulari (enlla\u00e7) fins el 30 d\u2019abril<strong> <a href=\"http:\/\/ja.cat\/artiga\">en aquest enlla\u00e7.<\/a><\/strong><\/span><\/p>\n<ul>\n<li class=\"cvGsUA direction-ltr align-start para-style-body\"><span class=\"a_GcMg font-feature-liga-off font-feature-clig-off font-feature-calt-off text-decoration-none text-strikethrough-none\">Dijous 7 de maig de 2026 de 19 a 21h: <\/span><span class=\"a_GcMg font-feature-liga-off font-feature-clig-off font-feature-calt-off text-decoration-none text-strikethrough-none\">taller<\/span><\/li>\n<li class=\"cvGsUA direction-ltr align-center para-style-body\"><span class=\"a_GcMg font-feature-liga-off font-feature-clig-off font-feature-calt-off text-decoration-none text-strikethrough-none\">Dijous 14 de maig de 2026 de 19 a 21h: <\/span><span class=\"a_GcMg font-feature-liga-off font-feature-clig-off font-feature-calt-off text-decoration-none text-strikethrough-none\">obra i col\u00b7loqui<\/span><\/li>\n<\/ul>\n<p><img loading=\"lazy\" decoding=\"async\" class=\"alignnone  wp-image-16407\" src=\"https:\/\/serveiseducatius.xtec.cat\/noguera\/wp-content\/uploads\/usu1149\/2026\/04\/Artiga-taller-families.png\" alt=\"\" width=\"1046\" height=\"1479\" srcset=\"https:\/\/serveiseducatius.xtec.cat\/noguera\/wp-content\/uploads\/usu1149\/2026\/04\/Artiga-taller-families.png 1414w, https:\/\/serveiseducatius.xtec.cat\/noguera\/wp-content\/uploads\/usu1149\/2026\/04\/Artiga-taller-families-212x300.png 212w, https:\/\/serveiseducatius.xtec.cat\/noguera\/wp-content\/uploads\/usu1149\/2026\/04\/Artiga-taller-families-724x1024.png 724w, https:\/\/serveiseducatius.xtec.cat\/noguera\/wp-content\/uploads\/usu1149\/2026\/04\/Artiga-taller-families-768x1086.png 768w, https:\/\/serveiseducatius.xtec.cat\/noguera\/wp-content\/uploads\/usu1149\/2026\/04\/Artiga-taller-families-1086x1536.png 1086w\" sizes=\"auto, (max-width: 1046px) 100vw, 1046px\" \/><\/p>\n","protected":false},"excerpt":{"rendered":"<p>Eduquem amb uns valors, uns ideals i unes expectatives\u2026 i arriba l\u2019adolesc\u00e8ncia i tot trontolla. Qu\u00e8 fem com a mares i pares quan els fills\/es prenen camins que no entenem o no compartim? Us proposem una experi\u00e8ncia en dues sessions: un taller vivencial per obrir mirada, el visionat de l\u2019obra Artiga i un col\u00b7loqui posterior [&hellip;]<\/p>\n","protected":false},"author":28,"featured_media":16406,"comment_status":"open","ping_status":"open","sticky":false,"template":"","format":"standard","meta":{"_bbp_topic_count":0,"_bbp_reply_count":0,"_bbp_total_topic_count":0,"_bbp_total_reply_count":0,"_bbp_voice_count":0,"_bbp_anonymous_reply_count":0,"_bbp_topic_count_hidden":0,"_bbp_reply_count_hidden":0,"_bbp_forum_subforum_count":0,"site-sidebar-layout":"default","site-content-layout":"","ast-site-content-layout":"default","site-content-style":"default","site-sidebar-style":"default","ast-global-header-display":"","ast-banner-title-visibility":"","ast-main-header-display":"","ast-hfb-above-header-display":"","ast-hfb-below-header-display":"","ast-hfb-mobile-header-display":"","site-post-title":"","ast-breadcrumbs-content":"","ast-featured-img":"","footer-sml-layout":"","theme-transparent-header-meta":"default","adv-header-id-meta":"","stick-header-meta":"","header-above-stick-meta":"","header-main-stick-meta":"","header-below-stick-meta":"","astra-migrate-meta-layouts":"set","ast-page-background-enabled":"default","ast-page-background-meta":{"desktop":{"background-color":"var(--ast-global-color-4)","background-image":"","background-repeat":"repeat","background-position":"center center","background-size":"auto","background-attachment":"scroll","background-type":"","background-media":"","overlay-type":"","overlay-color":"","overlay-opacity":"","overlay-gradient":""},"tablet":{"background-color":"","background-image":"","background-repeat":"repeat","background-position":"center center","background-size":"auto","background-attachment":"scroll","background-type":"","background-media":"","overlay-type":"","overlay-color":"","overlay-opacity":"","overlay-gradient":""},"mobile":{"background-color":"","background-image":"","background-repeat":"repeat","background-position":"center center","background-size":"auto","background-attachment":"scroll","background-type":"","background-media":"","overlay-type":"","overlay-color":"","overlay-opacity":"","overlay-gradient":""}},"ast-content-background-meta":{"desktop":{"background-color":"var(--ast-global-color-5)","background-image":"","background-repeat":"repeat","background-position":"center center","background-size":"auto","background-attachment":"scroll","background-type":"","background-media":"","overlay-type":"","overlay-color":"","overlay-opacity":"","overlay-gradient":""},"tablet":{"background-color":"var(--ast-global-color-5)","background-image":"","background-repeat":"repeat","background-position":"center center","background-size":"auto","background-attachment":"scroll","background-type":"","background-media":"","overlay-type":"","overlay-color":"","overlay-opacity":"","overlay-gradient":""},"mobile":{"background-color":"var(--ast-global-color-5)","background-image":"","background-repeat":"repeat","background-position":"center center","background-size":"auto","background-attachment":"scroll","background-type":"","background-media":"","overlay-type":"","overlay-color":"","overlay-opacity":"","overlay-gradient":""}},"footnotes":""},"categories":[354,64,1,29],"tags":[589,983,540,615,587],"class_list":["post-16405","post","type-post","status-publish","format-standard","has-post-thumbnail","hentry","category-coeducacio","category-comunitat","category-general","category-portada","tag-adolescencia","tag-artiga","tag-families","tag-mercantil","tag-taller"],"post_mailing_queue_ids":[],"_links":{"self":[{"href":"https:\/\/serveiseducatius.xtec.cat\/noguera\/wp-json\/wp\/v2\/posts\/16405","targetHints":{"allow":["GET"]}}],"collection":[{"href":"https:\/\/serveiseducatius.xtec.cat\/noguera\/wp-json\/wp\/v2\/posts"}],"about":[{"href":"https:\/\/serveiseducatius.xtec.cat\/noguera\/wp-json\/wp\/v2\/types\/post"}],"author":[{"embeddable":true,"href":"https:\/\/serveiseducatius.xtec.cat\/noguera\/wp-json\/wp\/v2\/users\/28"}],"replies":[{"embeddable":true,"href":"https:\/\/serveiseducatius.xtec.cat\/noguera\/wp-json\/wp\/v2\/comments?post=16405"}],"version-history":[{"count":1,"href":"https:\/\/serveiseducatius.xtec.cat\/noguera\/wp-json\/wp\/v2\/posts\/16405\/revisions"}],"predecessor-version":[{"id":16408,"href":"https:\/\/serveiseducatius.xtec.cat\/noguera\/wp-json\/wp\/v2\/posts\/16405\/revisions\/16408"}],"wp:featuredmedia":[{"embeddable":true,"href":"https:\/\/serveiseducatius.xtec.cat\/noguera\/wp-json\/wp\/v2\/media\/16406"}],"wp:attachment":[{"href":"https:\/\/serveiseducatius.xtec.cat\/noguera\/wp-json\/wp\/v2\/media?parent=16405"}],"wp:term":[{"taxonomy":"category","embeddable":true,"href":"https:\/\/serveiseducatius.xtec.cat\/noguera\/wp-json\/wp\/v2\/categories?post=16405"},{"taxonomy":"post_tag","embeddable":true,"href":"https:\/\/serveiseducatius.xtec.cat\/noguera\/wp-json\/wp\/v2\/tags?post=16405"}],"curies":[{"name":"wp","href":"https:\/\/api.w.org\/{rel}","templated":true}]}}