{"id":15710,"date":"2025-11-18T09:27:08","date_gmt":"2025-11-18T08:27:08","guid":{"rendered":"https:\/\/serveiseducatius.xtec.cat\/noguera\/?p=15710"},"modified":"2025-11-18T09:27:08","modified_gmt":"2025-11-18T08:27:08","slug":"7e-premi-de-recitacio-poetica-del-segria","status":"publish","type":"post","link":"https:\/\/serveiseducatius.xtec.cat\/noguera\/portada\/7e-premi-de-recitacio-poetica-del-segria\/","title":{"rendered":"7\u00e8 Premi de Recitaci\u00f3 Po\u00e8tica del Segri\u00e0"},"content":{"rendered":"<p><b>7\u00e8 Premi de Recitaci\u00f3 Po\u00e8tica del Segri\u00e0<\/b>. Les inscripcions acaben el\u00a0<b>24 de novembre<\/b>\u00a0i hi poden participar persones a partir dels\u00a0<b>16 anys<\/b>.<\/p>\n<p>El Consell Comarcal del Segri\u00e0 convoca la <strong data-start=\"273\" data-end=\"328\">7a edici\u00f3 del Premi de Recitaci\u00f3 Po\u00e8tica del Segri\u00e0<\/strong>, amb l\u2019objectiu de donar veu al patrimoni po\u00e8tic lleidat\u00e0 i descobrir nous talents literaris.<\/p>\n<p><strong>Premis<\/strong><br \/>\nEs fixen tres categories de premis:<br \/>\n1. Premi del jurat a la millor raps\u00f2dia absoluta, valorat en 295 \u20ac.<br \/>\n2. Premi del jurat a la millor raps\u00f2dia del Segri\u00e0, valorat en 295 \u20ac. Tamb\u00e9 inclou formar part del jurat de la propera edici\u00f3 del Premi de Recitaci\u00f3 Po\u00e8tica del Segri\u00e0.<br \/>\n3. Premi del jurat al millor poema original, valorat en 295 \u20ac.<br \/>\nAquesta pe\u00e7a formar\u00e0 part de la publicaci\u00f3 que el Consell Comarcal edita de manera biennal, amb motiu del Premi Literari Relats Curts <strong>\u00abHist\u00f2ries vives del Segri\u00e0\u00bb.<\/strong><\/p>\n<p>Un mateix participant no pot acumular m\u00e9s d\u2019un premi.<\/p>\n<p><strong>M\u00e9s informaci\u00f3:\u00a0<\/strong><\/p>\n<p>&nbsp;<\/p>\n<div style=\"position: relative; padding-top: 56.25%; height: 0; overflow: hidden; margin: 20px 0;\"><iframe style=\"position: absolute; top: 0; left: 0; width: 100%; height: 100%; border: 0;\" src=\"https:\/\/serveiseducatius.xtec.cat\/noguera\/wp-content\/uploads\/usu1149\/2025\/11\/Diptic-Recitacio-Poetica-2025.pdf\"><\/iframe><\/div>\n","protected":false},"excerpt":{"rendered":"<p>7\u00e8 Premi de Recitaci\u00f3 Po\u00e8tica del Segri\u00e0. Les inscripcions acaben el\u00a024 de novembre\u00a0i hi poden participar persones a partir dels\u00a016 anys. El Consell Comarcal del Segri\u00e0 convoca la 7a edici\u00f3 del Premi de Recitaci\u00f3 Po\u00e8tica del Segri\u00e0, amb l\u2019objectiu de donar veu al patrimoni po\u00e8tic lleidat\u00e0 i descobrir nous talents literaris. Premis Es fixen tres [&hellip;]<\/p>\n","protected":false},"author":35,"featured_media":15711,"comment_status":"open","ping_status":"open","sticky":false,"template":"","format":"standard","meta":{"_bbp_topic_count":0,"_bbp_reply_count":0,"_bbp_total_topic_count":0,"_bbp_total_reply_count":0,"_bbp_voice_count":0,"_bbp_anonymous_reply_count":0,"_bbp_topic_count_hidden":0,"_bbp_reply_count_hidden":0,"_bbp_forum_subforum_count":0,"site-sidebar-layout":"default","site-content-layout":"","ast-site-content-layout":"default","site-content-style":"default","site-sidebar-style":"default","ast-global-header-display":"","ast-banner-title-visibility":"","ast-main-header-display":"","ast-hfb-above-header-display":"","ast-hfb-below-header-display":"","ast-hfb-mobile-header-display":"","site-post-title":"","ast-breadcrumbs-content":"","ast-featured-img":"","footer-sml-layout":"","theme-transparent-header-meta":"default","adv-header-id-meta":"","stick-header-meta":"","header-above-stick-meta":"","header-main-stick-meta":"","header-below-stick-meta":"","astra-migrate-meta-layouts":"set","ast-page-background-enabled":"default","ast-page-background-meta":{"desktop":{"background-color":"var(--ast-global-color-4)","background-image":"","background-repeat":"repeat","background-position":"center center","background-size":"auto","background-attachment":"scroll","background-type":"","background-media":"","overlay-type":"","overlay-color":"","overlay-opacity":"","overlay-gradient":""},"tablet":{"background-color":"","background-image":"","background-repeat":"repeat","background-position":"center center","background-size":"auto","background-attachment":"scroll","background-type":"","background-media":"","overlay-type":"","overlay-color":"","overlay-opacity":"","overlay-gradient":""},"mobile":{"background-color":"","background-image":"","background-repeat":"repeat","background-position":"center center","background-size":"auto","background-attachment":"scroll","background-type":"","background-media":"","overlay-type":"","overlay-color":"","overlay-opacity":"","overlay-gradient":""}},"ast-content-background-meta":{"desktop":{"background-color":"var(--ast-global-color-5)","background-image":"","background-repeat":"repeat","background-position":"center center","background-size":"auto","background-attachment":"scroll","background-type":"","background-media":"","overlay-type":"","overlay-color":"","overlay-opacity":"","overlay-gradient":""},"tablet":{"background-color":"var(--ast-global-color-5)","background-image":"","background-repeat":"repeat","background-position":"center center","background-size":"auto","background-attachment":"scroll","background-type":"","background-media":"","overlay-type":"","overlay-color":"","overlay-opacity":"","overlay-gradient":""},"mobile":{"background-color":"var(--ast-global-color-5)","background-image":"","background-repeat":"repeat","background-position":"center center","background-size":"auto","background-attachment":"scroll","background-type":"","background-media":"","overlay-type":"","overlay-color":"","overlay-opacity":"","overlay-gradient":""}},"footnotes":""},"categories":[1038,1043,29],"tags":[365,403],"class_list":["post-15710","post","type-post","status-publish","format-standard","has-post-thumbnail","hentry","category-concursos-i-premis","category-llengues","category-portada","tag-poesia","tag-premis"],"post_mailing_queue_ids":[],"_links":{"self":[{"href":"https:\/\/serveiseducatius.xtec.cat\/noguera\/wp-json\/wp\/v2\/posts\/15710","targetHints":{"allow":["GET"]}}],"collection":[{"href":"https:\/\/serveiseducatius.xtec.cat\/noguera\/wp-json\/wp\/v2\/posts"}],"about":[{"href":"https:\/\/serveiseducatius.xtec.cat\/noguera\/wp-json\/wp\/v2\/types\/post"}],"author":[{"embeddable":true,"href":"https:\/\/serveiseducatius.xtec.cat\/noguera\/wp-json\/wp\/v2\/users\/35"}],"replies":[{"embeddable":true,"href":"https:\/\/serveiseducatius.xtec.cat\/noguera\/wp-json\/wp\/v2\/comments?post=15710"}],"version-history":[{"count":1,"href":"https:\/\/serveiseducatius.xtec.cat\/noguera\/wp-json\/wp\/v2\/posts\/15710\/revisions"}],"predecessor-version":[{"id":15713,"href":"https:\/\/serveiseducatius.xtec.cat\/noguera\/wp-json\/wp\/v2\/posts\/15710\/revisions\/15713"}],"wp:featuredmedia":[{"embeddable":true,"href":"https:\/\/serveiseducatius.xtec.cat\/noguera\/wp-json\/wp\/v2\/media\/15711"}],"wp:attachment":[{"href":"https:\/\/serveiseducatius.xtec.cat\/noguera\/wp-json\/wp\/v2\/media?parent=15710"}],"wp:term":[{"taxonomy":"category","embeddable":true,"href":"https:\/\/serveiseducatius.xtec.cat\/noguera\/wp-json\/wp\/v2\/categories?post=15710"},{"taxonomy":"post_tag","embeddable":true,"href":"https:\/\/serveiseducatius.xtec.cat\/noguera\/wp-json\/wp\/v2\/tags?post=15710"}],"curies":[{"name":"wp","href":"https:\/\/api.w.org\/{rel}","templated":true}]}}