{"id":15517,"date":"2025-11-07T13:32:54","date_gmt":"2025-11-07T12:32:54","guid":{"rendered":"https:\/\/serveiseducatius.xtec.cat\/noguera\/?p=15517"},"modified":"2025-11-07T17:21:04","modified_gmt":"2025-11-07T16:21:04","slug":"2a-edicio-de-la-formacio-atencio-a-linfant-amb-autisme-en-el-context-escolar","status":"publish","type":"post","link":"https:\/\/serveiseducatius.xtec.cat\/noguera\/general\/2a-edicio-de-la-formacio-atencio-a-linfant-amb-autisme-en-el-context-escolar\/","title":{"rendered":"2a edici\u00f3 de la formaci\u00f3: Atenci\u00f3 a l\u2019Infant amb Autisme en el Context Escolar"},"content":{"rendered":"<p data-start=\"332\" data-end=\"706\">L\u2019<strong data-start=\"334\" data-end=\"359\">Associaci\u00f3 TEA Ponent<\/strong> organitza la <strong data-start=\"373\" data-end=\"390\">segona edici\u00f3<\/strong> de la formaci\u00f3 <strong><em data-start=\"406\" data-end=\"468\">Atenci\u00f3 a l\u2019Infant amb Autisme\/Autista en el Context Escolar<\/em><\/strong>, adre\u00e7ada a <strong data-start=\"481\" data-end=\"563\">vetlladores\/es, monitors\/es, personal t\u00e8cnic d\u2019educaci\u00f3 infantil, educadors\/es<\/strong> i altres <strong data-start=\"573\" data-end=\"610\">professionals del sector educatiu<\/strong> interessats en con\u00e8ixer millor les necessitats i estrat\u00e8gies de suport a l\u2019alumnat amb autisme.<\/p>\n<p data-start=\"708\" data-end=\"845\">Aquesta formaci\u00f3 combina una <strong data-start=\"737\" data-end=\"753\">part te\u00f2rica<\/strong> i una <strong data-start=\"760\" data-end=\"777\">part pr\u00e0ctica<\/strong>, amb continguts actualitzats i basats en experi\u00e8ncies reals d\u2019aula.<\/p>\n<h3 data-start=\"852\" data-end=\"885\">1a Part \u00b7 Formaci\u00f3 te\u00f2rica<\/h3>\n<ul data-start=\"887\" data-end=\"1332\">\n<li data-start=\"887\" data-end=\"1151\">\n<p data-start=\"889\" data-end=\"950\"><strong data-start=\"889\" data-end=\"899\">Dia 1:<\/strong> <em data-start=\"900\" data-end=\"933\">Dissabte 29 de novembre de 2025<\/em> (9.00 \u2013 13.00h)<\/p>\n<ul data-start=\"953\" data-end=\"1151\">\n<li data-start=\"953\" data-end=\"974\">\n<p data-start=\"955\" data-end=\"974\">Qu\u00e8 \u00e9s l\u2019autisme?<\/p>\n<\/li>\n<li data-start=\"977\" data-end=\"1013\">\n<p data-start=\"979\" data-end=\"1013\">Criteris en el diagn\u00f2stic cl\u00ednic<\/p>\n<\/li>\n<li data-start=\"1016\" data-end=\"1077\">\n<p data-start=\"1018\" data-end=\"1077\">Senyals caracter\u00edstics del desenvolupament neurodivergent<\/p>\n<\/li>\n<li data-start=\"1080\" data-end=\"1121\">\n<p data-start=\"1082\" data-end=\"1121\">Processament cognitiu i sociocognitiu<\/p>\n<\/li>\n<li data-start=\"1124\" data-end=\"1151\">\n<p data-start=\"1126\" data-end=\"1151\">Autisme i g\u00e8nere femen\u00ed<\/p>\n<\/li>\n<\/ul>\n<\/li>\n<li data-start=\"1153\" data-end=\"1332\">\n<p data-start=\"1155\" data-end=\"1218\"><strong data-start=\"1155\" data-end=\"1165\">Dia 2:<\/strong> <em data-start=\"1166\" data-end=\"1200\">Divendres 12 de desembre de 2025<\/em> (17.00 \u2013 20.30h)<\/p>\n<ul data-start=\"1221\" data-end=\"1332\">\n<li data-start=\"1221\" data-end=\"1249\">\n<p data-start=\"1223\" data-end=\"1249\">Comunicaci\u00f3 i interacci\u00f3<\/p>\n<\/li>\n<li data-start=\"1252\" data-end=\"1278\">\n<p data-start=\"1254\" data-end=\"1278\">Processament sensorial<\/p>\n<\/li>\n<li data-start=\"1281\" data-end=\"1332\">\n<p data-start=\"1283\" data-end=\"1332\">Des\/regulaci\u00f3 sensorial, emocional i conductual<\/p>\n<\/li>\n<\/ul>\n<\/li>\n<\/ul>\n<p data-start=\"1334\" data-end=\"1422\">\ud83d\udc49 <strong data-start=\"1337\" data-end=\"1360\">Inscripci\u00f3 1a part:<\/strong> <a class=\"decorated-link\" href=\"https:\/\/forms.gle\/hxZCAZ3jhUtWrZ7b8\" target=\"_new\" rel=\"noopener\" data-start=\"1361\" data-end=\"1422\">Formulari d\u2019inscripci\u00f3<\/a><\/p>\n<h3 data-start=\"1429\" data-end=\"1470\"><\/h3>\n<h3 data-start=\"1429\" data-end=\"1470\">2a Part \u00b7 Formaci\u00f3 teoricopr\u00e0ctica<\/h3>\n<p data-start=\"1472\" data-end=\"1742\">Aquesta segona fase t\u00e9 un <strong data-start=\"1498\" data-end=\"1524\">enfocament m\u00e9s pr\u00e0ctic<\/strong>, a partir de l\u2019an\u00e0lisi de <strong data-start=\"1551\" data-end=\"1589\">casos preparats per les formadores<\/strong>, tenint en compte la diversitat de necessitats detectades a la primera part del curs i en col\u00b7laboraci\u00f3 amb <strong data-start=\"1698\" data-end=\"1741\">professionals especialitzats en autisme<\/strong>.<\/p>\n<p data-start=\"1744\" data-end=\"1932\">Per garantir una atenci\u00f3 adequada, es treballar\u00e0 en <strong data-start=\"1796\" data-end=\"1813\">grups redu\u00efts<\/strong> (20\u201325 persones) i s\u2019oferiran tres possibles sessions. Les persones inscrites rebran la confirmaci\u00f3 del grup assignat.<\/p>\n<p data-start=\"1934\" data-end=\"1960\">\ud83d\uddd3\ufe0f <strong data-start=\"1938\" data-end=\"1958\">Dates previstes:<\/strong><\/p>\n<ul data-start=\"1961\" data-end=\"2134\">\n<li data-start=\"1961\" data-end=\"2018\">\n<p data-start=\"1963\" data-end=\"2018\">Dissabte <strong data-start=\"1972\" data-end=\"1995\">31 de gener de 2026<\/strong>, de 9.00 h a 13.30 h<\/p>\n<\/li>\n<li data-start=\"2019\" data-end=\"2077\">\n<p data-start=\"2021\" data-end=\"2077\">Dissabte <strong data-start=\"2030\" data-end=\"2054\">28 de febrer de 2026<\/strong>, de 9.00 h a 13.30 h<\/p>\n<\/li>\n<li data-start=\"2078\" data-end=\"2134\">\n<p data-start=\"2080\" data-end=\"2134\">Dissabte <strong data-start=\"2089\" data-end=\"2111\">21 de mar\u00e7 de 2026<\/strong>, de 9.00 h a 13.30 h<\/p>\n<\/li>\n<\/ul>\n<p data-start=\"2136\" data-end=\"2349\">Tindran <strong data-start=\"2144\" data-end=\"2157\">prioritat<\/strong> les persones que hagin assistit a la formaci\u00f3 te\u00f2rica (curs 2025 o 2024) o que acreditin haver realitzat altres formacions sobre autisme (XTEC, CRP, Integratek, Educatio, Doble Equipo, etc.).<\/p>\n<p data-start=\"2351\" data-end=\"2439\">\ud83d\udc49 <strong data-start=\"2354\" data-end=\"2377\">Inscripci\u00f3 2a part:<\/strong> <a class=\"decorated-link\" href=\"https:\/\/forms.gle\/eQ7scGnFaUEy4uyr5\" target=\"_new\" rel=\"noopener\" data-start=\"2378\" data-end=\"2439\">Formulari d\u2019inscripci\u00f3<\/a><\/p>\n<p data-start=\"2351\" data-end=\"2439\"><strong data-start=\"2665\" data-end=\"2690\">Associaci\u00f3 TEA Ponent<\/strong><br data-start=\"2690\" data-end=\"2693\" \/><em data-start=\"2693\" data-end=\"2766\">Formaci\u00f3, coneixement i sensibilitzaci\u00f3 per una educaci\u00f3 m\u00e9s inclusiva.<\/em><\/p>\n","protected":false},"excerpt":{"rendered":"<p>L\u2019Associaci\u00f3 TEA Ponent organitza la segona edici\u00f3 de la formaci\u00f3 Atenci\u00f3 a l\u2019Infant amb Autisme\/Autista en el Context Escolar, adre\u00e7ada a vetlladores\/es, monitors\/es, personal t\u00e8cnic d\u2019educaci\u00f3 infantil, educadors\/es i altres professionals del sector educatiu interessats en con\u00e8ixer millor les necessitats i estrat\u00e8gies de suport a l\u2019alumnat amb autisme. Aquesta formaci\u00f3 combina una part te\u00f2rica i [&hellip;]<\/p>\n","protected":false},"author":35,"featured_media":15529,"comment_status":"open","ping_status":"open","sticky":false,"template":"","format":"standard","meta":{"_bbp_topic_count":0,"_bbp_reply_count":0,"_bbp_total_topic_count":0,"_bbp_total_reply_count":0,"_bbp_voice_count":0,"_bbp_anonymous_reply_count":0,"_bbp_topic_count_hidden":0,"_bbp_reply_count_hidden":0,"_bbp_forum_subforum_count":0,"site-sidebar-layout":"default","site-content-layout":"","ast-site-content-layout":"default","site-content-style":"default","site-sidebar-style":"default","ast-global-header-display":"","ast-banner-title-visibility":"","ast-main-header-display":"","ast-hfb-above-header-display":"","ast-hfb-below-header-display":"","ast-hfb-mobile-header-display":"","site-post-title":"","ast-breadcrumbs-content":"","ast-featured-img":"","footer-sml-layout":"","theme-transparent-header-meta":"default","adv-header-id-meta":"","stick-header-meta":"","header-above-stick-meta":"","header-main-stick-meta":"","header-below-stick-meta":"","astra-migrate-meta-layouts":"set","ast-page-background-enabled":"default","ast-page-background-meta":{"desktop":{"background-color":"var(--ast-global-color-4)","background-image":"","background-repeat":"repeat","background-position":"center center","background-size":"auto","background-attachment":"scroll","background-type":"","background-media":"","overlay-type":"","overlay-color":"","overlay-opacity":"","overlay-gradient":""},"tablet":{"background-color":"","background-image":"","background-repeat":"repeat","background-position":"center center","background-size":"auto","background-attachment":"scroll","background-type":"","background-media":"","overlay-type":"","overlay-color":"","overlay-opacity":"","overlay-gradient":""},"mobile":{"background-color":"","background-image":"","background-repeat":"repeat","background-position":"center center","background-size":"auto","background-attachment":"scroll","background-type":"","background-media":"","overlay-type":"","overlay-color":"","overlay-opacity":"","overlay-gradient":""}},"ast-content-background-meta":{"desktop":{"background-color":"var(--ast-global-color-5)","background-image":"","background-repeat":"repeat","background-position":"center center","background-size":"auto","background-attachment":"scroll","background-type":"","background-media":"","overlay-type":"","overlay-color":"","overlay-opacity":"","overlay-gradient":""},"tablet":{"background-color":"var(--ast-global-color-5)","background-image":"","background-repeat":"repeat","background-position":"center center","background-size":"auto","background-attachment":"scroll","background-type":"","background-media":"","overlay-type":"","overlay-color":"","overlay-opacity":"","overlay-gradient":""},"mobile":{"background-color":"var(--ast-global-color-5)","background-image":"","background-repeat":"repeat","background-position":"center center","background-size":"auto","background-attachment":"scroll","background-type":"","background-media":"","overlay-type":"","overlay-color":"","overlay-opacity":"","overlay-gradient":""}},"footnotes":""},"categories":[1,29],"tags":[644,1022],"class_list":["post-15517","post","type-post","status-publish","format-standard","has-post-thumbnail","hentry","category-general","category-portada","tag-autisme","tag-tea-ponent"],"post_mailing_queue_ids":[],"_links":{"self":[{"href":"https:\/\/serveiseducatius.xtec.cat\/noguera\/wp-json\/wp\/v2\/posts\/15517","targetHints":{"allow":["GET"]}}],"collection":[{"href":"https:\/\/serveiseducatius.xtec.cat\/noguera\/wp-json\/wp\/v2\/posts"}],"about":[{"href":"https:\/\/serveiseducatius.xtec.cat\/noguera\/wp-json\/wp\/v2\/types\/post"}],"author":[{"embeddable":true,"href":"https:\/\/serveiseducatius.xtec.cat\/noguera\/wp-json\/wp\/v2\/users\/35"}],"replies":[{"embeddable":true,"href":"https:\/\/serveiseducatius.xtec.cat\/noguera\/wp-json\/wp\/v2\/comments?post=15517"}],"version-history":[{"count":2,"href":"https:\/\/serveiseducatius.xtec.cat\/noguera\/wp-json\/wp\/v2\/posts\/15517\/revisions"}],"predecessor-version":[{"id":15593,"href":"https:\/\/serveiseducatius.xtec.cat\/noguera\/wp-json\/wp\/v2\/posts\/15517\/revisions\/15593"}],"wp:featuredmedia":[{"embeddable":true,"href":"https:\/\/serveiseducatius.xtec.cat\/noguera\/wp-json\/wp\/v2\/media\/15529"}],"wp:attachment":[{"href":"https:\/\/serveiseducatius.xtec.cat\/noguera\/wp-json\/wp\/v2\/media?parent=15517"}],"wp:term":[{"taxonomy":"category","embeddable":true,"href":"https:\/\/serveiseducatius.xtec.cat\/noguera\/wp-json\/wp\/v2\/categories?post=15517"},{"taxonomy":"post_tag","embeddable":true,"href":"https:\/\/serveiseducatius.xtec.cat\/noguera\/wp-json\/wp\/v2\/tags?post=15517"}],"curies":[{"name":"wp","href":"https:\/\/api.w.org\/{rel}","templated":true}]}}