{"id":15361,"date":"2025-10-21T09:47:46","date_gmt":"2025-10-21T07:47:46","guid":{"rendered":"https:\/\/serveiseducatius.xtec.cat\/noguera\/?p=15361"},"modified":"2025-11-07T16:39:44","modified_gmt":"2025-11-07T15:39:44","slug":"identitats-protegides-bones-practiques-audiovisuals-amb-infants-i-joves","status":"publish","type":"post","link":"https:\/\/serveiseducatius.xtec.cat\/noguera\/general\/identitats-protegides-bones-practiques-audiovisuals-amb-infants-i-joves\/","title":{"rendered":"Identitats protegides. Bones pr\u00e0ctiques audiovisuals amb infants i joves"},"content":{"rendered":"<p>Us convidem al taller \u201cIdentitats protegides: bones pr\u00e0ctiques audiovisuals amb infants i joves\u201d, adre\u00e7at especialment a les persones que habitualment enregistren i publiquen continguts audiovisuals de menors a les xarxes. La sessi\u00f3 anir\u00e0 a c\u00e0rrec d&#8217;Anna Requena Comunicaci\u00f3.<\/p>\n<p>El taller, que es dur\u00e0 a terme el pr\u00f2xim <strong>dia 3 de novembre,<\/strong> forma part de l\u2019eix I del Pla Comunitari de Benestar Digital de Balaguer (PCBD), dedicat a protegir la identitat digital dels menors, amb l\u2019objectiu de contribuir a aquesta protecci\u00f3 des de les institucions i associacions i oferir un model de bones pr\u00e0ctiques per a les fam\u00edlies.<\/p>\n<p><strong>Continguts<\/strong>:<\/p>\n<p>Breu sensibilitzaci\u00f3 amb l&#8217;explicaci\u00f3 dels motius que van portar a incloure aquesta acci\u00f3 dins del PCBD.<br \/>\nDiferents usos que pot tenir el material audiovisual enregistrat en diversos contextos (educatiu formal, educatiu no formal, familiar, etc.).<br \/>\nT\u00e8cniques i eines per comunicar sense mostrar rostres, amb exemples pr\u00e0ctics i experi\u00e8ncies de bones pr\u00e0ctiques.<\/p>\n<p>Es faran dues sessions amb el mateix contingut, i podeu triar la que us sigui m\u00e9s convenient. <a href=\"https:\/\/docs.google.com\/forms\/d\/e\/1FAIpQLSc0C_fuCw0gjkSUX3XJE7eFNDSUqNxrQ1uen-FUcjtuPgZRAA\/viewform\">Al formulari d&#8217;inscripci\u00f3<\/a> hi trobareu un apartat per indicar les vostres expectatives, amb l\u2019objectiu d\u2019ajustar el contingut a les necessitats de les persones participants..<\/p>\n","protected":false},"excerpt":{"rendered":"<p>Us convidem al taller \u201cIdentitats protegides: bones pr\u00e0ctiques audiovisuals amb infants i joves\u201d, adre\u00e7at especialment a les persones que habitualment enregistren i publiquen continguts audiovisuals de menors a les xarxes. La sessi\u00f3 anir\u00e0 a c\u00e0rrec d&#8217;Anna Requena Comunicaci\u00f3. El taller, que es dur\u00e0 a terme el pr\u00f2xim dia 3 de novembre, forma part de l\u2019eix [&hellip;]<\/p>\n","protected":false},"author":28,"featured_media":15362,"comment_status":"open","ping_status":"open","sticky":false,"template":"","format":"standard","meta":{"_bbp_topic_count":0,"_bbp_reply_count":0,"_bbp_total_topic_count":0,"_bbp_total_reply_count":0,"_bbp_voice_count":0,"_bbp_anonymous_reply_count":0,"_bbp_topic_count_hidden":0,"_bbp_reply_count_hidden":0,"_bbp_forum_subforum_count":0,"site-sidebar-layout":"default","site-content-layout":"","ast-site-content-layout":"default","site-content-style":"default","site-sidebar-style":"default","ast-global-header-display":"","ast-banner-title-visibility":"","ast-main-header-display":"","ast-hfb-above-header-display":"","ast-hfb-below-header-display":"","ast-hfb-mobile-header-display":"","site-post-title":"","ast-breadcrumbs-content":"","ast-featured-img":"","footer-sml-layout":"","theme-transparent-header-meta":"default","adv-header-id-meta":"","stick-header-meta":"","header-above-stick-meta":"","header-main-stick-meta":"","header-below-stick-meta":"","astra-migrate-meta-layouts":"set","ast-page-background-enabled":"default","ast-page-background-meta":{"desktop":{"background-color":"var(--ast-global-color-4)","background-image":"","background-repeat":"repeat","background-position":"center center","background-size":"auto","background-attachment":"scroll","background-type":"","background-media":"","overlay-type":"","overlay-color":"","overlay-opacity":"","overlay-gradient":""},"tablet":{"background-color":"","background-image":"","background-repeat":"repeat","background-position":"center center","background-size":"auto","background-attachment":"scroll","background-type":"","background-media":"","overlay-type":"","overlay-color":"","overlay-opacity":"","overlay-gradient":""},"mobile":{"background-color":"","background-image":"","background-repeat":"repeat","background-position":"center center","background-size":"auto","background-attachment":"scroll","background-type":"","background-media":"","overlay-type":"","overlay-color":"","overlay-opacity":"","overlay-gradient":""}},"ast-content-background-meta":{"desktop":{"background-color":"var(--ast-global-color-5)","background-image":"","background-repeat":"repeat","background-position":"center center","background-size":"auto","background-attachment":"scroll","background-type":"","background-media":"","overlay-type":"","overlay-color":"","overlay-opacity":"","overlay-gradient":""},"tablet":{"background-color":"var(--ast-global-color-5)","background-image":"","background-repeat":"repeat","background-position":"center center","background-size":"auto","background-attachment":"scroll","background-type":"","background-media":"","overlay-type":"","overlay-color":"","overlay-opacity":"","overlay-gradient":""},"mobile":{"background-color":"var(--ast-global-color-5)","background-image":"","background-repeat":"repeat","background-position":"center center","background-size":"auto","background-attachment":"scroll","background-type":"","background-media":"","overlay-type":"","overlay-color":"","overlay-opacity":"","overlay-gradient":""}},"footnotes":""},"categories":[1023,64,154,1,566,29],"tags":[851,1004,550,1005],"class_list":["post-15361","post","type-post","status-publish","format-standard","has-post-thumbnail","hentry","category-benestar-emocional","category-comunitat","category-formacio","category-general","category-peeb","category-portada","tag-benestar-digital","tag-imatge","tag-pee","tag-proteccio"],"post_mailing_queue_ids":[],"_links":{"self":[{"href":"https:\/\/serveiseducatius.xtec.cat\/noguera\/wp-json\/wp\/v2\/posts\/15361","targetHints":{"allow":["GET"]}}],"collection":[{"href":"https:\/\/serveiseducatius.xtec.cat\/noguera\/wp-json\/wp\/v2\/posts"}],"about":[{"href":"https:\/\/serveiseducatius.xtec.cat\/noguera\/wp-json\/wp\/v2\/types\/post"}],"author":[{"embeddable":true,"href":"https:\/\/serveiseducatius.xtec.cat\/noguera\/wp-json\/wp\/v2\/users\/28"}],"replies":[{"embeddable":true,"href":"https:\/\/serveiseducatius.xtec.cat\/noguera\/wp-json\/wp\/v2\/comments?post=15361"}],"version-history":[{"count":1,"href":"https:\/\/serveiseducatius.xtec.cat\/noguera\/wp-json\/wp\/v2\/posts\/15361\/revisions"}],"predecessor-version":[{"id":15363,"href":"https:\/\/serveiseducatius.xtec.cat\/noguera\/wp-json\/wp\/v2\/posts\/15361\/revisions\/15363"}],"wp:featuredmedia":[{"embeddable":true,"href":"https:\/\/serveiseducatius.xtec.cat\/noguera\/wp-json\/wp\/v2\/media\/15362"}],"wp:attachment":[{"href":"https:\/\/serveiseducatius.xtec.cat\/noguera\/wp-json\/wp\/v2\/media?parent=15361"}],"wp:term":[{"taxonomy":"category","embeddable":true,"href":"https:\/\/serveiseducatius.xtec.cat\/noguera\/wp-json\/wp\/v2\/categories?post=15361"},{"taxonomy":"post_tag","embeddable":true,"href":"https:\/\/serveiseducatius.xtec.cat\/noguera\/wp-json\/wp\/v2\/tags?post=15361"}],"curies":[{"name":"wp","href":"https:\/\/api.w.org\/{rel}","templated":true}]}}