{"id":14417,"date":"2025-01-20T18:05:28","date_gmt":"2025-01-20T17:05:28","guid":{"rendered":"https:\/\/serveiseducatius.xtec.cat\/noguera\/?p=14417"},"modified":"2025-01-20T18:05:28","modified_gmt":"2025-01-20T17:05:28","slug":"sessio-formativa-infants-adolescents-i-benestar-digital","status":"publish","type":"post","link":"https:\/\/serveiseducatius.xtec.cat\/noguera\/general\/sessio-formativa-infants-adolescents-i-benestar-digital\/","title":{"rendered":"Sessi\u00f3 formativa &#8220;Infants, adolescents i benestar digital&#8221;"},"content":{"rendered":"<div><span style=\"color: #000000; font-family: arial, sans-serif;\">El dijous 27 de febrer\u00a0 de les 17.15 a les 19.15 tindr\u00e0 lloc la sessi\u00f3 &#8220;Infants, adolescents i benestar digital&#8221; al CEI de Balaguer. <\/span><span style=\"color: #000000; font-family: arial, sans-serif;\">Aquesta formaci\u00f3 s&#8217;adre\u00e7a espec\u00edficament a <u>professionals de la doc\u00e8ncia de les diverses etapes del sistema educatiu i a responsables de l&#8217;educaci\u00f3 en el lleure i extraescolar<\/u>.\u00a0<\/span><\/div>\n<div><span style=\"color: #000000; font-family: arial, sans-serif;\">\u00a0<\/span><\/div>\n<div><span style=\"color: #000000; font-family: arial, sans-serif;\"><b>S&#8217;emmarca en les accions del Pla Comunitari de\u00a0<span class=\"il\">Benestar<\/span>\u00a0<span class=\"il\">Digital<\/span>\u00a0que tenim en marxa<\/b>\u00a0i que permetr\u00e0 concretar un seguit d&#8217;accions per preservar el\u00a0<span class=\"il\">benestar<\/span> d&#8217;infants, adolescents i joves de Balaguer i aix\u00ed la seva salut i bons h\u00e0bits. En aquest Pla Comunitari, a trav\u00e9s dels representants\u00a0que formen part del Grup Motor, hi\u00a0participeu\u00a0els agents educatius, els agents socials, el personal sanitari, la Paeria, les entitats i altres corresponsables de la societat balaguerina, des de l&#8217;educaci\u00f3 no formal fins als Mossos d&#8217;Esquadra, passant per la biblioteca, l&#8217;associaci\u00f3 de Gent Gran, i d&#8217;altres.<\/span><\/div>\n<div><span style=\"color: #000000; font-family: arial, sans-serif;\">\u00a0<\/span><\/div>\n<div><span style=\"color: #000000; font-family: arial, sans-serif;\">Les formadores\u00a0<span style=\"text-decoration: line-through;\">s<\/span>eran <a href=\"https:\/\/www.benestardigital.info\/\">l&#8217;Anna Ramis i l&#8217;Alba Castellv\u00ed.<\/a> Totes dues s\u00f3n professionals de l&#8217;educaci\u00f3 i el treball comunitari. Com a formadores amb llarga traject\u00f2ria i autores de manuals d&#8217;educaci\u00f3 per a educadors i fam\u00edlies, hem confiat en elles per conduir el Pla Comunitari de <span class=\"il\">Benestar<\/span>\u00a0<span class=\"il\">Digital<\/span>\u00a0que ha de fer de Balaguer un municipi on infants i joves puguin viure la seva relaci\u00f3 amb la tecnologia d&#8217;una manera positiva i sana.<\/span><\/div>\n<div><\/div>\n<div>Aquesta activitat no certifica com a formaci\u00f3 docent. <strong>Cal fer la inscripci\u00f3 enviant un correu a crp-noguera<span class=\"atwho-query\">@xtec.cat<\/span><\/strong><\/div>\n<div><a href=\"https:\/\/serveiseducatius.xtec.cat\/noguera\/wp-content\/uploads\/usu1149\/2025\/01\/BD.png\"><img loading=\"lazy\" decoding=\"async\" class=\"alignnone size-full wp-image-14418\" src=\"https:\/\/serveiseducatius.xtec.cat\/noguera\/wp-content\/uploads\/usu1149\/2025\/01\/BD.png\" alt=\"\" width=\"1080\" height=\"1080\" srcset=\"https:\/\/serveiseducatius.xtec.cat\/noguera\/wp-content\/uploads\/usu1149\/2025\/01\/BD.png 1080w, https:\/\/serveiseducatius.xtec.cat\/noguera\/wp-content\/uploads\/usu1149\/2025\/01\/BD-300x300.png 300w, https:\/\/serveiseducatius.xtec.cat\/noguera\/wp-content\/uploads\/usu1149\/2025\/01\/BD-1024x1024.png 1024w, https:\/\/serveiseducatius.xtec.cat\/noguera\/wp-content\/uploads\/usu1149\/2025\/01\/BD-150x150.png 150w, https:\/\/serveiseducatius.xtec.cat\/noguera\/wp-content\/uploads\/usu1149\/2025\/01\/BD-768x768.png 768w\" sizes=\"auto, (max-width: 1080px) 100vw, 1080px\" \/><\/a><\/div>\n","protected":false},"excerpt":{"rendered":"<p>El dijous 27 de febrer\u00a0 de les 17.15 a les 19.15 tindr\u00e0 lloc la sessi\u00f3 &#8220;Infants, adolescents i benestar digital&#8221; al CEI de Balaguer. Aquesta formaci\u00f3 s&#8217;adre\u00e7a espec\u00edficament a professionals de la doc\u00e8ncia de les diverses etapes del sistema educatiu i a responsables de l&#8217;educaci\u00f3 en el lleure i extraescolar.\u00a0 \u00a0 S&#8217;emmarca en les accions [&hellip;]<\/p>\n","protected":false},"author":28,"featured_media":14418,"comment_status":"open","ping_status":"closed","sticky":false,"template":"","format":"standard","meta":{"_bbp_topic_count":0,"_bbp_reply_count":0,"_bbp_total_topic_count":0,"_bbp_total_reply_count":0,"_bbp_voice_count":0,"_bbp_anonymous_reply_count":0,"_bbp_topic_count_hidden":0,"_bbp_reply_count_hidden":0,"_bbp_forum_subforum_count":0,"site-sidebar-layout":"default","site-content-layout":"","ast-site-content-layout":"","site-content-style":"default","site-sidebar-style":"default","ast-global-header-display":"","ast-banner-title-visibility":"","ast-main-header-display":"","ast-hfb-above-header-display":"","ast-hfb-below-header-display":"","ast-hfb-mobile-header-display":"","site-post-title":"","ast-breadcrumbs-content":"","ast-featured-img":"","footer-sml-layout":"","theme-transparent-header-meta":"","adv-header-id-meta":"","stick-header-meta":"","header-above-stick-meta":"","header-main-stick-meta":"","header-below-stick-meta":"","astra-migrate-meta-layouts":"default","ast-page-background-enabled":"default","ast-page-background-meta":{"desktop":{"background-color":"var(--ast-global-color-4)","background-image":"","background-repeat":"repeat","background-position":"center center","background-size":"auto","background-attachment":"scroll","background-type":"","background-media":"","overlay-type":"","overlay-color":"","overlay-opacity":"","overlay-gradient":""},"tablet":{"background-color":"","background-image":"","background-repeat":"repeat","background-position":"center center","background-size":"auto","background-attachment":"scroll","background-type":"","background-media":"","overlay-type":"","overlay-color":"","overlay-opacity":"","overlay-gradient":""},"mobile":{"background-color":"","background-image":"","background-repeat":"repeat","background-position":"center center","background-size":"auto","background-attachment":"scroll","background-type":"","background-media":"","overlay-type":"","overlay-color":"","overlay-opacity":"","overlay-gradient":""}},"ast-content-background-meta":{"desktop":{"background-color":"var(--ast-global-color-5)","background-image":"","background-repeat":"repeat","background-position":"center center","background-size":"auto","background-attachment":"scroll","background-type":"","background-media":"","overlay-type":"","overlay-color":"","overlay-opacity":"","overlay-gradient":""},"tablet":{"background-color":"var(--ast-global-color-5)","background-image":"","background-repeat":"repeat","background-position":"center center","background-size":"auto","background-attachment":"scroll","background-type":"","background-media":"","overlay-type":"","overlay-color":"","overlay-opacity":"","overlay-gradient":""},"mobile":{"background-color":"var(--ast-global-color-5)","background-image":"","background-repeat":"repeat","background-position":"center center","background-size":"auto","background-attachment":"scroll","background-type":"","background-media":"","overlay-type":"","overlay-color":"","overlay-opacity":"","overlay-gradient":""}},"footnotes":""},"categories":[64,1,566,29],"tags":[777,851,550],"class_list":["post-14417","post","type-post","status-publish","format-standard","has-post-thumbnail","hentry","category-comunitat","category-general","category-peeb","category-portada","tag-2024-25","tag-benestar-digital","tag-pee"],"post_mailing_queue_ids":[],"_links":{"self":[{"href":"https:\/\/serveiseducatius.xtec.cat\/noguera\/wp-json\/wp\/v2\/posts\/14417","targetHints":{"allow":["GET"]}}],"collection":[{"href":"https:\/\/serveiseducatius.xtec.cat\/noguera\/wp-json\/wp\/v2\/posts"}],"about":[{"href":"https:\/\/serveiseducatius.xtec.cat\/noguera\/wp-json\/wp\/v2\/types\/post"}],"author":[{"embeddable":true,"href":"https:\/\/serveiseducatius.xtec.cat\/noguera\/wp-json\/wp\/v2\/users\/28"}],"replies":[{"embeddable":true,"href":"https:\/\/serveiseducatius.xtec.cat\/noguera\/wp-json\/wp\/v2\/comments?post=14417"}],"version-history":[{"count":1,"href":"https:\/\/serveiseducatius.xtec.cat\/noguera\/wp-json\/wp\/v2\/posts\/14417\/revisions"}],"predecessor-version":[{"id":14419,"href":"https:\/\/serveiseducatius.xtec.cat\/noguera\/wp-json\/wp\/v2\/posts\/14417\/revisions\/14419"}],"wp:featuredmedia":[{"embeddable":true,"href":"https:\/\/serveiseducatius.xtec.cat\/noguera\/wp-json\/wp\/v2\/media\/14418"}],"wp:attachment":[{"href":"https:\/\/serveiseducatius.xtec.cat\/noguera\/wp-json\/wp\/v2\/media?parent=14417"}],"wp:term":[{"taxonomy":"category","embeddable":true,"href":"https:\/\/serveiseducatius.xtec.cat\/noguera\/wp-json\/wp\/v2\/categories?post=14417"},{"taxonomy":"post_tag","embeddable":true,"href":"https:\/\/serveiseducatius.xtec.cat\/noguera\/wp-json\/wp\/v2\/tags?post=14417"}],"curies":[{"name":"wp","href":"https:\/\/api.w.org\/{rel}","templated":true}]}}