{"id":14340,"date":"2025-01-08T12:48:04","date_gmt":"2025-01-08T11:48:04","guid":{"rendered":"https:\/\/serveiseducatius.xtec.cat\/noguera\/?p=14340"},"modified":"2025-01-08T12:48:04","modified_gmt":"2025-01-08T11:48:04","slug":"presentacio-de-diversos-recursos-i-estrategies-per-fomentar-loralitat-amb-lalumnat","status":"publish","type":"post","link":"https:\/\/serveiseducatius.xtec.cat\/noguera\/portada\/presentacio-de-diversos-recursos-i-estrategies-per-fomentar-loralitat-amb-lalumnat\/","title":{"rendered":"Presentaci\u00f3 de diversos\u00a0recursos i estrat\u00e8gies per fomentar l&#8217;oralitat amb l&#8217;alumnat"},"content":{"rendered":"<p>El Servei Educatiu de la Noguera ha programat una sessi\u00f3 on es presentaran diversos\u00a0recursos i estrat\u00e8gies per fomentar l&#8217;<span class=\"il\">oralitat<\/span> amb l&#8217;alumnat a c\u00e0rrec de Jordi Gaitan i Clar\u00e0. Aquest taller forma part del seminari de mestres \u201cEnxarxem-nos a La Noguera: llegim, escrivim i parlem!\u201d<\/p>\n<p>IMPORTANT: Les persones que ja estan inscrites al seminari \u201cEnxarxem-nos a La Noguera\u201d no cal que facin la inscripci\u00f3!<\/p>\n<p><strong>INSCRIPCI\u00d3:\u00a0<\/strong><a href=\"https:\/\/forms.gle\/HwaubMe8zhZQJEzp6\">Formulari<\/a> a la sessi\u00f3 taller d&#8217;oralitat, <strong>dimarts 14 de gener de les 17.30 a les 19.30h.\u00a0<\/strong><\/p>\n<p><strong>LLOC<\/strong>:<b>\u00a0SE de La Noguera<\/b><\/p>\n<p>Esperem que sigui del vostre inter\u00e8s!!<\/p>\n<p><a href=\"https:\/\/serveiseducatius.xtec.cat\/noguera\/wp-content\/uploads\/usu1149\/2025\/01\/Taller-doralitat.png\"><img loading=\"lazy\" decoding=\"async\" class=\"alignnone  wp-image-14343\" src=\"https:\/\/serveiseducatius.xtec.cat\/noguera\/wp-content\/uploads\/usu1149\/2025\/01\/Taller-doralitat-1024x1024.png\" alt=\"\" width=\"636\" height=\"636\" srcset=\"https:\/\/serveiseducatius.xtec.cat\/noguera\/wp-content\/uploads\/usu1149\/2025\/01\/Taller-doralitat-1024x1024.png 1024w, https:\/\/serveiseducatius.xtec.cat\/noguera\/wp-content\/uploads\/usu1149\/2025\/01\/Taller-doralitat-300x300.png 300w, https:\/\/serveiseducatius.xtec.cat\/noguera\/wp-content\/uploads\/usu1149\/2025\/01\/Taller-doralitat-150x150.png 150w, https:\/\/serveiseducatius.xtec.cat\/noguera\/wp-content\/uploads\/usu1149\/2025\/01\/Taller-doralitat-768x768.png 768w, https:\/\/serveiseducatius.xtec.cat\/noguera\/wp-content\/uploads\/usu1149\/2025\/01\/Taller-doralitat.png 1080w\" sizes=\"auto, (max-width: 636px) 100vw, 636px\" \/><\/a><\/p>\n","protected":false},"excerpt":{"rendered":"<p>El Servei Educatiu de la Noguera ha programat una sessi\u00f3 on es presentaran diversos\u00a0recursos i estrat\u00e8gies per fomentar l&#8217;oralitat amb l&#8217;alumnat a c\u00e0rrec de Jordi Gaitan i Clar\u00e0. Aquest taller forma part del seminari de mestres \u201cEnxarxem-nos a La Noguera: llegim, escrivim i parlem!\u201d IMPORTANT: Les persones que ja estan inscrites al seminari \u201cEnxarxem-nos a [&hellip;]<\/p>\n","protected":false},"author":34,"featured_media":14343,"comment_status":"open","ping_status":"closed","sticky":false,"template":"","format":"standard","meta":{"_bbp_topic_count":0,"_bbp_reply_count":0,"_bbp_total_topic_count":0,"_bbp_total_reply_count":0,"_bbp_voice_count":0,"_bbp_anonymous_reply_count":0,"_bbp_topic_count_hidden":0,"_bbp_reply_count_hidden":0,"_bbp_forum_subforum_count":0,"site-sidebar-layout":"default","site-content-layout":"","ast-site-content-layout":"","site-content-style":"default","site-sidebar-style":"default","ast-global-header-display":"","ast-banner-title-visibility":"","ast-main-header-display":"","ast-hfb-above-header-display":"","ast-hfb-below-header-display":"","ast-hfb-mobile-header-display":"","site-post-title":"","ast-breadcrumbs-content":"","ast-featured-img":"","footer-sml-layout":"","theme-transparent-header-meta":"","adv-header-id-meta":"","stick-header-meta":"","header-above-stick-meta":"","header-main-stick-meta":"","header-below-stick-meta":"","astra-migrate-meta-layouts":"default","ast-page-background-enabled":"default","ast-page-background-meta":{"desktop":{"background-color":"var(--ast-global-color-4)","background-image":"","background-repeat":"repeat","background-position":"center center","background-size":"auto","background-attachment":"scroll","background-type":"","background-media":"","overlay-type":"","overlay-color":"","overlay-opacity":"","overlay-gradient":""},"tablet":{"background-color":"","background-image":"","background-repeat":"repeat","background-position":"center center","background-size":"auto","background-attachment":"scroll","background-type":"","background-media":"","overlay-type":"","overlay-color":"","overlay-opacity":"","overlay-gradient":""},"mobile":{"background-color":"","background-image":"","background-repeat":"repeat","background-position":"center center","background-size":"auto","background-attachment":"scroll","background-type":"","background-media":"","overlay-type":"","overlay-color":"","overlay-opacity":"","overlay-gradient":""}},"ast-content-background-meta":{"desktop":{"background-color":"var(--ast-global-color-5)","background-image":"","background-repeat":"repeat","background-position":"center center","background-size":"auto","background-attachment":"scroll","background-type":"","background-media":"","overlay-type":"","overlay-color":"","overlay-opacity":"","overlay-gradient":""},"tablet":{"background-color":"var(--ast-global-color-5)","background-image":"","background-repeat":"repeat","background-position":"center center","background-size":"auto","background-attachment":"scroll","background-type":"","background-media":"","overlay-type":"","overlay-color":"","overlay-opacity":"","overlay-gradient":""},"mobile":{"background-color":"var(--ast-global-color-5)","background-image":"","background-repeat":"repeat","background-position":"center center","background-size":"auto","background-attachment":"scroll","background-type":"","background-media":"","overlay-type":"","overlay-color":"","overlay-opacity":"","overlay-gradient":""}},"footnotes":""},"categories":[81,154,29],"tags":[777,830,829,481],"class_list":["post-14340","post","type-post","status-publish","format-standard","has-post-thumbnail","hentry","category-biblioteca-escolar","category-formacio","category-portada","tag-2024-25","tag-enxarxem-nos","tag-gaitan","tag-oralitat"],"post_mailing_queue_ids":[],"_links":{"self":[{"href":"https:\/\/serveiseducatius.xtec.cat\/noguera\/wp-json\/wp\/v2\/posts\/14340","targetHints":{"allow":["GET"]}}],"collection":[{"href":"https:\/\/serveiseducatius.xtec.cat\/noguera\/wp-json\/wp\/v2\/posts"}],"about":[{"href":"https:\/\/serveiseducatius.xtec.cat\/noguera\/wp-json\/wp\/v2\/types\/post"}],"author":[{"embeddable":true,"href":"https:\/\/serveiseducatius.xtec.cat\/noguera\/wp-json\/wp\/v2\/users\/34"}],"replies":[{"embeddable":true,"href":"https:\/\/serveiseducatius.xtec.cat\/noguera\/wp-json\/wp\/v2\/comments?post=14340"}],"version-history":[{"count":1,"href":"https:\/\/serveiseducatius.xtec.cat\/noguera\/wp-json\/wp\/v2\/posts\/14340\/revisions"}],"predecessor-version":[{"id":14344,"href":"https:\/\/serveiseducatius.xtec.cat\/noguera\/wp-json\/wp\/v2\/posts\/14340\/revisions\/14344"}],"wp:featuredmedia":[{"embeddable":true,"href":"https:\/\/serveiseducatius.xtec.cat\/noguera\/wp-json\/wp\/v2\/media\/14343"}],"wp:attachment":[{"href":"https:\/\/serveiseducatius.xtec.cat\/noguera\/wp-json\/wp\/v2\/media?parent=14340"}],"wp:term":[{"taxonomy":"category","embeddable":true,"href":"https:\/\/serveiseducatius.xtec.cat\/noguera\/wp-json\/wp\/v2\/categories?post=14340"},{"taxonomy":"post_tag","embeddable":true,"href":"https:\/\/serveiseducatius.xtec.cat\/noguera\/wp-json\/wp\/v2\/tags?post=14340"}],"curies":[{"name":"wp","href":"https:\/\/api.w.org\/{rel}","templated":true}]}}