{"id":14200,"date":"2024-11-14T15:24:52","date_gmt":"2024-11-14T14:24:52","guid":{"rendered":"https:\/\/serveiseducatius.xtec.cat\/noguera\/?p=14200"},"modified":"2024-11-18T11:53:46","modified_gmt":"2024-11-18T10:53:46","slug":"els-contes-de-la-laura-i-en-joan","status":"publish","type":"post","link":"https:\/\/serveiseducatius.xtec.cat\/noguera\/general\/els-contes-de-la-laura-i-en-joan\/","title":{"rendered":"Contes de la Laura i en Joan"},"content":{"rendered":"<p><a href=\"https:\/\/serveiseducatius.xtec.cat\/noguera\/wp-content\/uploads\/usu1149\/2024\/11\/Publicacions-1r-TRI-24-25-2_page-0001.jpg\"><img loading=\"lazy\" decoding=\"async\" class=\"wp-image-14214 aligncenter\" src=\"https:\/\/serveiseducatius.xtec.cat\/noguera\/wp-content\/uploads\/usu1149\/2024\/11\/Publicacions-1r-TRI-24-25-2_page-0001-300x300.jpg\" alt=\"\" width=\"460\" height=\"460\" srcset=\"https:\/\/serveiseducatius.xtec.cat\/noguera\/wp-content\/uploads\/usu1149\/2024\/11\/Publicacions-1r-TRI-24-25-2_page-0001-300x300.jpg 300w, https:\/\/serveiseducatius.xtec.cat\/noguera\/wp-content\/uploads\/usu1149\/2024\/11\/Publicacions-1r-TRI-24-25-2_page-0001-1024x1024.jpg 1024w, https:\/\/serveiseducatius.xtec.cat\/noguera\/wp-content\/uploads\/usu1149\/2024\/11\/Publicacions-1r-TRI-24-25-2_page-0001-150x150.jpg 150w, https:\/\/serveiseducatius.xtec.cat\/noguera\/wp-content\/uploads\/usu1149\/2024\/11\/Publicacions-1r-TRI-24-25-2_page-0001-768x768.jpg 768w, https:\/\/serveiseducatius.xtec.cat\/noguera\/wp-content\/uploads\/usu1149\/2024\/11\/Publicacions-1r-TRI-24-25-2_page-0001-1536x1536.jpg 1536w, https:\/\/serveiseducatius.xtec.cat\/noguera\/wp-content\/uploads\/usu1149\/2024\/11\/Publicacions-1r-TRI-24-25-2_page-0001.jpg 1688w\" sizes=\"auto, (max-width: 460px) 100vw, 460px\" \/><\/a><\/p>\n<p>&nbsp;<\/p>\n<p>Us fem arribar les novetats del programa Els contes de la Laura i en Joan del Departament de Recerca i Universitats de la Generalitat de Catalunya. L&#8217;objectiu es trobar possibles formules de col\u00b7laboraci\u00f3 o sin\u00e8rgies per\u00a0<strong>donar difusi\u00f3 i fer arribar al personal docent, ciutadania i equipaments, els recursos del programa educatiu gratu\u00eft &#8220;Viu la Recerca amb la Laura i en Joan&#8221; (potser a trav\u00e9s del banc de recursos educatius?)<\/strong>.\u00a0Us fem arribar a continuaci\u00f3 informaci\u00f3 del programa per tal que pugueu valorar la proposta.<\/p>\n<p><strong>Els contes de la Laura i en Joan\u00a0<\/strong>tenen per objectiu acostar la recerca que es fa a casa nostra als infants d&#8217;entre 6 i 10 anys, divulgar-ne la funci\u00f3 social i fomentar les vocacions cient\u00edfiques i tecnol\u00f2giques.<strong>\u00a0<\/strong>Trobareu la col\u00b7lecci\u00f3 de contes de la Laura i en Joan\u00a0<a href=\"https:\/\/recercaiuniversitats.gencat.cat\/ca\/03_ambits_dactuacio\/ciencia_i_societat\/la_ciencia_a_les_escoles\/els-contes-de-la-laura-i-en-joan\/colleccio-contes\/\">online<\/a>\u00a0i a les biblioteques, les escoles i les aules hospital\u00e0ries de Catalunya. A la\u00a0<a href=\"https:\/\/recercaiuniversitats.gencat.cat\/ca\/03_ambits_dactuacio\/ciencia_i_societat\/la_ciencia_a_les_escoles\/els-contes-de-la-laura-i-en-joan\">web del programa<\/a>\u00a0tamb\u00e9 hi trobareu activitats digitals i altres activitats i iniciatives gratu\u00eftes.<\/p>\n<p>En\u00a0<strong>l&#8217;activitat de<\/strong>\u00a0<strong>Contacontes\u00a0<\/strong>la Laura i en Joan (els protagonistes dels contes!) visiten les escoles per compartir els seus tallers experimentals amb els infants, com a novetat, aquest any, tamb\u00e9 tenim unes quantes sessions reservades per a les biblioteques! Consulta\u00a0<a href=\"https:\/\/drive.google.com\/file\/d\/1Oa3U_VrmL73NW_MCeI1kYxwgC1bjCdzl\/view?usp=sharing\">aqu\u00ed<\/a>\u00a0el cat\u00e0leg.<\/p>\n<p>Les activitats s\u00f3n gratu\u00eftes, els centres educatius es poden inscriure i demanar m\u00e9s informaci\u00f3 sobre les sessions i cessi\u00f3 de materials a trav\u00e9s del\u00a0<a href=\"https:\/\/recercaiuniversitats.gencat.cat\/ca\/03_ambits_dactuacio\/ciencia_i_societat\/la_ciencia_a_les_escoles\/els-contes-de-la-laura-i-en-joan\/\">web<\/a>.<\/p>\n<p>Tamb\u00e9 us fem a mans altres elements de difusi\u00f3 (<a href=\"https:\/\/drive.google.com\/file\/d\/14z4UwmvyxacAn_BmknSWlki0Y0cxQ6M1\/view?usp=sharing\">fullet\u00f3 A5<\/a>,\u00a0<a href=\"https:\/\/drive.google.com\/file\/d\/1jmt7CMtUYo5Tvr0sPSK2ryCM09HTmdXS\/view?usp=sharing\">cartell A3<\/a>) per si els voleu posar al vostre equipament\/ biblioteca\/ centre c\u00edvic&#8230;, en cas que en vulgueu en format paper contacteu amb nosaltres i us en far\u00edem arribar una mostra.<\/p>\n<p><strong>ALTRES NOVETATS:<\/strong><\/p>\n<p>Recentment es va publicar un nou llibre,\u00a0<strong>La Laura i en Joan fan recerca a tota pot\u00e8ncia<\/strong>, on els nostres protagonistes col\u00b7laboren en les investigacions del Centre de Recerca Matem\u00e0tica (CRM) per tal de desenvolupar models matem\u00e0tics que ajudin a predir fen\u00f2mens meteorol\u00f2gics extrems.<\/p>\n<p>A partir del\u00a0<a href=\"https:\/\/recercaiuniversitats.gencat.cat\/ca\/03_ambits_dactuacio\/ciencia_i_societat\/la_ciencia_a_les_escoles\/els-contes-de-la-laura-i-en-joan\/28_analisi_de_dades\/index.html\">conte<\/a>\u00a0La Laura i en Joan fan recerca a tota pot\u00e8ncia, s&#8217;ha creat l&#8217;activitat\u00a0<strong>Meteorologia i clima,<\/strong>\u00a0en qu\u00e8 descobrim la import\u00e0ncia de les matem\u00e0tiques per a la presa de decisions!<\/p>\n<p>L&#8217;inter\u00e8s per con\u00e8ixer el temps atmosf\u00e8ric es remunta als inicis de la humanitat. Durant la civilitzaci\u00f3 grega s&#8217;intenta fer una aproximaci\u00f3 cient\u00edfica, per\u00f2 no \u00e9s fins a la invenci\u00f3 dels instruments de mesura que es comencen a prendre dades realment objectives. En aquesta activitat ens convertirem en climat\u00f2legs i climat\u00f2logues expertes per predir l&#8217;evoluci\u00f3 d&#8217;una variable climatol\u00f2gica com la temperatura. Descobrirem com la detecci\u00f3 de patrons i els models matem\u00e0tics ens permeten preveure fen\u00f2mens meteorol\u00f2gics extrems com les inundacions i la sequera, i aix\u00ed prendre decisions per tal d&#8217;evitar o minimitzar possibles danys.<\/p>\n<p>En l&#8217;edici\u00f3 passada vam estrenar l&#8217;Escape box\u00a0(capsa de joc d&#8217;escapada)\u00a0<strong>Mercaders i pirates de la Mediterr\u00e0nia medieval<\/strong>, un recurs educatiu dirigit a p\u00fablic escolar de prim\u00e0ria creat pel\u00a0Departament de Recerca i Universitats\u00a0amb motiu de la commemoraci\u00f3 dels 750 anys dels\u00a0Costums de Tortosa\u00a0i els\u00a0Costums de mar, que impulsa el Departament de Just\u00edcia. A trav\u00e9s d&#8217;aquest recurs autoguiat, l&#8217;alumnat s&#8217;endinsar\u00e0 en les aventures dels mercaders i pirates de la Mediterr\u00e0nia medieval per descobrir el protagonisme de Catalunya en el comer\u00e7 mar\u00edtim medieval, la import\u00e0ncia del Consolat de Mar per a l&#8217;actual dret mar\u00edtim i alguns conceptes relacionats amb la navegaci\u00f3. M\u00e9s informaci\u00f3\u00a0<a href=\"https:\/\/recercaiuniversitats.gencat.cat\/ca\/03_ambits_dactuacio\/ciencia_i_societat\/la_ciencia_a_les_escoles\/escapebox\/\">aqu\u00ed<\/a>.<\/p>\n<p><strong>Vols que la Laura i en Joan visitin la teva escola o biblioteca?\u00a0<\/strong>Oferim activitats experimentals per\u00a0<strong>4t i 5\u00e8 de prim\u00e0ria\u00a0<\/strong>inspirades en els continguts dels contes. Les tem\u00e0tiques disponibles aquest any s\u00f3n: Arqueologia, Fot\u00f2nica, Ling\u00fc\u00edstica, Tecnologia dels aliments, Nanotecnologia, Astronomia i Meteorologia i clima. Tamb\u00e9 podeu gaudir de l&#8217;escapebox Mercaders i pirates de la Mediterr\u00e0nia medieval on desvelen la import\u00e0ncia de Catalunya en el comer\u00e7 mar\u00edtim medieval. M\u00e9s informaci\u00f3\u00a0<a href=\"https:\/\/recercaiuniversitats.gencat.cat\/ca\/03_ambits_dactuacio\/ciencia_i_societat\/la_ciencia_a_les_escoles\/escapebox\/\">aqu\u00ed<\/a>.<\/p>\n<p><strong>Vols con\u00e8ixer l&#8217;equilibri de les xarxes tr\u00f2fiques als nostres mars?<\/strong>\u00a0Sol\u00b7liciteu el pr\u00e9stec de la maleta pedag\u00f2gica, amb jocs i recursos did\u00e0ctics.<\/p>\n<p>Consulteu el cat\u00e0leg de serveis i descobreix la resta de recursos i iniciatives de la col\u00b7lecci\u00f3 al seu\u00a0<a href=\"https:\/\/recercaiuniversitats.gencat.cat\/ca\/03_ambits_dactuacio\/ciencia_i_societat\/la_ciencia_a_les_escoles\/els-contes-de-la-laura-i-en-joan\/\">web<\/a>.<\/p>\n<p>&nbsp;<\/p>\n<p><strong>INFORMACI\u00d3 DETALLADA DEL PROGRAMA:<\/strong><\/p>\n<p><strong>La Laura i en Joan<\/strong><\/p>\n<p><strong>LA COL\u00b7LECCI\u00d3 DE CONTES<\/strong><\/p>\n<p><strong>\u00bfConeixeu els contes de la Laura i en Joan?<\/strong>\u00a0La col\u00b7lecci\u00f3 de contes de la Laura i en Joan es troba\u00a0<a href=\"https:\/\/recercaiuniversitats.gencat.cat\/ca\/03_ambits_dactuacio\/ciencia_i_societat\/la_ciencia_a_les_escoles\/els-contes-de-la-laura-i-en-joan\/colleccio-contes\/\">online<\/a>\u00a0per\u00f2 tamb\u00e9 a les biblioteques, les escoles i les aules hospital\u00e0ries de Catalunya. El seu objectiu \u00e9s compartir amb la mainada (educaci\u00f3 prim\u00e0ria) en forma d&#8217;aventura, la recerca que es fa a casa nostra, de manera que permeti a les noies i als nois descobrir quina finalitat t\u00e9 i fomentar les vocacions cient\u00edfic-tecnol\u00f2giques. A la web del programa tamb\u00e9 hi trobareu activitats digitals i altres activitats i iniciatives.<\/p>\n<p><strong>CONTACONTES<\/strong><\/p>\n<p>La Laura i en Joan visiten les escoles. L&#8217;activitat dels contacontes destinada a 4t i 5\u00e8 de prim\u00e0ria s&#8217;inspira en el contingut d&#8217;un conte. Dura 90 minuts i \u00e9s una activitat vivencial i manipulativa que consta d&#8217;una posada en escena del conte i una part experimental, en qu\u00e8 els alumnes es converteixen en investigadors i investigadores. Les tem\u00e0tiques que tenim disponibles s\u00f3n:\u00a0<strong>Arqueologia, Ling\u00fc\u00edstica, Tecnologia dels aliments, Nanotecnologia i Astronomia<\/strong>.<strong>\u00a0<\/strong>Com a novetat, aquest any estrenem l&#8217;activitat\u00a0<strong>Meteorologia i clima<\/strong>\u00a0en qu\u00e8 descobrim la import\u00e0ncia de les matem\u00e0tiques!\u00a0<strong>\u00a0Consulta<\/strong><strong>\u00a0<\/strong><a href=\"https:\/\/recercaiuniversitats.gencat.cat\/ca\/03_ambits_dactuacio\/ciencia_i_societat\/la_ciencia_a_les_escoles\/els-contes-de-la-laura-i-en-joan\/\"><strong>aqu\u00ed<\/strong><\/a><u>\u00a0<\/u><strong>el cat\u00e0leg.<\/strong><\/p>\n<p><strong>ESCAPEBOX<\/strong><\/p>\n<p>Amb motiu de la\u00a0<strong>commemoraci\u00f3 dels 750 anys dels Costums de Tortosa i els Costums del Mar<\/strong>, vam crear l&#8217;escape box,\u00a0<strong>mercaders i pirates de la Mediterr\u00e0nia medieval\u00a0<\/strong>on descobrim el protagonisme de Catalunya en el comer\u00e7 mar\u00edtim medieval, la import\u00e0ncia del Consolat de Mar per a l&#8217;actual dret mar\u00edtim i alguns conceptes relacionats amb la navegaci\u00f3 i l&#8217;orientaci\u00f3 mar\u00edtima.<\/p>\n<p><strong>MALETA PEDAG\u00d2GICA<\/strong><\/p>\n<p><strong>L&#8217;equilibri de les xarxes tr\u00f2fiques als nostres mars<\/strong>\u00a0La maleta, amb jocs i recursos pedag\u00f2gics, se centra en l&#8217;equilibri a les xarxes tr\u00f2fiques en l&#8217;\u00e0mbit mar\u00ed. Dona a con\u00e8ixer l&#8217;impacte ambiental i els efectes de la\u00a0 sobreexplotaci\u00f3 d&#8217;una esp\u00e8cie concreta, el mero, i destaca el paper de la recerca per aconseguir reproduir en captivitat aquesta esp\u00e8cie en perill d&#8217;extinci\u00f3.<\/p>\n<p>Les activitats s\u00f3n gratu\u00eftes, podeu trobar els contes i activitats digitals, aix\u00ed com, inscriure-us i demanar m\u00e9s informaci\u00f3 sobre les activitats i cessi\u00f3 de materials a la\u00a0<a href=\"https:\/\/recercaiuniversitats.gencat.cat\/ca\/03_ambits_dactuacio\/ciencia_i_societat\/la_ciencia_a_les_escoles\/els-contes-de-la-laura-i-en-joan\/\">web<\/a>\u00a0del programa.<\/p>\n","protected":false},"excerpt":{"rendered":"<p>&nbsp; Us fem arribar les novetats del programa Els contes de la Laura i en Joan del Departament de Recerca i Universitats de la Generalitat de Catalunya. L&#8217;objectiu es trobar possibles formules de col\u00b7laboraci\u00f3 o sin\u00e8rgies per\u00a0donar difusi\u00f3 i fer arribar al personal docent, ciutadania i equipaments, els recursos del programa educatiu gratu\u00eft &#8220;Viu la [&hellip;]<\/p>\n","protected":false},"author":31,"featured_media":0,"comment_status":"open","ping_status":"closed","sticky":false,"template":"","format":"standard","meta":{"_bbp_topic_count":0,"_bbp_reply_count":0,"_bbp_total_topic_count":0,"_bbp_total_reply_count":0,"_bbp_voice_count":0,"_bbp_anonymous_reply_count":0,"_bbp_topic_count_hidden":0,"_bbp_reply_count_hidden":0,"_bbp_forum_subforum_count":0,"site-sidebar-layout":"default","site-content-layout":"","ast-site-content-layout":"","site-content-style":"default","site-sidebar-style":"default","ast-global-header-display":"","ast-banner-title-visibility":"","ast-main-header-display":"","ast-hfb-above-header-display":"","ast-hfb-below-header-display":"","ast-hfb-mobile-header-display":"","site-post-title":"","ast-breadcrumbs-content":"","ast-featured-img":"","footer-sml-layout":"","theme-transparent-header-meta":"","adv-header-id-meta":"","stick-header-meta":"","header-above-stick-meta":"","header-main-stick-meta":"","header-below-stick-meta":"","astra-migrate-meta-layouts":"default","ast-page-background-enabled":"default","ast-page-background-meta":{"desktop":{"background-color":"var(--ast-global-color-4)","background-image":"","background-repeat":"repeat","background-position":"center center","background-size":"auto","background-attachment":"scroll","background-type":"","background-media":"","overlay-type":"","overlay-color":"","overlay-opacity":"","overlay-gradient":""},"tablet":{"background-color":"","background-image":"","background-repeat":"repeat","background-position":"center center","background-size":"auto","background-attachment":"scroll","background-type":"","background-media":"","overlay-type":"","overlay-color":"","overlay-opacity":"","overlay-gradient":""},"mobile":{"background-color":"","background-image":"","background-repeat":"repeat","background-position":"center center","background-size":"auto","background-attachment":"scroll","background-type":"","background-media":"","overlay-type":"","overlay-color":"","overlay-opacity":"","overlay-gradient":""}},"ast-content-background-meta":{"desktop":{"background-color":"var(--ast-global-color-5)","background-image":"","background-repeat":"repeat","background-position":"center center","background-size":"auto","background-attachment":"scroll","background-type":"","background-media":"","overlay-type":"","overlay-color":"","overlay-opacity":"","overlay-gradient":""},"tablet":{"background-color":"var(--ast-global-color-5)","background-image":"","background-repeat":"repeat","background-position":"center center","background-size":"auto","background-attachment":"scroll","background-type":"","background-media":"","overlay-type":"","overlay-color":"","overlay-opacity":"","overlay-gradient":""},"mobile":{"background-color":"var(--ast-global-color-5)","background-image":"","background-repeat":"repeat","background-position":"center center","background-size":"auto","background-attachment":"scroll","background-type":"","background-media":"","overlay-type":"","overlay-color":"","overlay-opacity":"","overlay-gradient":""}},"footnotes":""},"categories":[66,1,29,345],"tags":[765,802,801],"class_list":["post-14200","post","type-post","status-publish","format-standard","hentry","category-dinamica","category-general","category-portada","category-steam","tag-2024-24","tag-conta-contes","tag-laura-i-joan"],"post_mailing_queue_ids":[],"_links":{"self":[{"href":"https:\/\/serveiseducatius.xtec.cat\/noguera\/wp-json\/wp\/v2\/posts\/14200","targetHints":{"allow":["GET"]}}],"collection":[{"href":"https:\/\/serveiseducatius.xtec.cat\/noguera\/wp-json\/wp\/v2\/posts"}],"about":[{"href":"https:\/\/serveiseducatius.xtec.cat\/noguera\/wp-json\/wp\/v2\/types\/post"}],"author":[{"embeddable":true,"href":"https:\/\/serveiseducatius.xtec.cat\/noguera\/wp-json\/wp\/v2\/users\/31"}],"replies":[{"embeddable":true,"href":"https:\/\/serveiseducatius.xtec.cat\/noguera\/wp-json\/wp\/v2\/comments?post=14200"}],"version-history":[{"count":6,"href":"https:\/\/serveiseducatius.xtec.cat\/noguera\/wp-json\/wp\/v2\/posts\/14200\/revisions"}],"predecessor-version":[{"id":14236,"href":"https:\/\/serveiseducatius.xtec.cat\/noguera\/wp-json\/wp\/v2\/posts\/14200\/revisions\/14236"}],"wp:attachment":[{"href":"https:\/\/serveiseducatius.xtec.cat\/noguera\/wp-json\/wp\/v2\/media?parent=14200"}],"wp:term":[{"taxonomy":"category","embeddable":true,"href":"https:\/\/serveiseducatius.xtec.cat\/noguera\/wp-json\/wp\/v2\/categories?post=14200"},{"taxonomy":"post_tag","embeddable":true,"href":"https:\/\/serveiseducatius.xtec.cat\/noguera\/wp-json\/wp\/v2\/tags?post=14200"}],"curies":[{"name":"wp","href":"https:\/\/api.w.org\/{rel}","templated":true}]}}