{"id":13700,"date":"2024-05-13T15:22:14","date_gmt":"2024-05-13T13:22:14","guid":{"rendered":"https:\/\/serveiseducatius.xtec.cat\/noguera\/?p=13700"},"modified":"2024-05-13T16:04:55","modified_gmt":"2024-05-13T14:04:55","slug":"exit-de-la-fira-dels-somnis-2024","status":"publish","type":"post","link":"https:\/\/serveiseducatius.xtec.cat\/noguera\/general\/exit-de-la-fira-dels-somnis-2024\/","title":{"rendered":"\u00c8xit de la Fira dels Somnis 2024"},"content":{"rendered":"<p>El passat diumenge 5 de maig va tenir lloc la <a href=\"https:\/\/firadelssomnis.cat\/\">Fira dels Somnis<\/a> 2024, quer va tancar amb una recaptaci\u00f3 total de m\u00e9s de 52.000 euros.<\/p>\n<p>El Servei Educatiu de la Noguera participa en la comissi\u00f3 organitzadora de l&#8217;acte, i dinamitza la participaci\u00f3 de m\u00e9s de 30 centres educatius i resid\u00e8ncies de gent gran mitjan\u00e7ant l&#8217;exposici\u00f3 de <a href=\"https:\/\/serveiseducatius.xtec.cat\/noguera\/comunitat\/fira-dels-somnis-balaguer-2024\/\">treballs<\/a> que s&#8217;han anat elaborant de forma conjunta.<\/p>\n<p>Tot plegat, un dia festiu amb un r\u00e8cord de visites que ha servit per visibilitzar el c\u00e0ncer infantil i recaptar fons que es destinen <a href=\"https:\/\/iniciativa.vallhebron.org\/campaigns\/FIRA-DELS-SOMNIS-BALAGUER-2024\">\u00edntegrament a la unitat de recerca oncol\u00f2gica infantil de l&#8217;Hospital de la Vall d&#8217;Hebron<\/a>.<\/p>\n<p>Volem fer arribar el nostre agra\u00efment a tots els centres educatius, resid\u00e8ncies i entitats pel vostre suport, esperant tornar a trobar la vostra col\u00b7laboraci\u00f3 en futures edicions: Us enllacem un petit v\u00eddeo resum en qu\u00e8 el Roger Camps, el nostre portaveu, explica les activitats en qu\u00e8 heu participat.<\/p>\n<p><iframe loading=\"lazy\" title=\"Fira dels somnis 2024\" src=\"https:\/\/www.youtube.com\/embed\/Di1mUfb3fyA\" width=\"1250\" height=\"703\" frameborder=\"0\" allowfullscreen=\"allowfullscreen\"><\/iframe><\/p>\n","protected":false},"excerpt":{"rendered":"<p>El passat diumenge 5 de maig va tenir lloc la Fira dels Somnis 2024, quer va tancar amb una recaptaci\u00f3 total de m\u00e9s de 52.000 euros. El Servei Educatiu de la Noguera participa en la comissi\u00f3 organitzadora de l&#8217;acte, i dinamitza la participaci\u00f3 de m\u00e9s de 30 centres educatius i resid\u00e8ncies de gent gran mitjan\u00e7ant [&hellip;]<\/p>\n","protected":false},"author":28,"featured_media":13701,"comment_status":"open","ping_status":"closed","sticky":false,"template":"","format":"standard","meta":{"_bbp_topic_count":0,"_bbp_reply_count":0,"_bbp_total_topic_count":0,"_bbp_total_reply_count":0,"_bbp_voice_count":0,"_bbp_anonymous_reply_count":0,"_bbp_topic_count_hidden":0,"_bbp_reply_count_hidden":0,"_bbp_forum_subforum_count":0,"site-sidebar-layout":"default","site-content-layout":"","ast-site-content-layout":"","site-content-style":"default","site-sidebar-style":"default","ast-global-header-display":"","ast-banner-title-visibility":"","ast-main-header-display":"","ast-hfb-above-header-display":"","ast-hfb-below-header-display":"","ast-hfb-mobile-header-display":"","site-post-title":"","ast-breadcrumbs-content":"","ast-featured-img":"","footer-sml-layout":"","theme-transparent-header-meta":"","adv-header-id-meta":"","stick-header-meta":"","header-above-stick-meta":"","header-main-stick-meta":"","header-below-stick-meta":"","astra-migrate-meta-layouts":"default","ast-page-background-enabled":"default","ast-page-background-meta":{"desktop":{"background-color":"var(--ast-global-color-4)","background-image":"","background-repeat":"repeat","background-position":"center center","background-size":"auto","background-attachment":"scroll","background-type":"","background-media":"","overlay-type":"","overlay-color":"","overlay-opacity":"","overlay-gradient":""},"tablet":{"background-color":"","background-image":"","background-repeat":"repeat","background-position":"center center","background-size":"auto","background-attachment":"scroll","background-type":"","background-media":"","overlay-type":"","overlay-color":"","overlay-opacity":"","overlay-gradient":""},"mobile":{"background-color":"","background-image":"","background-repeat":"repeat","background-position":"center center","background-size":"auto","background-attachment":"scroll","background-type":"","background-media":"","overlay-type":"","overlay-color":"","overlay-opacity":"","overlay-gradient":""}},"ast-content-background-meta":{"desktop":{"background-color":"var(--ast-global-color-5)","background-image":"","background-repeat":"repeat","background-position":"center center","background-size":"auto","background-attachment":"scroll","background-type":"","background-media":"","overlay-type":"","overlay-color":"","overlay-opacity":"","overlay-gradient":""},"tablet":{"background-color":"var(--ast-global-color-5)","background-image":"","background-repeat":"repeat","background-position":"center center","background-size":"auto","background-attachment":"scroll","background-type":"","background-media":"","overlay-type":"","overlay-color":"","overlay-opacity":"","overlay-gradient":""},"mobile":{"background-color":"var(--ast-global-color-5)","background-image":"","background-repeat":"repeat","background-position":"center center","background-size":"auto","background-attachment":"scroll","background-type":"","background-media":"","overlay-type":"","overlay-color":"","overlay-opacity":"","overlay-gradient":""}},"footnotes":""},"categories":[64,1,29],"tags":[729,384,745,747,744,746,748],"class_list":["post-13700","post","type-post","status-publish","format-standard","has-post-thumbnail","hentry","category-comunitat","category-general","category-portada","tag-729","tag-balaguer","tag-cancer","tag-fira","tag-fira-dels-somnis","tag-huvh","tag-somnis"],"post_mailing_queue_ids":[],"_links":{"self":[{"href":"https:\/\/serveiseducatius.xtec.cat\/noguera\/wp-json\/wp\/v2\/posts\/13700","targetHints":{"allow":["GET"]}}],"collection":[{"href":"https:\/\/serveiseducatius.xtec.cat\/noguera\/wp-json\/wp\/v2\/posts"}],"about":[{"href":"https:\/\/serveiseducatius.xtec.cat\/noguera\/wp-json\/wp\/v2\/types\/post"}],"author":[{"embeddable":true,"href":"https:\/\/serveiseducatius.xtec.cat\/noguera\/wp-json\/wp\/v2\/users\/28"}],"replies":[{"embeddable":true,"href":"https:\/\/serveiseducatius.xtec.cat\/noguera\/wp-json\/wp\/v2\/comments?post=13700"}],"version-history":[{"count":6,"href":"https:\/\/serveiseducatius.xtec.cat\/noguera\/wp-json\/wp\/v2\/posts\/13700\/revisions"}],"predecessor-version":[{"id":13707,"href":"https:\/\/serveiseducatius.xtec.cat\/noguera\/wp-json\/wp\/v2\/posts\/13700\/revisions\/13707"}],"wp:featuredmedia":[{"embeddable":true,"href":"https:\/\/serveiseducatius.xtec.cat\/noguera\/wp-json\/wp\/v2\/media\/13701"}],"wp:attachment":[{"href":"https:\/\/serveiseducatius.xtec.cat\/noguera\/wp-json\/wp\/v2\/media?parent=13700"}],"wp:term":[{"taxonomy":"category","embeddable":true,"href":"https:\/\/serveiseducatius.xtec.cat\/noguera\/wp-json\/wp\/v2\/categories?post=13700"},{"taxonomy":"post_tag","embeddable":true,"href":"https:\/\/serveiseducatius.xtec.cat\/noguera\/wp-json\/wp\/v2\/tags?post=13700"}],"curies":[{"name":"wp","href":"https:\/\/api.w.org\/{rel}","templated":true}]}}