{"id":12332,"date":"2022-11-16T16:23:36","date_gmt":"2022-11-16T15:23:36","guid":{"rendered":"https:\/\/serveiseducatius.xtec.cat\/noguera\/?p=12332"},"modified":"2022-11-17T15:21:53","modified_gmt":"2022-11-17T14:21:53","slug":"experiencies-projecte-integrat-2022-23","status":"publish","type":"post","link":"https:\/\/serveiseducatius.xtec.cat\/noguera\/general\/experiencies-projecte-integrat-2022-23\/","title":{"rendered":"Experi\u00e8ncies Projecte Integrat 2022\/23"},"content":{"rendered":"<p><strong>EXPERI\u00c8NCIES DE PROJECTE INTEGRAT I ACOMPANYAMENT A CENTRE<\/strong><br \/>\nDins Jornada compet\u00e8ncies dels nous professional dels Serveis Educatius. Una mirada integradora.<\/p>\n<div class=\"ast-oembed-container \" style=\"height: 100%;\"><iframe loading=\"lazy\" title=\"Experi\u00e8ncies Curs 22 23 v2\" width=\"500\" height=\"281\" src=\"https:\/\/www.youtube.com\/embed\/jwBYBRGR1Ps?feature=oembed\" frameborder=\"0\" allow=\"accelerometer; autoplay; clipboard-write; encrypted-media; gyroscope; picture-in-picture; web-share\" referrerpolicy=\"strict-origin-when-cross-origin\" allowfullscreen><\/iframe><\/div>\n<p><strong>Presentaci\u00f3<\/strong>: \u00d2scar Garcia Nicolau, Servei Educatiu del Vall\u00e8s Occidental V (Cerdanyola del Vall\u00e8s)<\/p>\n<p><strong>Experi\u00e8ncia 1<\/strong>: \u201cAssessorament col\u00b7laboratiu del Servei Educatiu als centres educatius\u201d. A c\u00e0rrec de: Servei Educatiu de la Noguera; \u00c8ric Berga, director del CRP ; M\u00f2nica Baradad, assessora LIC; Anna Farr\u00e9, psicopedagoga de l\u2019EAP.<\/p>\n<p><strong> Experi\u00e8ncia 2<\/strong>: \u201cUn Servei Educatiu integrat. De l\u2019expertesa del rol individual a la implementaci\u00f3 d\u2019un Servei Educatiu integrat a la comunitat\u201d. A c\u00e0rrec de: Servei Educatiu del Vall\u00e8s Occidental V (Cerdanyola del Vall\u00e8s) \u00d2scar Garcia, director del CRP, Pau Pe\u00f1alver, assessor LIC, Montserrat Garcia, directora EAP.<\/p>\n<p><strong>Tancament de les experi\u00e8ncies<\/strong> : \u00c8ric Berga Ses\u00e9, Servei Educatiu de la Noguera<\/p>\n","protected":false},"excerpt":{"rendered":"<p>EXPERI\u00c8NCIES DE PROJECTE INTEGRAT I ACOMPANYAMENT A CENTRE Dins Jornada compet\u00e8ncies dels nous professional dels Serveis Educatius. Una mirada integradora. Presentaci\u00f3: \u00d2scar Garcia Nicolau, Servei Educatiu del Vall\u00e8s Occidental V (Cerdanyola del Vall\u00e8s) Experi\u00e8ncia 1: \u201cAssessorament col\u00b7laboratiu del Servei Educatiu als centres educatius\u201d. A c\u00e0rrec de: Servei Educatiu de la Noguera; \u00c8ric Berga, director del [&hellip;]<\/p>\n","protected":false},"author":31,"featured_media":12335,"comment_status":"open","ping_status":"closed","sticky":false,"template":"","format":"standard","meta":{"_bbp_topic_count":0,"_bbp_reply_count":0,"_bbp_total_topic_count":0,"_bbp_total_reply_count":0,"_bbp_voice_count":0,"_bbp_anonymous_reply_count":0,"_bbp_topic_count_hidden":0,"_bbp_reply_count_hidden":0,"_bbp_forum_subforum_count":0,"site-sidebar-layout":"default","site-content-layout":"","ast-site-content-layout":"","site-content-style":"default","site-sidebar-style":"default","ast-global-header-display":"","ast-banner-title-visibility":"","ast-main-header-display":"","ast-hfb-above-header-display":"","ast-hfb-below-header-display":"","ast-hfb-mobile-header-display":"","site-post-title":"","ast-breadcrumbs-content":"","ast-featured-img":"","footer-sml-layout":"","theme-transparent-header-meta":"","adv-header-id-meta":"","stick-header-meta":"","header-above-stick-meta":"","header-main-stick-meta":"","header-below-stick-meta":"","astra-migrate-meta-layouts":"default","ast-page-background-enabled":"default","ast-page-background-meta":{"desktop":{"background-color":"var(--ast-global-color-4)","background-image":"","background-repeat":"repeat","background-position":"center center","background-size":"auto","background-attachment":"scroll","background-type":"","background-media":"","overlay-type":"","overlay-color":"","overlay-opacity":"","overlay-gradient":""},"tablet":{"background-color":"","background-image":"","background-repeat":"repeat","background-position":"center center","background-size":"auto","background-attachment":"scroll","background-type":"","background-media":"","overlay-type":"","overlay-color":"","overlay-opacity":"","overlay-gradient":""},"mobile":{"background-color":"","background-image":"","background-repeat":"repeat","background-position":"center center","background-size":"auto","background-attachment":"scroll","background-type":"","background-media":"","overlay-type":"","overlay-color":"","overlay-opacity":"","overlay-gradient":""}},"ast-content-background-meta":{"desktop":{"background-color":"var(--ast-global-color-5)","background-image":"","background-repeat":"repeat","background-position":"center center","background-size":"auto","background-attachment":"scroll","background-type":"","background-media":"","overlay-type":"","overlay-color":"","overlay-opacity":"","overlay-gradient":""},"tablet":{"background-color":"var(--ast-global-color-5)","background-image":"","background-repeat":"repeat","background-position":"center center","background-size":"auto","background-attachment":"scroll","background-type":"","background-media":"","overlay-type":"","overlay-color":"","overlay-opacity":"","overlay-gradient":""},"mobile":{"background-color":"var(--ast-global-color-5)","background-image":"","background-repeat":"repeat","background-position":"center center","background-size":"auto","background-attachment":"scroll","background-type":"","background-media":"","overlay-type":"","overlay-color":"","overlay-opacity":"","overlay-gradient":""}},"footnotes":""},"categories":[1,29,599],"tags":[],"class_list":["post-12332","post","type-post","status-publish","format-standard","has-post-thumbnail","hentry","category-general","category-portada","category-se"],"post_mailing_queue_ids":[],"_links":{"self":[{"href":"https:\/\/serveiseducatius.xtec.cat\/noguera\/wp-json\/wp\/v2\/posts\/12332","targetHints":{"allow":["GET"]}}],"collection":[{"href":"https:\/\/serveiseducatius.xtec.cat\/noguera\/wp-json\/wp\/v2\/posts"}],"about":[{"href":"https:\/\/serveiseducatius.xtec.cat\/noguera\/wp-json\/wp\/v2\/types\/post"}],"author":[{"embeddable":true,"href":"https:\/\/serveiseducatius.xtec.cat\/noguera\/wp-json\/wp\/v2\/users\/31"}],"replies":[{"embeddable":true,"href":"https:\/\/serveiseducatius.xtec.cat\/noguera\/wp-json\/wp\/v2\/comments?post=12332"}],"version-history":[{"count":3,"href":"https:\/\/serveiseducatius.xtec.cat\/noguera\/wp-json\/wp\/v2\/posts\/12332\/revisions"}],"predecessor-version":[{"id":12336,"href":"https:\/\/serveiseducatius.xtec.cat\/noguera\/wp-json\/wp\/v2\/posts\/12332\/revisions\/12336"}],"wp:featuredmedia":[{"embeddable":true,"href":"https:\/\/serveiseducatius.xtec.cat\/noguera\/wp-json\/wp\/v2\/media\/12335"}],"wp:attachment":[{"href":"https:\/\/serveiseducatius.xtec.cat\/noguera\/wp-json\/wp\/v2\/media?parent=12332"}],"wp:term":[{"taxonomy":"category","embeddable":true,"href":"https:\/\/serveiseducatius.xtec.cat\/noguera\/wp-json\/wp\/v2\/categories?post=12332"},{"taxonomy":"post_tag","embeddable":true,"href":"https:\/\/serveiseducatius.xtec.cat\/noguera\/wp-json\/wp\/v2\/tags?post=12332"}],"curies":[{"name":"wp","href":"https:\/\/api.w.org\/{rel}","templated":true}]}}