{"id":10471,"date":"2021-03-02T16:18:40","date_gmt":"2021-03-02T15:18:40","guid":{"rendered":"http:\/\/serveiseducatius.xtec.cat\/noguera\/?p=10471"},"modified":"2021-03-08T12:52:59","modified_gmt":"2021-03-08T11:52:59","slug":"el-tresor-de-les-franqueses-breakout-educatiu","status":"publish","type":"post","link":"https:\/\/serveiseducatius.xtec.cat\/noguera\/portada\/el-tresor-de-les-franqueses-breakout-educatiu\/","title":{"rendered":"Breakout &#8220;El tresor de les Franqueses&#8221;"},"content":{"rendered":"<div id=\"meta\" class=\"style-scope ytd-watch-flexy\">\n<div id=\"meta-contents\" class=\"style-scope ytd-watch-flexy\">\n<div id=\"container\" class=\"style-scope ytd-video-secondary-info-renderer\">\n<div id=\"content\" class=\"style-scope ytd-expander\">\n<p id=\"description\" class=\"style-scope ytd-video-secondary-info-renderer\" style=\"text-align: left;\">El CRP de la Noguera col\u00b7labora amb la regidoria d&#8217;Educaci\u00f3 de la Paeria de Balaguer en l&#8217;organitzaci\u00f3 de les activitats del Pla Municipal d&#8217;Educaci\u00f3. El breakout &#8220;El tresor de les Franqueses&#8221; \u00e9s una activitat l\u00fadica adre\u00e7ada als alumnes de Cicle Mitj\u00e0 de Prim\u00e0ria, que els acosta una mica m\u00e9s a con\u00e8ixer l&#8217;arquitectura del complex, la seva hist\u00f2ria i la vida de les monges que van habitar el Monestir de Santa Maria de les Franqueses. I tot per obtenir una recompensa final!<span style=\"font-family: inherit; font-size: 1em;\">\u00a0<\/span><\/p>\n<\/div>\n<\/div>\n<\/div>\n<\/div>\n<p><iframe loading=\"lazy\" src=\"https:\/\/www.youtube.com\/embed\/d0ePwPtHu9I\" width=\"560\" height=\"315\" frameborder=\"0\"><\/iframe><\/p>\n<p>&nbsp;<\/p>\n","protected":false},"excerpt":{"rendered":"<p>El CRP de la Noguera col\u00b7labora amb la regidoria d&#8217;Educaci\u00f3 de la Paeria de Balaguer en l&#8217;organitzaci\u00f3 de les activitats del Pla Municipal d&#8217;Educaci\u00f3. El breakout &#8220;El tresor de les Franqueses&#8221; \u00e9s una activitat l\u00fadica adre\u00e7ada als alumnes de Cicle Mitj\u00e0 de Prim\u00e0ria, que els acosta una mica m\u00e9s a con\u00e8ixer l&#8217;arquitectura del complex, la [&hellip;]<\/p>\n","protected":false},"author":28,"featured_media":10472,"comment_status":"open","ping_status":"closed","sticky":false,"template":"","format":"standard","meta":{"_bbp_topic_count":0,"_bbp_reply_count":0,"_bbp_total_topic_count":0,"_bbp_total_reply_count":0,"_bbp_voice_count":0,"_bbp_anonymous_reply_count":0,"_bbp_topic_count_hidden":0,"_bbp_reply_count_hidden":0,"_bbp_forum_subforum_count":0,"site-sidebar-layout":"default","site-content-layout":"","ast-site-content-layout":"","site-content-style":"default","site-sidebar-style":"default","ast-global-header-display":"","ast-banner-title-visibility":"","ast-main-header-display":"","ast-hfb-above-header-display":"","ast-hfb-below-header-display":"","ast-hfb-mobile-header-display":"","site-post-title":"","ast-breadcrumbs-content":"","ast-featured-img":"","footer-sml-layout":"","theme-transparent-header-meta":"","adv-header-id-meta":"","stick-header-meta":"","header-above-stick-meta":"","header-main-stick-meta":"","header-below-stick-meta":"","astra-migrate-meta-layouts":"default","ast-page-background-enabled":"default","ast-page-background-meta":{"desktop":{"background-color":"var(--ast-global-color-4)","background-image":"","background-repeat":"repeat","background-position":"center center","background-size":"auto","background-attachment":"scroll","background-type":"","background-media":"","overlay-type":"","overlay-color":"","overlay-opacity":"","overlay-gradient":""},"tablet":{"background-color":"","background-image":"","background-repeat":"repeat","background-position":"center center","background-size":"auto","background-attachment":"scroll","background-type":"","background-media":"","overlay-type":"","overlay-color":"","overlay-opacity":"","overlay-gradient":""},"mobile":{"background-color":"","background-image":"","background-repeat":"repeat","background-position":"center center","background-size":"auto","background-attachment":"scroll","background-type":"","background-media":"","overlay-type":"","overlay-color":"","overlay-opacity":"","overlay-gradient":""}},"ast-content-background-meta":{"desktop":{"background-color":"var(--ast-global-color-5)","background-image":"","background-repeat":"repeat","background-position":"center center","background-size":"auto","background-attachment":"scroll","background-type":"","background-media":"","overlay-type":"","overlay-color":"","overlay-opacity":"","overlay-gradient":""},"tablet":{"background-color":"var(--ast-global-color-5)","background-image":"","background-repeat":"repeat","background-position":"center center","background-size":"auto","background-attachment":"scroll","background-type":"","background-media":"","overlay-type":"","overlay-color":"","overlay-opacity":"","overlay-gradient":""},"mobile":{"background-color":"var(--ast-global-color-5)","background-image":"","background-repeat":"repeat","background-position":"center center","background-size":"auto","background-attachment":"scroll","background-type":"","background-media":"","overlay-type":"","overlay-color":"","overlay-opacity":"","overlay-gradient":""}},"footnotes":""},"categories":[266,29],"tags":[384,378,380,381,377,383,382,385,386,376,379],"class_list":["post-10471","post","type-post","status-publish","format-standard","has-post-thumbnail","hentry","category-pm-de-balaguer","category-portada","tag-balaguer","tag-breakout","tag-cicle-mitja","tag-cm","tag-franqueses","tag-historia","tag-monges","tag-municipal","tag-paeriaa","tag-pmde","tag-scaperoom"],"post_mailing_queue_ids":[],"_links":{"self":[{"href":"https:\/\/serveiseducatius.xtec.cat\/noguera\/wp-json\/wp\/v2\/posts\/10471","targetHints":{"allow":["GET"]}}],"collection":[{"href":"https:\/\/serveiseducatius.xtec.cat\/noguera\/wp-json\/wp\/v2\/posts"}],"about":[{"href":"https:\/\/serveiseducatius.xtec.cat\/noguera\/wp-json\/wp\/v2\/types\/post"}],"author":[{"embeddable":true,"href":"https:\/\/serveiseducatius.xtec.cat\/noguera\/wp-json\/wp\/v2\/users\/28"}],"replies":[{"embeddable":true,"href":"https:\/\/serveiseducatius.xtec.cat\/noguera\/wp-json\/wp\/v2\/comments?post=10471"}],"version-history":[{"count":3,"href":"https:\/\/serveiseducatius.xtec.cat\/noguera\/wp-json\/wp\/v2\/posts\/10471\/revisions"}],"predecessor-version":[{"id":10489,"href":"https:\/\/serveiseducatius.xtec.cat\/noguera\/wp-json\/wp\/v2\/posts\/10471\/revisions\/10489"}],"wp:featuredmedia":[{"embeddable":true,"href":"https:\/\/serveiseducatius.xtec.cat\/noguera\/wp-json\/wp\/v2\/media\/10472"}],"wp:attachment":[{"href":"https:\/\/serveiseducatius.xtec.cat\/noguera\/wp-json\/wp\/v2\/media?parent=10471"}],"wp:term":[{"taxonomy":"category","embeddable":true,"href":"https:\/\/serveiseducatius.xtec.cat\/noguera\/wp-json\/wp\/v2\/categories?post=10471"},{"taxonomy":"post_tag","embeddable":true,"href":"https:\/\/serveiseducatius.xtec.cat\/noguera\/wp-json\/wp\/v2\/tags?post=10471"}],"curies":[{"name":"wp","href":"https:\/\/api.w.org\/{rel}","templated":true}]}}