{"id":10398,"date":"2020-12-19T20:02:26","date_gmt":"2020-12-19T19:02:26","guid":{"rendered":"http:\/\/serveiseducatius.xtec.cat\/noguera\/?p=10398"},"modified":"2020-12-19T20:04:11","modified_gmt":"2020-12-19T19:04:11","slug":"entregues-de-premis-2020","status":"publish","type":"post","link":"https:\/\/serveiseducatius.xtec.cat\/noguera\/general\/entregues-de-premis-2020\/","title":{"rendered":"Entregues de premis 2020"},"content":{"rendered":"<p style=\"text-align: justify;\">Reprenent les activitats dels <strong>Plans <a href=\"https:\/\/sites.google.com\/xtec.cat\/pcde-noguera\/inici\" target=\"_blank\" rel=\"noopener noreferrer\">Comarcal<\/a> i <a href=\"https:\/\/sites.google.com\/xtec.cat\/pla-municipal-balaguer\/inici\" target=\"_blank\" rel=\"noopener noreferrer\">Municipal<\/a> de Din\u00e0mica Educativa<\/strong>, aquest divendres 18 de desembre s&#8217;ha pogut celebrar l&#8217;acte d&#8217;entrega de premis dels concursos comarcals de &#8220;V\u00eddeos d&#8217;Experiments de pel\u00b7l\u00edcula&#8221; i de &#8220;Punts de llibre de Sant Jordi&#8221; del curs 2019-2020, que havien quedat ajornats per culpa de la pand\u00e8mia provocada per la Covid-19, i del primer concurs municipal corresponent a aquest any, el concurs de &#8220;Dibuixos de Nadal&#8221;.<\/p>\n<p style=\"text-align: justify;\">L&#8217;acte celebrat a sala d&#8217;actes de la Casa de la Paeria de Balaguer, va estar presidit pel paer de Balaguer, Jordi Ignasi Vidal i pel president del Consell Comarcal de la Noguera, Miquel Plensa, i va comptar amb la pres\u00e8ncia de les regidores de cultura i ensenyament dels corresponents organismes.<\/p>\n<p style=\"text-align: justify;\">Aquest acte, a m\u00e9s a m\u00e9s, va ser el darrer acte p\u00fablic al qual ha assistit la directora del Centre de Recursos Pedag\u00f2gics de la Noguera i Coordinadora del Servei Educatiu, Merc\u00e8 Plens que es jubila. Amb unes paraules plenes d&#8217;emoci\u00f3, va agrair les autoritats la col\u00b7laboraci\u00f3 i la implicaci\u00f3 en la promoci\u00f3 de les activitats educatives i es va acomiadar despr\u00e9s de 25 anys al Centre de Recursos. Nosaltres la trobarem a faltar!<\/p>\n<h3><a href=\"https:\/\/blocs.xtec.cat\/experimentsdepelicula\/7aedicio\/\" target=\"_blank\" rel=\"noopener noreferrer\"><strong>7\u00e8 Concurs de v\u00eddeos d&#8217;experiments cient\u00edfics de la Noguera<\/strong><\/a><\/h3>\n<p><strong>Premi Categoria A (Educaci\u00f3 Infantil i Cicle Inicial d\u2019Educaci\u00f3 Prim\u00e0ria)<\/strong><\/p>\n<p><em><strong>La refracci\u00f3<\/strong><\/em>. <strong>Escola\u00a0\u00c0ngel Guimer\u00e0 (Balaguer)<\/strong><br \/>\nProfessora responsable: Merc\u00e8 Oms Vilanova<br \/>\nAlumnat: Alumnes de P3, P4 i P5: Mohamed Amin Arrass,\u00a0Matias Escobar,\u00a0David Bautista,\u00a0Hamza Sahtout,\u00a0Azahara Jim\u00e9nez,\u00a0Maryam El Masnaoui,\u00a0Jos\u00e9 Antonio Izquierdo,\u00a0Mariam Bouhamid,\u00a0Illari Izquierdo,\u00a0Arturo Gim\u00e9nez,\u00a0Mohsin Dahmani,\u00a0Azahara Izquierdo,\u00a0Nohaela El Amraoui,\u00a0Raquel Reyes,\u00a0Aramata Saho<\/p>\n<p><strong>Categoria B (Cicle Mitj\u00e0 i Cicle Superior d\u2019Educaci\u00f3 Prim\u00e0ria)<\/strong><\/p>\n<p><strong><em>Un viatge sorprenent. <\/em>Escola\u00a0Gaspar de Portol\u00e0 (Balaguer)<\/strong><br \/>\nProfessor responsable: Juanjo Gen\u00e9 Rosa<br \/>\nAlumnat: Alumna de 6\u00e8 de Cicle Superior: \u00c8lia Sanmart\u00edn<\/p>\n<p><strong>Acc\u00e8ssits a la Categoria B (Cicle Mitj\u00e0 i Cicle Superior d\u2019Educaci\u00f3 Prim\u00e0ria)<\/strong><\/p>\n<p><strong><em>Tots els gla\u00e7ons brillen?.\u00a0<\/em>Escola Salvador Espriu (Vallfogona de Balaguer)<\/strong><br \/>\nProfessora responsable: Elena Catal\u00e0 Osete<br \/>\nAlumnat: Alumnes de Cicle Mitj\u00e0 i Superior: Ariadna Piqu\u00e9 G\u00f2dia (5\u00e8), Blai C\u00f3rdoba Ortega (5\u00e8), Blanca Piqu\u00e9 Baldom\u00e0 (4t), Laura Piqu\u00e9 Baldom\u00e0 (6\u00e8)<\/p>\n<p><strong>Categoria C (Educaci\u00f3 Secund\u00e0ria Obligat\u00f2ria i Postobligat\u00f2ria)<\/strong><\/p>\n<p><strong><em>Osmosi de la patata.<\/em>\u00a0INS Ciutat de Balaguer (Balaguer)<\/strong><br \/>\nProfessor responsable: Gerard Sala Turull<br \/>\nAlumnat: Alumnes de 1r de Batxillerat:\u00a0Sergi L\u00f3pez Mart\u00ednez,\u00a0Hug Tuset Solanes,\u00a0Xavier Profit\u00f3s S\u00e1nchez<\/p>\n<p><strong>Acc\u00e8ssits a la Categoria C (Educaci\u00f3 Secund\u00e0ria Obligat\u00f2ria i Postobligat\u00f2ria)<\/strong><\/p>\n<p><strong><em>Apliquem Arqu\u00edmedes en un ou.<\/em>\u00a0Vedruna Balaguer<\/strong><br \/>\nProfessora responsable: Olga Sabart\u00e9s<br \/>\nAlumnat: Alumnes de\u00a04t d\u2019ESO: Laia Casals,\u00a0Aroa D\u00edaz,\u00a0Cl\u00e0udia Torredeflot,\u00a0Saone Soldevila<\/p>\n<p>Visualitzeu els v\u00eddeos i llegiu tota la informaci\u00f3 a la web dels &#8220;<a href=\"https:\/\/blocs.xtec.cat\/experimentsdepelicula\/7aedicio\/\" target=\"_blank\" rel=\"noopener noreferrer\"><strong>Experiments de pel\u00b7l\u00edcula<\/strong><\/a>&#8221;<\/p>\n<h3>Concurs comarcal de punts de llibre de Sant Jordi<\/h3>\n<p>Premi \u00fanic a l&#8217;alumnat de <strong>2n de CI<\/strong> de prim\u00e0ria de l&#8217;<strong>Escola Salvador Espriu<\/strong> de Vallfogona de Balaguer.<br \/>\nTutora del grup: Roses Cases.<\/p>\n<h3><strong>Concurs municipal de Dibuixos de Nadal<\/strong><\/h3>\n<p><strong>Categoria\u00a0 A Llar d\u2019infants<\/strong><\/p>\n<p><strong>Premi a la participaci\u00f3:<\/strong><br \/>\nCentre: Escola Pia<br \/>\nCentre:\u00a0 Llar d\u2019infants els Putxinel\u00b7lis<br \/>\nCentre: Llar d\u2019infants el Patufet<\/p>\n<p><strong>Categoria B Infantil<\/strong><\/p>\n<p><strong>1r premi<br \/>\n<\/strong>Nom: Andrea Valero Calues<br \/>\nCentre: Escola La Noguera<\/p>\n<p><strong>2n premi<br \/>\n<\/strong>Nom: Jan Carbonell<br \/>\nCentre: Escola Pia<\/p>\n<p><strong>3r premi<br \/>\n<\/strong>Nom: Sofia Mikou<br \/>\nCentre: \u00c0ngel Guimer\u00e0<\/p>\n<p><strong>Categoria Cicle inicial<\/strong><\/p>\n<p><strong>1r premi<br \/>\n<\/strong>Nom: Maria Ospina Melero<br \/>\nCentre: Gaspar de Portol\u00e0<\/p>\n<p><strong>2n premi<\/strong><br \/>\nNom: Samara Hern\u00e1ndez Rom\u00e1n<br \/>\nCentre: Escola La Noguera<\/p>\n<p><strong>3r premi<br \/>\n<\/strong>Nom: Iker Bonet Betsbes\u00e9<br \/>\nCentre: Escola Pia<\/p>\n<p><strong>Categoria Cicle mitj\u00e0<\/strong><\/p>\n<p><strong>1r premi<br \/>\n<\/strong>Nom:\u00a0 Ariadna Verdugo Mart\u00ednez<br \/>\nCentre: Gaspar de Portol\u00e0<\/p>\n<p><strong>2n premi<br \/>\n<\/strong>Nom: J\u00falia Vidal Joval<br \/>\nCentre: Escola Vedruna<\/p>\n<p><strong>3r premi<br \/>\n<\/strong>Nom: \u00d2nia Colilles Camp\u00e0s<br \/>\nCentre: Escola La Noguera<\/p>\n<p><strong>Categoria Cicle Superior<\/strong><\/p>\n<p><strong>1r premi<br \/>\n<\/strong>Nom: Laura Rodr\u00edguez Valderrey<br \/>\nCentre: Escola Mont-roig<\/p>\n<p><strong>2n premi<br \/>\n<\/strong>Nom: Huc Ramonet<br \/>\nCentre: Escola Pia<\/p>\n<p><strong>3r premi<br \/>\n<\/strong>Nom: Jan Molins Vidal<br \/>\nCentre: Vedruna Balaguer<\/p>\n<p>Accediu a la <strong>galeria d&#8217;imatges de l&#8217;acte<\/strong> clicant la imatge:<\/p>\n<p><a href=\"https:\/\/photos.app.goo.gl\/f3cULHLSjFG3yKcL6\" target=\"_blank\" rel=\"noopener noreferrer\"><img loading=\"lazy\" decoding=\"async\" class=\"aligncenter wp-image-10400\" src=\"https:\/\/serveiseducatius.xtec.cat\/noguera\/wp-content\/uploads\/usu1149\/2020\/12\/01-salutaci\u00f3-3-p.jpg\" alt=\"\" width=\"750\" height=\"422\" srcset=\"https:\/\/serveiseducatius.xtec.cat\/noguera\/wp-content\/uploads\/usu1149\/2020\/12\/01-salutaci\u00f3-3-p.jpg 1024w, https:\/\/serveiseducatius.xtec.cat\/noguera\/wp-content\/uploads\/usu1149\/2020\/12\/01-salutaci\u00f3-3-p-300x169.jpg 300w, https:\/\/serveiseducatius.xtec.cat\/noguera\/wp-content\/uploads\/usu1149\/2020\/12\/01-salutaci\u00f3-3-p-768x432.jpg 768w\" sizes=\"auto, (max-width: 750px) 100vw, 750px\" \/><\/a><\/p>\n","protected":false},"excerpt":{"rendered":"<p>Reprenent les activitats dels Plans Comarcal i Municipal de Din\u00e0mica Educativa, aquest divendres 18 de desembre s&#8217;ha pogut celebrar l&#8217;acte d&#8217;entrega de premis dels concursos comarcals de &#8220;V\u00eddeos d&#8217;Experiments de pel\u00b7l\u00edcula&#8221; i de &#8220;Punts de llibre de Sant Jordi&#8221; del curs 2019-2020, que havien quedat ajornats per culpa de la pand\u00e8mia provocada per la Covid-19, [&hellip;]<\/p>\n","protected":false},"author":1,"featured_media":10400,"comment_status":"open","ping_status":"closed","sticky":false,"template":"","format":"standard","meta":{"_bbp_topic_count":0,"_bbp_reply_count":0,"_bbp_total_topic_count":0,"_bbp_total_reply_count":0,"_bbp_voice_count":0,"_bbp_anonymous_reply_count":0,"_bbp_topic_count_hidden":0,"_bbp_reply_count_hidden":0,"_bbp_forum_subforum_count":0,"site-sidebar-layout":"default","site-content-layout":"","ast-site-content-layout":"","site-content-style":"default","site-sidebar-style":"default","ast-global-header-display":"","ast-banner-title-visibility":"","ast-main-header-display":"","ast-hfb-above-header-display":"","ast-hfb-below-header-display":"","ast-hfb-mobile-header-display":"","site-post-title":"","ast-breadcrumbs-content":"","ast-featured-img":"","footer-sml-layout":"","theme-transparent-header-meta":"","adv-header-id-meta":"","stick-header-meta":"","header-above-stick-meta":"","header-main-stick-meta":"","header-below-stick-meta":"","astra-migrate-meta-layouts":"default","ast-page-background-enabled":"default","ast-page-background-meta":{"desktop":{"background-color":"var(--ast-global-color-4)","background-image":"","background-repeat":"repeat","background-position":"center center","background-size":"auto","background-attachment":"scroll","background-type":"","background-media":"","overlay-type":"","overlay-color":"","overlay-opacity":"","overlay-gradient":""},"tablet":{"background-color":"","background-image":"","background-repeat":"repeat","background-position":"center center","background-size":"auto","background-attachment":"scroll","background-type":"","background-media":"","overlay-type":"","overlay-color":"","overlay-opacity":"","overlay-gradient":""},"mobile":{"background-color":"","background-image":"","background-repeat":"repeat","background-position":"center center","background-size":"auto","background-attachment":"scroll","background-type":"","background-media":"","overlay-type":"","overlay-color":"","overlay-opacity":"","overlay-gradient":""}},"ast-content-background-meta":{"desktop":{"background-color":"var(--ast-global-color-5)","background-image":"","background-repeat":"repeat","background-position":"center center","background-size":"auto","background-attachment":"scroll","background-type":"","background-media":"","overlay-type":"","overlay-color":"","overlay-opacity":"","overlay-gradient":""},"tablet":{"background-color":"var(--ast-global-color-5)","background-image":"","background-repeat":"repeat","background-position":"center center","background-size":"auto","background-attachment":"scroll","background-type":"","background-media":"","overlay-type":"","overlay-color":"","overlay-opacity":"","overlay-gradient":""},"mobile":{"background-color":"var(--ast-global-color-5)","background-image":"","background-repeat":"repeat","background-position":"center center","background-size":"auto","background-attachment":"scroll","background-type":"","background-media":"","overlay-type":"","overlay-color":"","overlay-opacity":"","overlay-gradient":""}},"footnotes":""},"categories":[1,267,266,29],"tags":[314,163,172,179,351,219,38,327],"class_list":["post-10398","post","type-post","status-publish","format-standard","has-post-thumbnail","hentry","category-general","category-pc-de-noguera","category-pm-de-balaguer","category-portada","tag-dinamica-educativa","tag-educacio-infantil","tag-educacio-primaria","tag-educacio-secundaria","tag-experiments-de-pellicula","tag-llar-dinfants","tag-sant-jordi","tag-ciencia-i-tecnologia"],"post_mailing_queue_ids":[],"_links":{"self":[{"href":"https:\/\/serveiseducatius.xtec.cat\/noguera\/wp-json\/wp\/v2\/posts\/10398","targetHints":{"allow":["GET"]}}],"collection":[{"href":"https:\/\/serveiseducatius.xtec.cat\/noguera\/wp-json\/wp\/v2\/posts"}],"about":[{"href":"https:\/\/serveiseducatius.xtec.cat\/noguera\/wp-json\/wp\/v2\/types\/post"}],"author":[{"embeddable":true,"href":"https:\/\/serveiseducatius.xtec.cat\/noguera\/wp-json\/wp\/v2\/users\/1"}],"replies":[{"embeddable":true,"href":"https:\/\/serveiseducatius.xtec.cat\/noguera\/wp-json\/wp\/v2\/comments?post=10398"}],"version-history":[{"count":3,"href":"https:\/\/serveiseducatius.xtec.cat\/noguera\/wp-json\/wp\/v2\/posts\/10398\/revisions"}],"predecessor-version":[{"id":10402,"href":"https:\/\/serveiseducatius.xtec.cat\/noguera\/wp-json\/wp\/v2\/posts\/10398\/revisions\/10402"}],"wp:featuredmedia":[{"embeddable":true,"href":"https:\/\/serveiseducatius.xtec.cat\/noguera\/wp-json\/wp\/v2\/media\/10400"}],"wp:attachment":[{"href":"https:\/\/serveiseducatius.xtec.cat\/noguera\/wp-json\/wp\/v2\/media?parent=10398"}],"wp:term":[{"taxonomy":"category","embeddable":true,"href":"https:\/\/serveiseducatius.xtec.cat\/noguera\/wp-json\/wp\/v2\/categories?post=10398"},{"taxonomy":"post_tag","embeddable":true,"href":"https:\/\/serveiseducatius.xtec.cat\/noguera\/wp-json\/wp\/v2\/tags?post=10398"}],"curies":[{"name":"wp","href":"https:\/\/api.w.org\/{rel}","templated":true}]}}