{"id":10022,"date":"2020-02-11T14:00:16","date_gmt":"2020-02-11T13:00:16","guid":{"rendered":"http:\/\/serveiseducatius.xtec.cat\/noguera\/?p=10022"},"modified":"2020-02-11T20:11:47","modified_gmt":"2020-02-11T19:11:47","slug":"conferencies-del-dia-de-la-dona-i-la-nena-en-la-ciencia-a-la-noguera","status":"publish","type":"post","link":"https:\/\/serveiseducatius.xtec.cat\/noguera\/portada\/conferencies-del-dia-de-la-dona-i-la-nena-en-la-ciencia-a-la-noguera\/","title":{"rendered":"Confer\u00e8ncies del dia de la dona i la nena en la ci\u00e8ncia a la Noguera"},"content":{"rendered":"<p style=\"text-align: justify;\">Per celebrar el dia mundial de la dona i la nena en la ci\u00e8ncia a la Noguera, hem comptat amb dues confer\u00e8ncies a c\u00e0rrec de dues cient\u00edfiques de l&#8217;IRTA de Lleida que han tingut lloc aquest 11 de febrer a Balaguer i a Artesa de Segre.<\/p>\n<p style=\"text-align: justify;\">La sala d&#8217;actes de l&#8217;Ajuntament de Balaguer ha aplegat uns 125 alumnes de 6\u00e8 de prim\u00e0ria de les escoles de Balaguer. All\u00e0, la Georgina Alins, investigadora de l\u2019Institut de Recerca i Tecnologia Agroaliment\u00e0ries (IRTA) i doctorada en Agronomia per la Universitat de Lleida, ens ha ofert la seva <span style=\"font-family: inherit; font-size: 1em;\">confer\u00e8ncia \u201cQu\u00e8 far\u00edem sense els insectes?\u201d Ens ha parlat de la primera reacci\u00f3 de rebuig que sempre fem davant d\u2019un insecte i ens ha fet reflexionar en qu\u00e8 seria de nosaltres i del nostre planeta sense els insectes. Tamb\u00e9 ens ha fet veure que sense abelles moltes plantes es quedarien sense fruits, i sense les llavors d\u2019aquests fruits, moltes esp\u00e8cies de plantes desapareixerien i amb elles, tamb\u00e9 ho farien els animals que se n\u2019alimenten i aix\u00ed fins arribar a nosaltres.<\/span><\/p>\n<p style=\"text-align: justify;\">A la sala d&#8217;actes de l\u2019Escola Els Planells d&#8217;Artesa de Segre, m\u00e9s de quaranta alumnes de 6\u00e8 han escoltat la Marta Balsells Llaurad\u00f3, biotecn\u00f2loga i investigadora de l\u2019IRTA que ens ha parlat dels seus treballs d\u2019investigaci\u00f3 en \u201cPer qu\u00e8 estudiem els podrits de les fruites?\u201d. Despr\u00e9s de fer-nos notar quantes vegades ens trobem una fruita podrida a casa nostra, ens ha fet reflexionar sobre la import\u00e0ncia d\u2019estudiar les podridures en la fruita ja que acabem llen\u00e7ant molt\u00edssimes tones de fruita podrida o en mal estat, i aix\u00f2 suposa una gran p\u00e8rdua de diners des del pag\u00e8s fins a la casa del consumidor. Tamb\u00e9 ens ha fet notar que utilitzar un exc\u00e9s de productes qu\u00edmics i en grans quantitats, pot ser perjudicials no nom\u00e9s per nosaltres sin\u00f3 tamb\u00e9 per al medi ambient.<\/p>\n<p>En totes dues confer\u00e8ncies s&#8217;ha establert un di\u00e0leg molt fluid entre l&#8217;alumnat i les cient\u00edfiques, a les quals han pogut preguntar un munt de curiositats sobre la seva activitat, la seva vocaci\u00f3 i la seva feina.<\/p>\n<p>Cliqueu sobre les fotos per accedir a la galeria d&#8217;imatges de cada lloc.<\/p>\n<table style=\"height: 413px; width: 813px;\">\n<tbody>\n<tr style=\"height: 354px;\">\n<td style=\"height: 354px; width: 340px;\"><a href=\"https:\/\/photos.app.goo.gl\/s1FqYrks9i7cQi8f7\" target=\"_blank\" rel=\"noopener noreferrer\"><img loading=\"lazy\" decoding=\"async\" class=\"aligncenter wp-image-10023\" src=\"https:\/\/serveiseducatius.xtec.cat\/noguera\/wp-content\/uploads\/usu1149\/2020\/02\/IMG1.jpg\" alt=\"\" width=\"370\" height=\"768\" \/><\/a><\/td>\n<td style=\"height: 354px; width: 340px;\"><a href=\"https:\/\/photos.app.goo.gl\/EQpEhQE1XCsYcLsh8\" target=\"_blank\" rel=\"noopener noreferrer\"><img loading=\"lazy\" decoding=\"async\" class=\"aligncenter wp-image-10024\" src=\"https:\/\/serveiseducatius.xtec.cat\/noguera\/wp-content\/uploads\/usu1149\/2020\/02\/IMG2.jpg\" alt=\"\" width=\"370\" height=\"768\" \/><\/a><\/td>\n<\/tr>\n<tr style=\"height: 59px;\">\n<td style=\"height: 59px; width: 340px; text-align: center;\"><strong>\u201cQu\u00e8 far\u00edem sense els insectes?\u201d<\/strong><br \/>\nGeorgina Alins<\/td>\n<td style=\"height: 59px; width: 340px; text-align: center;\"><strong>\u201cPer qu\u00e8 estudiem els podrits de les fruites?\u201d<\/strong><br \/>\nMarta Balsells Llaurad\u00f3<\/td>\n<\/tr>\n<\/tbody>\n<\/table>\n<p>Llegiu l&#8217;article a <strong><a href=\"http:\/\/www.radiobalaguer.cat\/portal\/63\/index.php?EC=ReadArticle&amp;ArticleID=28726\" target=\"_blank\" rel=\"noopener noreferrer\">R\u00e0dio Balaguer<\/a><\/strong> i a <strong><a href=\"https:\/\/www.balaguer.tv\/balaguer-celebra-el-dia-internacional-de-la-dona-la-nena-a-la-ciencia\/\" target=\"_blank\" rel=\"noopener noreferrer\">Balaguer Televisi\u00f3<\/a><\/strong>.<\/p>\n","protected":false},"excerpt":{"rendered":"<p>Per celebrar el dia mundial de la dona i la nena en la ci\u00e8ncia a la Noguera, hem comptat amb dues confer\u00e8ncies a c\u00e0rrec de dues cient\u00edfiques de l&#8217;IRTA de Lleida que han tingut lloc aquest 11 de febrer a Balaguer i a Artesa de Segre. La sala d&#8217;actes de l&#8217;Ajuntament de Balaguer ha aplegat [&hellip;]<\/p>\n","protected":false},"author":1,"featured_media":10023,"comment_status":"open","ping_status":"closed","sticky":false,"template":"","format":"standard","meta":{"_bbp_topic_count":0,"_bbp_reply_count":0,"_bbp_total_topic_count":0,"_bbp_total_reply_count":0,"_bbp_voice_count":0,"_bbp_anonymous_reply_count":0,"_bbp_topic_count_hidden":0,"_bbp_reply_count_hidden":0,"_bbp_forum_subforum_count":0,"site-sidebar-layout":"default","site-content-layout":"","ast-site-content-layout":"","site-content-style":"default","site-sidebar-style":"default","ast-global-header-display":"","ast-banner-title-visibility":"","ast-main-header-display":"","ast-hfb-above-header-display":"","ast-hfb-below-header-display":"","ast-hfb-mobile-header-display":"","site-post-title":"","ast-breadcrumbs-content":"","ast-featured-img":"","footer-sml-layout":"","theme-transparent-header-meta":"","adv-header-id-meta":"","stick-header-meta":"","header-above-stick-meta":"","header-main-stick-meta":"","header-below-stick-meta":"","astra-migrate-meta-layouts":"default","ast-page-background-enabled":"default","ast-page-background-meta":{"desktop":{"background-color":"var(--ast-global-color-4)","background-image":"","background-repeat":"repeat","background-position":"center center","background-size":"auto","background-attachment":"scroll","background-type":"","background-media":"","overlay-type":"","overlay-color":"","overlay-opacity":"","overlay-gradient":""},"tablet":{"background-color":"","background-image":"","background-repeat":"repeat","background-position":"center center","background-size":"auto","background-attachment":"scroll","background-type":"","background-media":"","overlay-type":"","overlay-color":"","overlay-opacity":"","overlay-gradient":""},"mobile":{"background-color":"","background-image":"","background-repeat":"repeat","background-position":"center center","background-size":"auto","background-attachment":"scroll","background-type":"","background-media":"","overlay-type":"","overlay-color":"","overlay-opacity":"","overlay-gradient":""}},"ast-content-background-meta":{"desktop":{"background-color":"var(--ast-global-color-5)","background-image":"","background-repeat":"repeat","background-position":"center center","background-size":"auto","background-attachment":"scroll","background-type":"","background-media":"","overlay-type":"","overlay-color":"","overlay-opacity":"","overlay-gradient":""},"tablet":{"background-color":"var(--ast-global-color-5)","background-image":"","background-repeat":"repeat","background-position":"center center","background-size":"auto","background-attachment":"scroll","background-type":"","background-media":"","overlay-type":"","overlay-color":"","overlay-opacity":"","overlay-gradient":""},"mobile":{"background-color":"var(--ast-global-color-5)","background-image":"","background-repeat":"repeat","background-position":"center center","background-size":"auto","background-attachment":"scroll","background-type":"","background-media":"","overlay-type":"","overlay-color":"","overlay-opacity":"","overlay-gradient":""}},"footnotes":""},"categories":[29],"tags":[328,172,327],"class_list":["post-10022","post","type-post","status-publish","format-standard","has-post-thumbnail","hentry","category-portada","tag-dies-internacionals","tag-educacio-primaria","tag-ciencia-i-tecnologia"],"post_mailing_queue_ids":[],"_links":{"self":[{"href":"https:\/\/serveiseducatius.xtec.cat\/noguera\/wp-json\/wp\/v2\/posts\/10022","targetHints":{"allow":["GET"]}}],"collection":[{"href":"https:\/\/serveiseducatius.xtec.cat\/noguera\/wp-json\/wp\/v2\/posts"}],"about":[{"href":"https:\/\/serveiseducatius.xtec.cat\/noguera\/wp-json\/wp\/v2\/types\/post"}],"author":[{"embeddable":true,"href":"https:\/\/serveiseducatius.xtec.cat\/noguera\/wp-json\/wp\/v2\/users\/1"}],"replies":[{"embeddable":true,"href":"https:\/\/serveiseducatius.xtec.cat\/noguera\/wp-json\/wp\/v2\/comments?post=10022"}],"version-history":[{"count":3,"href":"https:\/\/serveiseducatius.xtec.cat\/noguera\/wp-json\/wp\/v2\/posts\/10022\/revisions"}],"predecessor-version":[{"id":10027,"href":"https:\/\/serveiseducatius.xtec.cat\/noguera\/wp-json\/wp\/v2\/posts\/10022\/revisions\/10027"}],"wp:featuredmedia":[{"embeddable":true,"href":"https:\/\/serveiseducatius.xtec.cat\/noguera\/wp-json\/wp\/v2\/media\/10023"}],"wp:attachment":[{"href":"https:\/\/serveiseducatius.xtec.cat\/noguera\/wp-json\/wp\/v2\/media?parent=10022"}],"wp:term":[{"taxonomy":"category","embeddable":true,"href":"https:\/\/serveiseducatius.xtec.cat\/noguera\/wp-json\/wp\/v2\/categories?post=10022"},{"taxonomy":"post_tag","embeddable":true,"href":"https:\/\/serveiseducatius.xtec.cat\/noguera\/wp-json\/wp\/v2\/tags?post=10022"}],"curies":[{"name":"wp","href":"https:\/\/api.w.org\/{rel}","templated":true}]}}