{"id":9892,"date":"2018-07-05T13:51:54","date_gmt":"2018-07-05T11:51:54","guid":{"rendered":"http:\/\/serveiseducatius.xtec.cat\/montsia\/?p=9892"},"modified":"2018-07-05T13:58:30","modified_gmt":"2018-07-05T11:58:30","slug":"lalumna-del-col%c2%b7legi-sagrada-familia-de-la-rapita-alba-de-mira-guanyadora-dels-jocs-florals-escolars-de-catalunya","status":"publish","type":"post","link":"https:\/\/serveiseducatius.xtec.cat\/montsia\/portada\/lalumna-del-col%c2%b7legi-sagrada-familia-de-la-rapita-alba-de-mira-guanyadora-dels-jocs-florals-escolars-de-catalunya\/","title":{"rendered":"L\u2019Alumna del Col. Sagrada Fam\u00edlia de la  R\u00e0pita, Alba de Mira, guanyadora dels Jocs Florals Escolars de Catalunya"},"content":{"rendered":"<p align=\"justify\"><span style=\"font-family: 'Times New Roman', serif;\"><span style=\"font-size: medium;\"><span style=\"color: #000000;\"><span lang=\"ca-ES\">Els Jocs Florals Escolars de Catalunya s\u00f3n un certamen convocat pel Departament d&#8217;Ensenyament amb l&#8217;objectiu de potenciar i estimular l\u2019expressi\u00f3 i la producci\u00f3 escrites i fomentar i difondre una tradici\u00f3 cultural pr\u00f2pia i arrelada al pa\u00eds.<\/span><\/span><\/span><\/span><\/p>\n<p align=\"justify\"><span style=\"font-family: 'Times New Roman', serif;\"><span style=\"font-size: medium;\"><span style=\"color: #000000;\"><span lang=\"ca-ES\">El certamen fa cinc anys que s\u2019organitza, tres dels quals alumnat del nostre centre ha arribat a la final de Barcelona. Enguany, no nom\u00e9s hem arribat a la final, sin\u00f3 que l\u2019alumna Alba de Mira Balagu\u00e9 de 1r d\u2019ESO ha estat la guanyadora de tot Catalunya, en la seva categoria, del certamen. El recorregut no \u00e9s f\u00e0cil, ja que s\u2019ha de passar una fase comarcal per poder ser finalista a la fase territorial, guanyar aquesta fase i arribar a la final de Catalunya com a representant del territori, en aquest cas, de les Terres de l\u2019Ebre.<\/span><\/span><\/span><\/span><\/p>\n<p align=\"justify\"><span style=\"font-family: 'Times New Roman', serif;\"><span style=\"font-size: medium;\"><span style=\"color: #000000;\"><span lang=\"ca-ES\">\u00c9s per aix\u00f2, que des del centre li hem volgut fer un acte de reconeixement amb l\u2019assist\u00e8ncia de tot el professorat, els seus companys i els seus familiars. Aprofitem per reiterar-li la nostra enhorabona i dir-li que ens omple d\u2019orgull que una alumna del nostre col\u00b7legi hagi guanyat un certamen d\u2019aquestes caracter\u00edstiques. <\/span><\/span><\/span><\/span><\/p>\n<p align=\"justify\"><span style=\"font-family: 'Times New Roman', serif;\"><span style=\"font-size: medium;\"><span style=\"color: #000000;\"><span lang=\"ca-ES\">L\u2019Alba va participar al certamen amb un poema <\/span><\/span><span lang=\"ca-ES\">que tracta el tema de les pors, individuals i col\u00b7lectives, com a reflexos d\u2019una realitat percebuda com a amena\u00e7adora. Es tracta d\u2019un text amb un llenguatge molt potent que fa que el poema tingui una gran for\u00e7a expressiva. Tot seguit, compartim el poema amb tots vosaltres.<\/span><\/span><\/span><\/p>\n<p class=\"western\" lang=\"ca-ES\" align=\"center\"><span style=\"font-family: 'Times New Roman', serif;\"><span style=\"font-size: medium;\"><span lang=\"es-ES\"><b>POR A LA VIDA<\/b><\/span><\/span><\/span><\/p>\n<p class=\"western\" lang=\"ca-ES\" align=\"center\"><span style=\"font-family: 'Times New Roman', serif;\"><span style=\"font-size: medium;\"><span lang=\"es-ES\">Els que treballen tenen por de perdre la feina.<\/span><\/span><\/span><\/p>\n<p class=\"western\" lang=\"ca-ES\" align=\"center\"><span style=\"font-family: 'Times New Roman', serif;\"><span style=\"font-size: medium;\"><span lang=\"es-ES\">I els que no treballen tenen por de no trobar feina.<\/span><\/span><\/span><\/p>\n<p class=\"western\" lang=\"ca-ES\" align=\"center\"><span style=\"font-family: 'Times New Roman', serif;\"><span style=\"font-size: medium;\"><span lang=\"es-ES\">Qui no t\u00e9 por a la fam, t\u00e9 por al menjar.<\/span><\/span><\/span><\/p>\n<p class=\"western\" lang=\"ca-ES\" align=\"center\"><span style=\"font-family: 'Times New Roman', serif;\"><span style=\"font-size: medium;\"><span lang=\"es-ES\">Els automobilistes tenen por de caminar<\/span><\/span><\/span><\/p>\n<p class=\"western\" lang=\"ca-ES\" align=\"center\"><span style=\"font-family: 'Times New Roman', serif;\"><span style=\"font-size: medium;\"><span lang=\"es-ES\">i els vianants tenen por de ser atropellats.<\/span><\/span><\/span><\/p>\n<p class=\"western\" lang=\"ca-ES\" align=\"center\"><span style=\"font-family: 'Times New Roman', serif;\"><span style=\"font-size: medium;\"><span lang=\"es-ES\">La democr\u00e0cia t\u00e9 por de recordar<\/span><\/span><\/span><\/p>\n<p class=\"western\" lang=\"ca-ES\" align=\"center\"><span style=\"font-family: 'Times New Roman', serif;\"><span style=\"font-size: medium;\"><span lang=\"es-ES\">i el llenguatge t\u00e9 por de dir.<\/span><\/span><\/span><\/p>\n<p class=\"western\" lang=\"ca-ES\" align=\"center\"><span style=\"font-family: 'Times New Roman', serif;\"><span style=\"font-size: medium;\"><span lang=\"es-ES\">Els civils tenen por als militars.<\/span><\/span><\/span><\/p>\n<p class=\"western\" lang=\"ca-ES\" align=\"center\"><span style=\"font-family: 'Times New Roman', serif;\"><span style=\"font-size: medium;\"><span lang=\"es-ES\">Els militars tenen por de la falta d\u2019armes.<\/span><\/span><\/span><\/p>\n<p class=\"western\" lang=\"ca-ES\" align=\"center\"><span style=\"font-family: 'Times New Roman', serif;\"><span style=\"font-size: medium;\"><span lang=\"es-ES\">Les armes tenen por de la falta de guerra.<\/span><\/span><\/span><\/p>\n<p class=\"western\" lang=\"ca-ES\" align=\"center\"><span style=\"font-family: 'Times New Roman', serif;\"><span style=\"font-size: medium;\"><span lang=\"es-ES\">\u00c9s el temps de la por.<\/span><\/span><\/span><\/p>\n<p class=\"western\" lang=\"ca-ES\" align=\"center\"><span style=\"font-family: 'Times New Roman', serif;\"><span style=\"font-size: medium;\"><span lang=\"es-ES\">Por de la dona a la viol\u00e8ncia de l\u2019home<\/span><\/span><\/span><\/p>\n<p class=\"western\" lang=\"ca-ES\" align=\"center\"><span style=\"font-family: 'Times New Roman', serif;\"><span style=\"font-size: medium;\"><span lang=\"es-ES\">i por de l\u2019home a la dona sense por.<\/span><\/span><\/span><\/p>\n<p class=\"western\" lang=\"ca-ES\" align=\"center\"><span style=\"font-family: 'Times New Roman', serif;\"><span style=\"font-size: medium;\"><span lang=\"es-ES\">Por als lladres i por a la policia.<\/span><\/span><\/span><\/p>\n<p class=\"western\" lang=\"ca-ES\" align=\"center\"><span style=\"font-family: 'Times New Roman', serif;\"><span style=\"font-size: medium;\"><span lang=\"es-ES\">Por a la porta sense pany,<\/span><\/span><\/span><\/p>\n<p class=\"western\" lang=\"ca-ES\" align=\"center\"><span style=\"font-family: 'Times New Roman', serif;\"><span style=\"font-size: medium;\"><span lang=\"es-ES\">al temps sense rellotge,<\/span><\/span><\/span><\/p>\n<p class=\"western\" lang=\"ca-ES\" align=\"center\"><span style=\"font-family: 'Times New Roman', serif;\"><span style=\"font-size: medium;\"><span lang=\"es-ES\">al nen sense televisi\u00f3.<\/span><\/span><\/span><\/p>\n<p class=\"western\" lang=\"ca-ES\" align=\"center\"><span style=\"font-family: 'Times New Roman', serif;\"><span style=\"font-size: medium;\"><span lang=\"es-ES\">Por a la nit sense pastilles per dormir<\/span><\/span><\/span><\/p>\n<p class=\"western\" lang=\"ca-ES\" align=\"center\"><span style=\"font-family: 'Times New Roman', serif;\"><span style=\"font-size: medium;\"><span lang=\"es-ES\">i al dia sense pastilles per despertar.<\/span><\/span><\/span><\/p>\n<p class=\"western\" lang=\"ca-ES\" align=\"center\"><span style=\"font-family: 'Times New Roman', serif;\"><span style=\"font-size: medium;\"><span lang=\"es-ES\">Por a la soledat i por a la multitud.<\/span><\/span><\/span><\/p>\n<p class=\"western\" lang=\"ca-ES\" align=\"center\"><span style=\"font-family: 'Times New Roman', serif;\"><span style=\"font-size: medium;\"><span lang=\"es-ES\">Por al que va ser.<\/span><\/span><\/span><\/p>\n<p class=\"western\" lang=\"ca-ES\" align=\"center\"><span style=\"font-family: 'Times New Roman', serif;\"><span style=\"font-size: medium;\"><span lang=\"es-ES\">Por al que \u00e9s.<\/span><\/span><\/span><\/p>\n<p class=\"western\" lang=\"ca-ES\" align=\"center\"><span style=\"font-family: 'Times New Roman', serif;\"><span style=\"font-size: medium;\"><span lang=\"es-ES\">Por al que ser\u00e0.<\/span><\/span><\/span><\/p>\n<p class=\"western\" lang=\"ca-ES\" align=\"center\"><span style=\"font-family: 'Times New Roman', serif;\"><span style=\"font-size: medium;\"><span lang=\"es-ES\">Por de viure.<\/span><\/span><\/span><\/p>\n<p class=\"western\" lang=\"ca-ES\" align=\"center\"><span style=\"font-family: 'Times New Roman', serif;\"><span style=\"font-size: medium;\"><span lang=\"es-ES\">Por de morir.<\/span><\/span><\/span><\/p>\n<p align=\"justify\"><img loading=\"lazy\" decoding=\"async\" class=\"alignleft wp-image-9893 size-medium\" src=\"http:\/\/serveiseducatius.xtec.cat\/montsia\/wp-content\/uploads\/usu1125\/2018\/07\/IMG-20180628-WA0007-225x300.jpg\" alt=\"\" width=\"225\" height=\"300\" srcset=\"https:\/\/serveiseducatius.xtec.cat\/montsia\/wp-content\/uploads\/usu1125\/2018\/07\/IMG-20180628-WA0007-225x300.jpg 225w, https:\/\/serveiseducatius.xtec.cat\/montsia\/wp-content\/uploads\/usu1125\/2018\/07\/IMG-20180628-WA0007.jpg 550w\" sizes=\"auto, (max-width: 225px) 100vw, 225px\" \/> <img loading=\"lazy\" decoding=\"async\" class=\"wp-image-9894 size-medium alignleft\" src=\"http:\/\/serveiseducatius.xtec.cat\/montsia\/wp-content\/uploads\/usu1125\/2018\/07\/IMG-20180628-WA0024-225x300.jpg\" alt=\"\" width=\"225\" height=\"300\" srcset=\"https:\/\/serveiseducatius.xtec.cat\/montsia\/wp-content\/uploads\/usu1125\/2018\/07\/IMG-20180628-WA0024-225x300.jpg 225w, https:\/\/serveiseducatius.xtec.cat\/montsia\/wp-content\/uploads\/usu1125\/2018\/07\/IMG-20180628-WA0024.jpg 550w\" sizes=\"auto, (max-width: 225px) 100vw, 225px\" \/><img loading=\"lazy\" decoding=\"async\" class=\"alignleft wp-image-9895 size-medium\" src=\"http:\/\/serveiseducatius.xtec.cat\/montsia\/wp-content\/uploads\/usu1125\/2018\/07\/IMG-20180628-WA0041-158x300.jpg\" alt=\"\" width=\"158\" height=\"300\" srcset=\"https:\/\/serveiseducatius.xtec.cat\/montsia\/wp-content\/uploads\/usu1125\/2018\/07\/IMG-20180628-WA0041-158x300.jpg 158w, https:\/\/serveiseducatius.xtec.cat\/montsia\/wp-content\/uploads\/usu1125\/2018\/07\/IMG-20180628-WA0041-538x1024.jpg 538w, https:\/\/serveiseducatius.xtec.cat\/montsia\/wp-content\/uploads\/usu1125\/2018\/07\/IMG-20180628-WA0041.jpg 550w\" sizes=\"auto, (max-width: 158px) 100vw, 158px\" \/><\/p>\n","protected":false},"excerpt":{"rendered":"<p>Els Jocs Florals Escolars de Catalunya s\u00f3n un certamen convocat pel Departament d&#8217;Ensenyament amb l&#8217;objectiu de potenciar i estimular<\/p>\n","protected":false},"author":1,"featured_media":9755,"comment_status":"closed","ping_status":"closed","sticky":false,"template":"","format":"standard","meta":{"_bbp_topic_count":0,"_bbp_reply_count":0,"_bbp_total_topic_count":0,"_bbp_total_reply_count":0,"_bbp_voice_count":0,"_bbp_anonymous_reply_count":0,"_bbp_topic_count_hidden":0,"_bbp_reply_count_hidden":0,"_bbp_forum_subforum_count":0,"site-sidebar-layout":"default","site-content-layout":"","ast-site-content-layout":"","site-content-style":"default","site-sidebar-style":"default","ast-global-header-display":"","ast-banner-title-visibility":"","ast-main-header-display":"","ast-hfb-above-header-display":"","ast-hfb-below-header-display":"","ast-hfb-mobile-header-display":"","site-post-title":"","ast-breadcrumbs-content":"","ast-featured-img":"","footer-sml-layout":"","theme-transparent-header-meta":"","adv-header-id-meta":"","stick-header-meta":"","header-above-stick-meta":"","header-main-stick-meta":"","header-below-stick-meta":"","astra-migrate-meta-layouts":"default","ast-page-background-enabled":"default","ast-page-background-meta":{"desktop":{"background-color":"var(--ast-global-color-4)","background-image":"","background-repeat":"repeat","background-position":"center center","background-size":"auto","background-attachment":"scroll","background-type":"","background-media":"","overlay-type":"","overlay-color":"","overlay-opacity":"","overlay-gradient":""},"tablet":{"background-color":"","background-image":"","background-repeat":"repeat","background-position":"center center","background-size":"auto","background-attachment":"scroll","background-type":"","background-media":"","overlay-type":"","overlay-color":"","overlay-opacity":"","overlay-gradient":""},"mobile":{"background-color":"","background-image":"","background-repeat":"repeat","background-position":"center center","background-size":"auto","background-attachment":"scroll","background-type":"","background-media":"","overlay-type":"","overlay-color":"","overlay-opacity":"","overlay-gradient":""}},"ast-content-background-meta":{"desktop":{"background-color":"var(--ast-global-color-5)","background-image":"","background-repeat":"repeat","background-position":"center center","background-size":"auto","background-attachment":"scroll","background-type":"","background-media":"","overlay-type":"","overlay-color":"","overlay-opacity":"","overlay-gradient":""},"tablet":{"background-color":"var(--ast-global-color-5)","background-image":"","background-repeat":"repeat","background-position":"center center","background-size":"auto","background-attachment":"scroll","background-type":"","background-media":"","overlay-type":"","overlay-color":"","overlay-opacity":"","overlay-gradient":""},"mobile":{"background-color":"var(--ast-global-color-5)","background-image":"","background-repeat":"repeat","background-position":"center center","background-size":"auto","background-attachment":"scroll","background-type":"","background-media":"","overlay-type":"","overlay-color":"","overlay-opacity":"","overlay-gradient":""}},"footnotes":""},"categories":[65,71,29],"tags":[],"class_list":["post-9892","post","type-post","status-publish","format-standard","has-post-thumbnail","hentry","category-crp","category-jocs-florals","category-portada"],"post_mailing_queue_ids":[],"_links":{"self":[{"href":"https:\/\/serveiseducatius.xtec.cat\/montsia\/wp-json\/wp\/v2\/posts\/9892","targetHints":{"allow":["GET"]}}],"collection":[{"href":"https:\/\/serveiseducatius.xtec.cat\/montsia\/wp-json\/wp\/v2\/posts"}],"about":[{"href":"https:\/\/serveiseducatius.xtec.cat\/montsia\/wp-json\/wp\/v2\/types\/post"}],"author":[{"embeddable":true,"href":"https:\/\/serveiseducatius.xtec.cat\/montsia\/wp-json\/wp\/v2\/users\/1"}],"replies":[{"embeddable":true,"href":"https:\/\/serveiseducatius.xtec.cat\/montsia\/wp-json\/wp\/v2\/comments?post=9892"}],"version-history":[{"count":3,"href":"https:\/\/serveiseducatius.xtec.cat\/montsia\/wp-json\/wp\/v2\/posts\/9892\/revisions"}],"predecessor-version":[{"id":9900,"href":"https:\/\/serveiseducatius.xtec.cat\/montsia\/wp-json\/wp\/v2\/posts\/9892\/revisions\/9900"}],"wp:featuredmedia":[{"embeddable":true,"href":"https:\/\/serveiseducatius.xtec.cat\/montsia\/wp-json\/wp\/v2\/media\/9755"}],"wp:attachment":[{"href":"https:\/\/serveiseducatius.xtec.cat\/montsia\/wp-json\/wp\/v2\/media?parent=9892"}],"wp:term":[{"taxonomy":"category","embeddable":true,"href":"https:\/\/serveiseducatius.xtec.cat\/montsia\/wp-json\/wp\/v2\/categories?post=9892"},{"taxonomy":"post_tag","embeddable":true,"href":"https:\/\/serveiseducatius.xtec.cat\/montsia\/wp-json\/wp\/v2\/tags?post=9892"}],"curies":[{"name":"wp","href":"https:\/\/api.w.org\/{rel}","templated":true}]}}