{"id":9792,"date":"2018-02-27T17:47:00","date_gmt":"2018-02-27T16:47:00","guid":{"rendered":"http:\/\/serveiseducatius.xtec.cat\/montsia\/?p=9792"},"modified":"2018-02-27T17:51:19","modified_gmt":"2018-02-27T16:51:19","slug":"viii-jornada-deducacio-primaria-terres-de-lebre-tu-jo-i-els-altres-una-mirada-sistemica-de-leducacio-primaria","status":"publish","type":"post","link":"https:\/\/serveiseducatius.xtec.cat\/montsia\/general\/viii-jornada-deducacio-primaria-terres-de-lebre-tu-jo-i-els-altres-una-mirada-sistemica-de-leducacio-primaria\/","title":{"rendered":"VIII Jornada d&#8217;Educaci\u00f3 Prim\u00e0ria Terres de l&#8217;Ebre  &#8220;Tu, jo i els altres: Una mirada sist\u00e8mica&#8221;"},"content":{"rendered":"<p style=\"text-align: justify;\">La VIII Jornada d\u2019Educaci\u00f3 Prim\u00e0ria Terres de l\u2019Ebre vol mostrar una forma de mirar les relacions i vincles que es donen en els contexts educatius, basada en l\u2019educaci\u00f3 sist\u00e8mica.<\/p>\n<p style=\"text-align: justify;\">Tenint en compte una perspectiva multidimensional de la vida, s\u2019incidir\u00e0 en com millorar els aprenentatges i el proc\u00e9s de creixement dels infants, i es reflexionar\u00e0 sobre quines han de ser les actituds i les estrat\u00e8gies pedag\u00f2giques que han de desenvolupar els i les mestres d\u2019Educaci\u00f3 Prim\u00e0ria.<\/p>\n<p style=\"text-align: justify;\">La pedagogia sist\u00e8mica t\u00e9 com a referents fonamentals la ubicaci\u00f3 i el context, amb la finalitat de responsabilitzar a pares, mares, i mestres, a l\u2019hora d\u2019educar, des de l\u2019acceptaci\u00f3, el respecte i la inclusi\u00f3, tenint en compte la realitat de l\u2019alumnat i de les fam\u00edlies.<\/p>\n<p style=\"text-align: justify;\"><a href=\"https:\/\/aplicacions.gestioeducativa.gencat.cat\/pls\/soloas\/pk_for_mod_ins.p_for_detall_activitat?p_header=Llista%20d%27activitats^pk_for_mod_ins.p_for_cons_activitats?p_crp=800%26p_any=2017-2018%26p_totes=N%26p_inici=1%26p_excloure_crp_rec=F&amp;p_codi=8000160021&amp;p_curs=2017-2018&amp;p_excloure_crp_rec=F\" target=\"_blank\" rel=\"noopener noreferrer\">INSCRIPCI\u00d3<\/a><\/p>\n","protected":false},"excerpt":{"rendered":"<p>La VIII Jornada d\u2019Educaci\u00f3 Prim\u00e0ria Terres de l\u2019Ebre vol mostrar una forma de mirar les relacions i vincles que es donen en els contexts educatius, basada en l\u2019educaci\u00f3 sist\u00e8mica.<\/p>\n","protected":false},"author":1,"featured_media":9794,"comment_status":"closed","ping_status":"closed","sticky":false,"template":"","format":"standard","meta":{"_bbp_topic_count":0,"_bbp_reply_count":0,"_bbp_total_topic_count":0,"_bbp_total_reply_count":0,"_bbp_voice_count":0,"_bbp_anonymous_reply_count":0,"_bbp_topic_count_hidden":0,"_bbp_reply_count_hidden":0,"_bbp_forum_subforum_count":0,"site-sidebar-layout":"default","site-content-layout":"","ast-site-content-layout":"","site-content-style":"default","site-sidebar-style":"default","ast-global-header-display":"","ast-banner-title-visibility":"","ast-main-header-display":"","ast-hfb-above-header-display":"","ast-hfb-below-header-display":"","ast-hfb-mobile-header-display":"","site-post-title":"","ast-breadcrumbs-content":"","ast-featured-img":"","footer-sml-layout":"","theme-transparent-header-meta":"","adv-header-id-meta":"","stick-header-meta":"","header-above-stick-meta":"","header-main-stick-meta":"","header-below-stick-meta":"","astra-migrate-meta-layouts":"default","ast-page-background-enabled":"default","ast-page-background-meta":{"desktop":{"background-color":"var(--ast-global-color-4)","background-image":"","background-repeat":"repeat","background-position":"center center","background-size":"auto","background-attachment":"scroll","background-type":"","background-media":"","overlay-type":"","overlay-color":"","overlay-opacity":"","overlay-gradient":""},"tablet":{"background-color":"","background-image":"","background-repeat":"repeat","background-position":"center center","background-size":"auto","background-attachment":"scroll","background-type":"","background-media":"","overlay-type":"","overlay-color":"","overlay-opacity":"","overlay-gradient":""},"mobile":{"background-color":"","background-image":"","background-repeat":"repeat","background-position":"center center","background-size":"auto","background-attachment":"scroll","background-type":"","background-media":"","overlay-type":"","overlay-color":"","overlay-opacity":"","overlay-gradient":""}},"ast-content-background-meta":{"desktop":{"background-color":"var(--ast-global-color-5)","background-image":"","background-repeat":"repeat","background-position":"center center","background-size":"auto","background-attachment":"scroll","background-type":"","background-media":"","overlay-type":"","overlay-color":"","overlay-opacity":"","overlay-gradient":""},"tablet":{"background-color":"var(--ast-global-color-5)","background-image":"","background-repeat":"repeat","background-position":"center center","background-size":"auto","background-attachment":"scroll","background-type":"","background-media":"","overlay-type":"","overlay-color":"","overlay-opacity":"","overlay-gradient":""},"mobile":{"background-color":"var(--ast-global-color-5)","background-image":"","background-repeat":"repeat","background-position":"center center","background-size":"auto","background-attachment":"scroll","background-type":"","background-media":"","overlay-type":"","overlay-color":"","overlay-opacity":"","overlay-gradient":""}},"footnotes":""},"categories":[65,1,29],"tags":[],"class_list":["post-9792","post","type-post","status-publish","format-standard","has-post-thumbnail","hentry","category-crp","category-general","category-portada"],"post_mailing_queue_ids":[],"_links":{"self":[{"href":"https:\/\/serveiseducatius.xtec.cat\/montsia\/wp-json\/wp\/v2\/posts\/9792","targetHints":{"allow":["GET"]}}],"collection":[{"href":"https:\/\/serveiseducatius.xtec.cat\/montsia\/wp-json\/wp\/v2\/posts"}],"about":[{"href":"https:\/\/serveiseducatius.xtec.cat\/montsia\/wp-json\/wp\/v2\/types\/post"}],"author":[{"embeddable":true,"href":"https:\/\/serveiseducatius.xtec.cat\/montsia\/wp-json\/wp\/v2\/users\/1"}],"replies":[{"embeddable":true,"href":"https:\/\/serveiseducatius.xtec.cat\/montsia\/wp-json\/wp\/v2\/comments?post=9792"}],"version-history":[{"count":3,"href":"https:\/\/serveiseducatius.xtec.cat\/montsia\/wp-json\/wp\/v2\/posts\/9792\/revisions"}],"predecessor-version":[{"id":9796,"href":"https:\/\/serveiseducatius.xtec.cat\/montsia\/wp-json\/wp\/v2\/posts\/9792\/revisions\/9796"}],"wp:featuredmedia":[{"embeddable":true,"href":"https:\/\/serveiseducatius.xtec.cat\/montsia\/wp-json\/wp\/v2\/media\/9794"}],"wp:attachment":[{"href":"https:\/\/serveiseducatius.xtec.cat\/montsia\/wp-json\/wp\/v2\/media?parent=9792"}],"wp:term":[{"taxonomy":"category","embeddable":true,"href":"https:\/\/serveiseducatius.xtec.cat\/montsia\/wp-json\/wp\/v2\/categories?post=9792"},{"taxonomy":"post_tag","embeddable":true,"href":"https:\/\/serveiseducatius.xtec.cat\/montsia\/wp-json\/wp\/v2\/tags?post=9792"}],"curies":[{"name":"wp","href":"https:\/\/api.w.org\/{rel}","templated":true}]}}