{"id":9700,"date":"2018-04-03T15:56:51","date_gmt":"2018-04-03T13:56:51","guid":{"rendered":"http:\/\/serveiseducatius.xtec.cat\/montsia\/?p=9700"},"modified":"2018-04-03T16:44:35","modified_gmt":"2018-04-03T14:44:35","slug":"jornada-de-potenciacio-de-la-literatura-catalana-per-a-alumnes-de-modalitat","status":"publish","type":"post","link":"https:\/\/serveiseducatius.xtec.cat\/montsia\/portada\/jornada-de-potenciacio-de-la-literatura-catalana-per-a-alumnes-de-modalitat\/","title":{"rendered":"Jornada de potenciaci\u00f3 de la  literatura catalana  per a alumnes de modalitat."},"content":{"rendered":"<p>Jornada d&#8217;obertura del m\u00f3n universitari per a l&#8217;alumnat de batxillerat que cursa Literatura Catalana de modalitat.<br \/>\nS&#8217;experimentar\u00e0 amb la literatura catalana per valorar-la, gaudir-ne i visualitzar possibilitats de treball que puguin esdevenir nous reptes i, en conseq\u00fc\u00e8ncia, germinar en forma de noves vocacions.<\/p>\n<p>LLOC: CAMPUS\u00a0URV TERRES DE L&#8217;EBRE<br \/>\nDATA: 22\/04\/2018<br \/>\n9.00 h Presentaci\u00f3<\/p>\n<p>9.15 h Confer\u00e8ncia 1 M. Aur\u00e8lia Capmany; Feli\u00e7ment, jo s\u00f3c una dona, per Mag\u00ed Sunyer.<\/p>\n<p>10.00 h Confer\u00e8ncia 2 Poesia: sentiments i emocions, per Montserrat Corretger<\/p>\n<p>10.45 h Descans<\/p>\n<p>11.15 h Roda de tallers literaris<br \/>\n&#8211; El sonet d&#8217;una hermosa dama que es pentinava: de Francesc Vicent Garcia a Rossell\u00f3-P\u00f2rcel, per Josep Bargall\u00f3<\/p>\n<p>&#8211; Ruta liter\u00e0ria Gerard Verg\u00e9s, per Txell Aixarch<\/p>\n<p>&#8211; Taller de poesia Gerard Verg\u00e9s, per Txell Aixarch i Irene Prades (Es far\u00e0 a la Biblioteca Marcel\u00b7l\u00ed Domingo).<br \/>\n13.30 Activitat art\u00edstica de cloenda<\/p>\n<p><a href=\"https:\/\/aplicacions.gestioeducativa.gencat.cat\/pls\/soloas\/pk_for_mod_ins.p_for_detall_activitat?p_header=Llista%20d%27activitats^pk_for_mod_ins.p_for_cons_activitats?p_crp=800%26p_any=2017-2018%26p_totes=N%26p_inici=1%26p_excloure_crp_rec=F&amp;p_codi=8000100021&amp;p_curs=2017-2018&amp;p_excloure_crp_rec=F\" target=\"_blank\" rel=\"noopener noreferrer\">INSCRIPCI\u00d3<\/a><\/p>\n","protected":false},"excerpt":{"rendered":"<p>S&#8217;experimentar\u00e0 amb la literatura catalana per valorar-la, gaudir-ne i visualitzar possibilitats de treball que puguin esdevenir nous reptes i, en conseq\u00fc\u00e8ncia, germinar en forma de noves vocacions.<\/p>\n","protected":false},"author":1,"featured_media":9703,"comment_status":"closed","ping_status":"closed","sticky":false,"template":"","format":"standard","meta":{"_bbp_topic_count":0,"_bbp_reply_count":0,"_bbp_total_topic_count":0,"_bbp_total_reply_count":0,"_bbp_voice_count":0,"_bbp_anonymous_reply_count":0,"_bbp_topic_count_hidden":0,"_bbp_reply_count_hidden":0,"_bbp_forum_subforum_count":0,"site-sidebar-layout":"default","site-content-layout":"","ast-site-content-layout":"","site-content-style":"default","site-sidebar-style":"default","ast-global-header-display":"","ast-banner-title-visibility":"","ast-main-header-display":"","ast-hfb-above-header-display":"","ast-hfb-below-header-display":"","ast-hfb-mobile-header-display":"","site-post-title":"","ast-breadcrumbs-content":"","ast-featured-img":"","footer-sml-layout":"","theme-transparent-header-meta":"","adv-header-id-meta":"","stick-header-meta":"","header-above-stick-meta":"","header-main-stick-meta":"","header-below-stick-meta":"","astra-migrate-meta-layouts":"default","ast-page-background-enabled":"default","ast-page-background-meta":{"desktop":{"background-color":"var(--ast-global-color-4)","background-image":"","background-repeat":"repeat","background-position":"center center","background-size":"auto","background-attachment":"scroll","background-type":"","background-media":"","overlay-type":"","overlay-color":"","overlay-opacity":"","overlay-gradient":""},"tablet":{"background-color":"","background-image":"","background-repeat":"repeat","background-position":"center center","background-size":"auto","background-attachment":"scroll","background-type":"","background-media":"","overlay-type":"","overlay-color":"","overlay-opacity":"","overlay-gradient":""},"mobile":{"background-color":"","background-image":"","background-repeat":"repeat","background-position":"center center","background-size":"auto","background-attachment":"scroll","background-type":"","background-media":"","overlay-type":"","overlay-color":"","overlay-opacity":"","overlay-gradient":""}},"ast-content-background-meta":{"desktop":{"background-color":"var(--ast-global-color-5)","background-image":"","background-repeat":"repeat","background-position":"center center","background-size":"auto","background-attachment":"scroll","background-type":"","background-media":"","overlay-type":"","overlay-color":"","overlay-opacity":"","overlay-gradient":""},"tablet":{"background-color":"var(--ast-global-color-5)","background-image":"","background-repeat":"repeat","background-position":"center center","background-size":"auto","background-attachment":"scroll","background-type":"","background-media":"","overlay-type":"","overlay-color":"","overlay-opacity":"","overlay-gradient":""},"mobile":{"background-color":"var(--ast-global-color-5)","background-image":"","background-repeat":"repeat","background-position":"center center","background-size":"auto","background-attachment":"scroll","background-type":"","background-media":"","overlay-type":"","overlay-color":"","overlay-opacity":"","overlay-gradient":""}},"footnotes":""},"categories":[68,154,29],"tags":[],"class_list":["post-9700","post","type-post","status-publish","format-standard","has-post-thumbnail","hentry","category-elic","category-formacio","category-portada"],"post_mailing_queue_ids":[],"_links":{"self":[{"href":"https:\/\/serveiseducatius.xtec.cat\/montsia\/wp-json\/wp\/v2\/posts\/9700","targetHints":{"allow":["GET"]}}],"collection":[{"href":"https:\/\/serveiseducatius.xtec.cat\/montsia\/wp-json\/wp\/v2\/posts"}],"about":[{"href":"https:\/\/serveiseducatius.xtec.cat\/montsia\/wp-json\/wp\/v2\/types\/post"}],"author":[{"embeddable":true,"href":"https:\/\/serveiseducatius.xtec.cat\/montsia\/wp-json\/wp\/v2\/users\/1"}],"replies":[{"embeddable":true,"href":"https:\/\/serveiseducatius.xtec.cat\/montsia\/wp-json\/wp\/v2\/comments?post=9700"}],"version-history":[{"count":3,"href":"https:\/\/serveiseducatius.xtec.cat\/montsia\/wp-json\/wp\/v2\/posts\/9700\/revisions"}],"predecessor-version":[{"id":9829,"href":"https:\/\/serveiseducatius.xtec.cat\/montsia\/wp-json\/wp\/v2\/posts\/9700\/revisions\/9829"}],"wp:featuredmedia":[{"embeddable":true,"href":"https:\/\/serveiseducatius.xtec.cat\/montsia\/wp-json\/wp\/v2\/media\/9703"}],"wp:attachment":[{"href":"https:\/\/serveiseducatius.xtec.cat\/montsia\/wp-json\/wp\/v2\/media?parent=9700"}],"wp:term":[{"taxonomy":"category","embeddable":true,"href":"https:\/\/serveiseducatius.xtec.cat\/montsia\/wp-json\/wp\/v2\/categories?post=9700"},{"taxonomy":"post_tag","embeddable":true,"href":"https:\/\/serveiseducatius.xtec.cat\/montsia\/wp-json\/wp\/v2\/tags?post=9700"}],"curies":[{"name":"wp","href":"https:\/\/api.w.org\/{rel}","templated":true}]}}