{"id":9315,"date":"2017-01-24T10:05:27","date_gmt":"2017-01-24T09:05:27","guid":{"rendered":"http:\/\/serveiseducatius.xtec.cat\/montsia\/?p=9315"},"modified":"2017-01-24T10:07:13","modified_gmt":"2017-01-24T09:07:13","slug":"matinals-de-llengua","status":"publish","type":"post","link":"https:\/\/serveiseducatius.xtec.cat\/montsia\/general\/matinals-de-llengua\/","title":{"rendered":"Matinals de llengua"},"content":{"rendered":"<p>Els Serveis Territorials de Cultura a les Terres de l&#8217;Ebre acolliran la <a href=\"http:\/\/llengua.gencat.cat\/ca\/direccio_general_politica_linguistica\/centre_de_documentacio\/activitats\/matinals-de-llengua\/01.02.17-gramatica-Tortosa\/\" target=\"_blank\">Matinal de llengua<\/a> que organitza la Direcci\u00f3 General de Pol\u00edtica Ling\u00fc\u00edstica, centrada en les caracter\u00edstiques principals de la Gram\u00e0tica de la llengua catalana i l&#8217;Ortografia catalana de l&#8217;Institut d&#8217;Estudis Catalans (IEC), amb una atenci\u00f3 especial als aspectes nous respecte a la normativa anterior. La sessi\u00f3 tindr\u00e0 lloc l&#8217;1 de febrer, a les 12.00 h, al Palau Oliver de Boteller Tortosa.<\/p>\n<p>En presentaran les novetats els membres de la Secci\u00f3 Filol\u00f2gica Miquel \u00c0ngel Pradilla (gram\u00e0tica) i Vicent Pitarch (ortografia). Tamb\u00e9 hi intervindr\u00e0 un especialista en did\u00e0ctica de la llengua. A partir del 10 de gener s&#8217;obriran les inscripcions a trav\u00e9s d&#8217;un formulari que es publicar\u00e0 al web de llengua catalana.<\/p>\n","protected":false},"excerpt":{"rendered":"<p>Els Serveis Territorials de Cultura a les Terres de l&#8217;Ebre acolliran la Matinal de llengua que organitza la Direcci\u00f3 General de Pol\u00edtica Ling\u00fc\u00edstica, centrada en les caracter\u00edstiques principals de la Gram\u00e0tica de la llengua catalana i l&#8217;Ortografia catalana de l&#8217;Institut d&#8217;Estudis Catalans (IEC), amb una atenci\u00f3 especial als aspectes nous respecte a la normativa anterior. La sessi\u00f3 tindr\u00e0 lloc l&#8217;1 de febrer, a les 12.00 h, al Palau Oliver de Boteller Tortosa.<\/p>\n","protected":false},"author":1,"featured_media":9316,"comment_status":"closed","ping_status":"open","sticky":false,"template":"","format":"standard","meta":{"_bbp_topic_count":0,"_bbp_reply_count":0,"_bbp_total_topic_count":0,"_bbp_total_reply_count":0,"_bbp_voice_count":0,"_bbp_anonymous_reply_count":0,"_bbp_topic_count_hidden":0,"_bbp_reply_count_hidden":0,"_bbp_forum_subforum_count":0,"site-sidebar-layout":"default","site-content-layout":"","ast-site-content-layout":"","site-content-style":"default","site-sidebar-style":"default","ast-global-header-display":"","ast-banner-title-visibility":"","ast-main-header-display":"","ast-hfb-above-header-display":"","ast-hfb-below-header-display":"","ast-hfb-mobile-header-display":"","site-post-title":"","ast-breadcrumbs-content":"","ast-featured-img":"","footer-sml-layout":"","theme-transparent-header-meta":"","adv-header-id-meta":"","stick-header-meta":"","header-above-stick-meta":"","header-main-stick-meta":"","header-below-stick-meta":"","astra-migrate-meta-layouts":"default","ast-page-background-enabled":"default","ast-page-background-meta":{"desktop":{"background-color":"var(--ast-global-color-4)","background-image":"","background-repeat":"repeat","background-position":"center center","background-size":"auto","background-attachment":"scroll","background-type":"","background-media":"","overlay-type":"","overlay-color":"","overlay-opacity":"","overlay-gradient":""},"tablet":{"background-color":"","background-image":"","background-repeat":"repeat","background-position":"center center","background-size":"auto","background-attachment":"scroll","background-type":"","background-media":"","overlay-type":"","overlay-color":"","overlay-opacity":"","overlay-gradient":""},"mobile":{"background-color":"","background-image":"","background-repeat":"repeat","background-position":"center center","background-size":"auto","background-attachment":"scroll","background-type":"","background-media":"","overlay-type":"","overlay-color":"","overlay-opacity":"","overlay-gradient":""}},"ast-content-background-meta":{"desktop":{"background-color":"var(--ast-global-color-5)","background-image":"","background-repeat":"repeat","background-position":"center center","background-size":"auto","background-attachment":"scroll","background-type":"","background-media":"","overlay-type":"","overlay-color":"","overlay-opacity":"","overlay-gradient":""},"tablet":{"background-color":"var(--ast-global-color-5)","background-image":"","background-repeat":"repeat","background-position":"center center","background-size":"auto","background-attachment":"scroll","background-type":"","background-media":"","overlay-type":"","overlay-color":"","overlay-opacity":"","overlay-gradient":""},"mobile":{"background-color":"var(--ast-global-color-5)","background-image":"","background-repeat":"repeat","background-position":"center center","background-size":"auto","background-attachment":"scroll","background-type":"","background-media":"","overlay-type":"","overlay-color":"","overlay-opacity":"","overlay-gradient":""}},"footnotes":""},"categories":[65,1,29],"tags":[],"class_list":["post-9315","post","type-post","status-publish","format-standard","has-post-thumbnail","hentry","category-crp","category-general","category-portada"],"post_mailing_queue_ids":[],"_links":{"self":[{"href":"https:\/\/serveiseducatius.xtec.cat\/montsia\/wp-json\/wp\/v2\/posts\/9315","targetHints":{"allow":["GET"]}}],"collection":[{"href":"https:\/\/serveiseducatius.xtec.cat\/montsia\/wp-json\/wp\/v2\/posts"}],"about":[{"href":"https:\/\/serveiseducatius.xtec.cat\/montsia\/wp-json\/wp\/v2\/types\/post"}],"author":[{"embeddable":true,"href":"https:\/\/serveiseducatius.xtec.cat\/montsia\/wp-json\/wp\/v2\/users\/1"}],"replies":[{"embeddable":true,"href":"https:\/\/serveiseducatius.xtec.cat\/montsia\/wp-json\/wp\/v2\/comments?post=9315"}],"version-history":[{"count":2,"href":"https:\/\/serveiseducatius.xtec.cat\/montsia\/wp-json\/wp\/v2\/posts\/9315\/revisions"}],"predecessor-version":[{"id":9319,"href":"https:\/\/serveiseducatius.xtec.cat\/montsia\/wp-json\/wp\/v2\/posts\/9315\/revisions\/9319"}],"wp:featuredmedia":[{"embeddable":true,"href":"https:\/\/serveiseducatius.xtec.cat\/montsia\/wp-json\/wp\/v2\/media\/9316"}],"wp:attachment":[{"href":"https:\/\/serveiseducatius.xtec.cat\/montsia\/wp-json\/wp\/v2\/media?parent=9315"}],"wp:term":[{"taxonomy":"category","embeddable":true,"href":"https:\/\/serveiseducatius.xtec.cat\/montsia\/wp-json\/wp\/v2\/categories?post=9315"},{"taxonomy":"post_tag","embeddable":true,"href":"https:\/\/serveiseducatius.xtec.cat\/montsia\/wp-json\/wp\/v2\/tags?post=9315"}],"curies":[{"name":"wp","href":"https:\/\/api.w.org\/{rel}","templated":true}]}}