{"id":9308,"date":"2017-01-19T17:42:05","date_gmt":"2017-01-19T16:42:05","guid":{"rendered":"http:\/\/serveiseducatius.xtec.cat\/montsia\/?p=9308"},"modified":"2017-01-20T10:25:07","modified_gmt":"2017-01-20T09:25:07","slug":"modul-2-ara-mat-saber-ne-mes-per-treballar-les-millor","status":"publish","type":"post","link":"https:\/\/serveiseducatius.xtec.cat\/montsia\/general\/modul-2-ara-mat-saber-ne-mes-per-treballar-les-millor\/","title":{"rendered":"Modul 2 Ara Mat: Saber-ne m\u00e9s per treballar-les millor"},"content":{"rendered":"<p>Us recordem que en el marc del programa ARAMAT impulsat pel Departament d\u2019Ensenyament, la Direcci\u00f3 General de Prim\u00e0ria ofereix el m\u00f2dul 2 de formaci\u00f3 per a mestres que porta per nom Ara matem\u00e0tiques. Saber-ne m\u00e9s per ensenyar-les millor.<\/p>\n<p>En aquest curs es vol aprofundir una mica m\u00e9s en el coneixement dels continguts clau de matem\u00e0tiques en aquestes etapes i en com treballar-los a l\u2019aula, amb el convenciment que si se\u2019n sap m\u00e9s es poden ensenyar millor.<\/p>\n<p>El treball es realitzar\u00e0 a partir d\u2019activitats d\u2019aula i en un ambient de resoluci\u00f3 de problemes. Aquestes activitats es prendran com a base per realitzar la reflexi\u00f3 sobre els continguts clau i la seva did\u00e0ctica.<\/p>\n<p>\u00c9s obert a mestres tant d&#8217;educaci\u00f3 infantil com de prim\u00e0ria, amb el benent\u00e8s que no es tractaran contiguts de l&#8217;etapa d&#8217;infantil. Tamb\u00e9 s&#8217;hi poden inscriure docents que no van participar en el m\u00f2dul 1 en el curs 2015-2016, ja que els continguts s\u00f3n diferents. No cal dir, per\u00f2, que tindran prefer\u00e8ncia en les adjundicacions el professorat que va assistir a la formaci\u00f3 l&#8217;any anterior.<\/p>\n<p><a href=\"https:\/\/aplicacions.gestioeducativa.gencat.cat\/pls\/soloas\/pk_for_mod_ins.p_for_detall_activitat?p_header=Llista%20d%27activitats^pk_for_mod_ins.p_for_cons_activitats?p_crp=806%26p_any=2016-2017%26p_totes=N%26p_inici=1%26p_excloure_crp_rec=F&amp;p_codi=8060480500&amp;p_curs=2016-2017&amp;p_excloure_crp_rec=F\" target=\"_blank\">Aqu\u00ed trobareu tota la informaci\u00f3 del curs.<\/a><\/p>\n","protected":false},"excerpt":{"rendered":"<p>Us recordem que en el marc del programa ARAMAT impulsat pel Departament d\u2019Ensenyament, la Direcci\u00f3 General de Prim\u00e0ria ofereix el m\u00f2dul 2 de formaci\u00f3 per a mestres que porta per nom Ara matem\u00e0tiques. Saber-ne m\u00e9s per ensenyar-les millor.<\/p>\n<p>En aquest curs es vol aprofundir una mica m\u00e9s en el coneixement dels continguts clau de matem\u00e0tiques en aquestes etapes i en com treballar-los a l\u2019aula, amb el convenciment que si se\u2019n sap m\u00e9s es poden ensenyar millor.<\/p>\n","protected":false},"author":1,"featured_media":8263,"comment_status":"closed","ping_status":"open","sticky":false,"template":"","format":"standard","meta":{"_bbp_topic_count":0,"_bbp_reply_count":0,"_bbp_total_topic_count":0,"_bbp_total_reply_count":0,"_bbp_voice_count":0,"_bbp_anonymous_reply_count":0,"_bbp_topic_count_hidden":0,"_bbp_reply_count_hidden":0,"_bbp_forum_subforum_count":0,"site-sidebar-layout":"default","site-content-layout":"","ast-site-content-layout":"","site-content-style":"default","site-sidebar-style":"default","ast-global-header-display":"","ast-banner-title-visibility":"","ast-main-header-display":"","ast-hfb-above-header-display":"","ast-hfb-below-header-display":"","ast-hfb-mobile-header-display":"","site-post-title":"","ast-breadcrumbs-content":"","ast-featured-img":"","footer-sml-layout":"","theme-transparent-header-meta":"","adv-header-id-meta":"","stick-header-meta":"","header-above-stick-meta":"","header-main-stick-meta":"","header-below-stick-meta":"","astra-migrate-meta-layouts":"default","ast-page-background-enabled":"default","ast-page-background-meta":{"desktop":{"background-color":"var(--ast-global-color-4)","background-image":"","background-repeat":"repeat","background-position":"center center","background-size":"auto","background-attachment":"scroll","background-type":"","background-media":"","overlay-type":"","overlay-color":"","overlay-opacity":"","overlay-gradient":""},"tablet":{"background-color":"","background-image":"","background-repeat":"repeat","background-position":"center center","background-size":"auto","background-attachment":"scroll","background-type":"","background-media":"","overlay-type":"","overlay-color":"","overlay-opacity":"","overlay-gradient":""},"mobile":{"background-color":"","background-image":"","background-repeat":"repeat","background-position":"center center","background-size":"auto","background-attachment":"scroll","background-type":"","background-media":"","overlay-type":"","overlay-color":"","overlay-opacity":"","overlay-gradient":""}},"ast-content-background-meta":{"desktop":{"background-color":"var(--ast-global-color-5)","background-image":"","background-repeat":"repeat","background-position":"center center","background-size":"auto","background-attachment":"scroll","background-type":"","background-media":"","overlay-type":"","overlay-color":"","overlay-opacity":"","overlay-gradient":""},"tablet":{"background-color":"var(--ast-global-color-5)","background-image":"","background-repeat":"repeat","background-position":"center center","background-size":"auto","background-attachment":"scroll","background-type":"","background-media":"","overlay-type":"","overlay-color":"","overlay-opacity":"","overlay-gradient":""},"mobile":{"background-color":"var(--ast-global-color-5)","background-image":"","background-repeat":"repeat","background-position":"center center","background-size":"auto","background-attachment":"scroll","background-type":"","background-media":"","overlay-type":"","overlay-color":"","overlay-opacity":"","overlay-gradient":""}},"footnotes":""},"categories":[65,1,29],"tags":[],"class_list":["post-9308","post","type-post","status-publish","format-standard","has-post-thumbnail","hentry","category-crp","category-general","category-portada"],"post_mailing_queue_ids":[],"_links":{"self":[{"href":"https:\/\/serveiseducatius.xtec.cat\/montsia\/wp-json\/wp\/v2\/posts\/9308","targetHints":{"allow":["GET"]}}],"collection":[{"href":"https:\/\/serveiseducatius.xtec.cat\/montsia\/wp-json\/wp\/v2\/posts"}],"about":[{"href":"https:\/\/serveiseducatius.xtec.cat\/montsia\/wp-json\/wp\/v2\/types\/post"}],"author":[{"embeddable":true,"href":"https:\/\/serveiseducatius.xtec.cat\/montsia\/wp-json\/wp\/v2\/users\/1"}],"replies":[{"embeddable":true,"href":"https:\/\/serveiseducatius.xtec.cat\/montsia\/wp-json\/wp\/v2\/comments?post=9308"}],"version-history":[{"count":3,"href":"https:\/\/serveiseducatius.xtec.cat\/montsia\/wp-json\/wp\/v2\/posts\/9308\/revisions"}],"predecessor-version":[{"id":9311,"href":"https:\/\/serveiseducatius.xtec.cat\/montsia\/wp-json\/wp\/v2\/posts\/9308\/revisions\/9311"}],"wp:featuredmedia":[{"embeddable":true,"href":"https:\/\/serveiseducatius.xtec.cat\/montsia\/wp-json\/wp\/v2\/media\/8263"}],"wp:attachment":[{"href":"https:\/\/serveiseducatius.xtec.cat\/montsia\/wp-json\/wp\/v2\/media?parent=9308"}],"wp:term":[{"taxonomy":"category","embeddable":true,"href":"https:\/\/serveiseducatius.xtec.cat\/montsia\/wp-json\/wp\/v2\/categories?post=9308"},{"taxonomy":"post_tag","embeddable":true,"href":"https:\/\/serveiseducatius.xtec.cat\/montsia\/wp-json\/wp\/v2\/tags?post=9308"}],"curies":[{"name":"wp","href":"https:\/\/api.w.org\/{rel}","templated":true}]}}