{"id":8363,"date":"2016-04-05T14:18:42","date_gmt":"2016-04-05T13:18:42","guid":{"rendered":"http:\/\/serveiseducatius.xtec.cat\/montsia\/?p=8363"},"modified":"2016-04-29T14:23:17","modified_gmt":"2016-04-29T13:23:17","slug":"ix-trobada-el-comic-una-eina-pedagogica","status":"publish","type":"post","link":"https:\/\/serveiseducatius.xtec.cat\/montsia\/portada\/ix-trobada-el-comic-una-eina-pedagogica\/","title":{"rendered":"IX Trobada &#8220;El c\u00f2mic, una eina pedag\u00f2gica&#8221;"},"content":{"rendered":"<p style=\"text-align: justify;\"><a href=\"http:\/\/serveiseducatius.xtec.cat\/montsia\/wp-content\/uploads\/usu1125\/2016\/04\/ficomic.jpg\"><img loading=\"lazy\" decoding=\"async\" class=\" size-full wp-image-8364 aligncenter\" src=\"http:\/\/serveiseducatius.xtec.cat\/montsia\/wp-content\/uploads\/usu1125\/2016\/04\/ficomic.jpg\" alt=\"ficomic\" width=\"199\" height=\"128\" \/><\/a><br \/>\nS&#8217;ha obert la <a href=\"http:\/\/xtec.gencat.cat\/web\/.content\/projectes\/lectura\/impulslectura\/documents\/Programa_JC_2016_web.pdf\" target=\"_blank\">inscripci\u00f3<\/a> per a la trobada pedag\u00f2gica que se celebrar\u00e0 en el marc de la <a href=\"http:\/\/xtec.gencat.cat\/ca\/projectes\/lectura\/impulslectura\" target=\"_blank\">34a edici\u00f3 del Sal\u00f3 Internacional del C\u00f2mic de Barcelona<\/a>, que tindr\u00e0 lloc entre el 5 i el 8 de maig de 2016, <a href=\"http:\/\/comic-34.ficomic.com\/informacio.cfm\" target=\"_blank\">FICOMIC<\/a>, amb la col\u00b7laboraci\u00f3 del Departament d\u2019Ensenyament de la Generalitat de Catalunya.<\/p>\n<p style=\"text-align: justify;\">Es presentaran quatre experi\u00e8ncies de centres del territori. A banda, hi haur\u00e0 la confer\u00e8ncia d&#8217;un expert, Santi Casas, i visites guiades al Sal\u00f3 per a prim\u00e0ria i secund\u00e0ria.<\/p>\n<p style=\"text-align: justify;\">La inscripci\u00f3 estar\u00e0 oberta fins el dia 28 d&#8217;abril.<\/p>\n","protected":false},"excerpt":{"rendered":"<p>S&#8217;ha obert la inscripci\u00f3 per a la trobada pedag\u00f2gica que se celebrar\u00e0 en el marc de la 34a edici\u00f3 del Sal\u00f3 Internacional del C\u00f2mic de Barcelona, que tindr\u00e0 lloc entre el 5 i el 8 de maig de 2016,<\/p>\n","protected":false},"author":1,"featured_media":8364,"comment_status":"open","ping_status":"open","sticky":false,"template":"","format":"standard","meta":{"_bbp_topic_count":0,"_bbp_reply_count":0,"_bbp_total_topic_count":0,"_bbp_total_reply_count":0,"_bbp_voice_count":0,"_bbp_anonymous_reply_count":0,"_bbp_topic_count_hidden":0,"_bbp_reply_count_hidden":0,"_bbp_forum_subforum_count":0,"site-sidebar-layout":"default","site-content-layout":"","ast-site-content-layout":"","site-content-style":"default","site-sidebar-style":"default","ast-global-header-display":"","ast-banner-title-visibility":"","ast-main-header-display":"","ast-hfb-above-header-display":"","ast-hfb-below-header-display":"","ast-hfb-mobile-header-display":"","site-post-title":"","ast-breadcrumbs-content":"","ast-featured-img":"","footer-sml-layout":"","theme-transparent-header-meta":"","adv-header-id-meta":"","stick-header-meta":"","header-above-stick-meta":"","header-main-stick-meta":"","header-below-stick-meta":"","astra-migrate-meta-layouts":"default","ast-page-background-enabled":"default","ast-page-background-meta":{"desktop":{"background-color":"var(--ast-global-color-4)","background-image":"","background-repeat":"repeat","background-position":"center center","background-size":"auto","background-attachment":"scroll","background-type":"","background-media":"","overlay-type":"","overlay-color":"","overlay-opacity":"","overlay-gradient":""},"tablet":{"background-color":"","background-image":"","background-repeat":"repeat","background-position":"center center","background-size":"auto","background-attachment":"scroll","background-type":"","background-media":"","overlay-type":"","overlay-color":"","overlay-opacity":"","overlay-gradient":""},"mobile":{"background-color":"","background-image":"","background-repeat":"repeat","background-position":"center center","background-size":"auto","background-attachment":"scroll","background-type":"","background-media":"","overlay-type":"","overlay-color":"","overlay-opacity":"","overlay-gradient":""}},"ast-content-background-meta":{"desktop":{"background-color":"var(--ast-global-color-5)","background-image":"","background-repeat":"repeat","background-position":"center center","background-size":"auto","background-attachment":"scroll","background-type":"","background-media":"","overlay-type":"","overlay-color":"","overlay-opacity":"","overlay-gradient":""},"tablet":{"background-color":"var(--ast-global-color-5)","background-image":"","background-repeat":"repeat","background-position":"center center","background-size":"auto","background-attachment":"scroll","background-type":"","background-media":"","overlay-type":"","overlay-color":"","overlay-opacity":"","overlay-gradient":""},"mobile":{"background-color":"var(--ast-global-color-5)","background-image":"","background-repeat":"repeat","background-position":"center center","background-size":"auto","background-attachment":"scroll","background-type":"","background-media":"","overlay-type":"","overlay-color":"","overlay-opacity":"","overlay-gradient":""}},"footnotes":""},"categories":[65,29],"tags":[],"class_list":["post-8363","post","type-post","status-publish","format-standard","has-post-thumbnail","hentry","category-crp","category-portada"],"post_mailing_queue_ids":[],"_links":{"self":[{"href":"https:\/\/serveiseducatius.xtec.cat\/montsia\/wp-json\/wp\/v2\/posts\/8363","targetHints":{"allow":["GET"]}}],"collection":[{"href":"https:\/\/serveiseducatius.xtec.cat\/montsia\/wp-json\/wp\/v2\/posts"}],"about":[{"href":"https:\/\/serveiseducatius.xtec.cat\/montsia\/wp-json\/wp\/v2\/types\/post"}],"author":[{"embeddable":true,"href":"https:\/\/serveiseducatius.xtec.cat\/montsia\/wp-json\/wp\/v2\/users\/1"}],"replies":[{"embeddable":true,"href":"https:\/\/serveiseducatius.xtec.cat\/montsia\/wp-json\/wp\/v2\/comments?post=8363"}],"version-history":[{"count":2,"href":"https:\/\/serveiseducatius.xtec.cat\/montsia\/wp-json\/wp\/v2\/posts\/8363\/revisions"}],"predecessor-version":[{"id":8366,"href":"https:\/\/serveiseducatius.xtec.cat\/montsia\/wp-json\/wp\/v2\/posts\/8363\/revisions\/8366"}],"wp:featuredmedia":[{"embeddable":true,"href":"https:\/\/serveiseducatius.xtec.cat\/montsia\/wp-json\/wp\/v2\/media\/8364"}],"wp:attachment":[{"href":"https:\/\/serveiseducatius.xtec.cat\/montsia\/wp-json\/wp\/v2\/media?parent=8363"}],"wp:term":[{"taxonomy":"category","embeddable":true,"href":"https:\/\/serveiseducatius.xtec.cat\/montsia\/wp-json\/wp\/v2\/categories?post=8363"},{"taxonomy":"post_tag","embeddable":true,"href":"https:\/\/serveiseducatius.xtec.cat\/montsia\/wp-json\/wp\/v2\/tags?post=8363"}],"curies":[{"name":"wp","href":"https:\/\/api.w.org\/{rel}","templated":true}]}}