{"id":8286,"date":"2016-01-27T11:19:08","date_gmt":"2016-01-27T10:19:08","guid":{"rendered":"http:\/\/serveiseducatius.xtec.cat\/montsia\/?p=8286"},"modified":"2016-04-28T11:36:59","modified_gmt":"2016-04-28T10:36:59","slug":"xix-jornades-pedagogico-musicals-de-les-terres-de-lebre","status":"publish","type":"post","link":"https:\/\/serveiseducatius.xtec.cat\/montsia\/portada\/xix-jornades-pedagogico-musicals-de-les-terres-de-lebre\/","title":{"rendered":"XIX Jornades Pedag\u00f2gico-musicals de les Terres de l\u2019Ebre"},"content":{"rendered":"<p style=\"text-align: justify;\"><a href=\"http:\/\/serveiseducatius.xtec.cat\/montsia\/wp-content\/uploads\/usu1125\/2016\/01\/Captura-de-2016-01-26-13-08-56.jpg\"><img loading=\"lazy\" decoding=\"async\" class=\" size-full wp-image-8292 aligncenter\" src=\"http:\/\/serveiseducatius.xtec.cat\/montsia\/wp-content\/uploads\/usu1125\/2016\/01\/Captura-de-2016-01-26-13-08-56.jpg\" alt=\"Captura de 2016-01-26 13-08-56\" width=\"164\" height=\"200\" \/><\/a><\/p>\n<p style=\"text-align: justify;\">El Grup de Mestres de M\u00fasica de les Terres de l&#8217;Ebre, juntament amb el Centre de Recursos Pedag\u00f2gics del Montsi\u00e0 organitzem les<a href=\"https:\/\/drive.google.com\/a\/xtec.cat\/file\/d\/0B7l3OPrnByqPb2w5RFFNX2lBQ0k\/view\" target=\"_blank\"> XIX Jornades Pedag\u00f2gico-musicals de les Terres de l\u2019Ebre<\/a> que es celebraran el DISSABTE 27 de febrer de 2016, a l\u2019escola MIQUEL GRANELL d\u2019Amposta.<\/p>\n<p style=\"text-align: justify;\">Aquest any treballarem:<\/p>\n<p style=\"text-align: justify;\">&#8211; CANT CORAL MODERN amb Cec\u00edlia Aym\u00ed amb el que descobrirem diferents repertoris vocal, la seua aplicaci\u00f3 a l&#8217;aula i treballarem aspectes t\u00e8cnics de la veu: respiraci\u00f3, impostaci\u00f3, resson\u00e0ncia, articulaci\u00f3.<\/p>\n<p style=\"text-align: justify;\">&#8211; BALLEM LA JOTA amb Iolanda Espuny amb qui trreballarem alguns dels passos b\u00e0sics de la jota i altres danses tradicionals del territori per poder-les incorporar a les aules. Ser\u00e0 un taller pr\u00e0ctic on aprendrem a ballar El punxonet, Ball de la roda, la jota improvisada, la jota de gaita i tambor, el bolero,\u2026<\/p>\n<p style=\"text-align: justify;\">Us recordem que les <a href=\"https:\/\/aplicacions.gestioeducativa.gencat.cat\/pls\/soloas\/pk_for_mod_ins.p_for_detall_activitat?p_header=Llista%20d%27activitats^pk_for_mod_ins.p_for_cons_activitats?p_crp=806%26p_any=2015-2016%26p_totes=N%26p_inici=1%26p_excloure_crp_rec=F&amp;p_codi=8060321806&amp;p_curs=2015-2016&amp;p_excloure_crp_rec=F\" target=\"_blank\">inscripcions<\/a> s\u00f3n del 25 de gener al 27 de febrer.<\/p>\n","protected":false},"excerpt":{"rendered":"<p>El Grup de Mestres de M\u00fasica de les Terres de l&#8217;Ebre, juntament amb el Centre de Recursos Pedag\u00f2gics del Montsi\u00e0<\/p>\n","protected":false},"author":1,"featured_media":8292,"comment_status":"open","ping_status":"open","sticky":false,"template":"","format":"standard","meta":{"_bbp_topic_count":0,"_bbp_reply_count":0,"_bbp_total_topic_count":0,"_bbp_total_reply_count":0,"_bbp_voice_count":0,"_bbp_anonymous_reply_count":0,"_bbp_topic_count_hidden":0,"_bbp_reply_count_hidden":0,"_bbp_forum_subforum_count":0,"site-sidebar-layout":"default","site-content-layout":"","ast-site-content-layout":"","site-content-style":"default","site-sidebar-style":"default","ast-global-header-display":"","ast-banner-title-visibility":"","ast-main-header-display":"","ast-hfb-above-header-display":"","ast-hfb-below-header-display":"","ast-hfb-mobile-header-display":"","site-post-title":"","ast-breadcrumbs-content":"","ast-featured-img":"","footer-sml-layout":"","theme-transparent-header-meta":"","adv-header-id-meta":"","stick-header-meta":"","header-above-stick-meta":"","header-main-stick-meta":"","header-below-stick-meta":"","astra-migrate-meta-layouts":"default","ast-page-background-enabled":"default","ast-page-background-meta":{"desktop":{"background-color":"var(--ast-global-color-4)","background-image":"","background-repeat":"repeat","background-position":"center center","background-size":"auto","background-attachment":"scroll","background-type":"","background-media":"","overlay-type":"","overlay-color":"","overlay-opacity":"","overlay-gradient":""},"tablet":{"background-color":"","background-image":"","background-repeat":"repeat","background-position":"center center","background-size":"auto","background-attachment":"scroll","background-type":"","background-media":"","overlay-type":"","overlay-color":"","overlay-opacity":"","overlay-gradient":""},"mobile":{"background-color":"","background-image":"","background-repeat":"repeat","background-position":"center center","background-size":"auto","background-attachment":"scroll","background-type":"","background-media":"","overlay-type":"","overlay-color":"","overlay-opacity":"","overlay-gradient":""}},"ast-content-background-meta":{"desktop":{"background-color":"var(--ast-global-color-5)","background-image":"","background-repeat":"repeat","background-position":"center center","background-size":"auto","background-attachment":"scroll","background-type":"","background-media":"","overlay-type":"","overlay-color":"","overlay-opacity":"","overlay-gradient":""},"tablet":{"background-color":"var(--ast-global-color-5)","background-image":"","background-repeat":"repeat","background-position":"center center","background-size":"auto","background-attachment":"scroll","background-type":"","background-media":"","overlay-type":"","overlay-color":"","overlay-opacity":"","overlay-gradient":""},"mobile":{"background-color":"var(--ast-global-color-5)","background-image":"","background-repeat":"repeat","background-position":"center center","background-size":"auto","background-attachment":"scroll","background-type":"","background-media":"","overlay-type":"","overlay-color":"","overlay-opacity":"","overlay-gradient":""}},"footnotes":""},"categories":[65,29],"tags":[],"class_list":["post-8286","post","type-post","status-publish","format-standard","has-post-thumbnail","hentry","category-crp","category-portada"],"post_mailing_queue_ids":[],"_links":{"self":[{"href":"https:\/\/serveiseducatius.xtec.cat\/montsia\/wp-json\/wp\/v2\/posts\/8286","targetHints":{"allow":["GET"]}}],"collection":[{"href":"https:\/\/serveiseducatius.xtec.cat\/montsia\/wp-json\/wp\/v2\/posts"}],"about":[{"href":"https:\/\/serveiseducatius.xtec.cat\/montsia\/wp-json\/wp\/v2\/types\/post"}],"author":[{"embeddable":true,"href":"https:\/\/serveiseducatius.xtec.cat\/montsia\/wp-json\/wp\/v2\/users\/1"}],"replies":[{"embeddable":true,"href":"https:\/\/serveiseducatius.xtec.cat\/montsia\/wp-json\/wp\/v2\/comments?post=8286"}],"version-history":[{"count":3,"href":"https:\/\/serveiseducatius.xtec.cat\/montsia\/wp-json\/wp\/v2\/posts\/8286\/revisions"}],"predecessor-version":[{"id":8293,"href":"https:\/\/serveiseducatius.xtec.cat\/montsia\/wp-json\/wp\/v2\/posts\/8286\/revisions\/8293"}],"wp:featuredmedia":[{"embeddable":true,"href":"https:\/\/serveiseducatius.xtec.cat\/montsia\/wp-json\/wp\/v2\/media\/8292"}],"wp:attachment":[{"href":"https:\/\/serveiseducatius.xtec.cat\/montsia\/wp-json\/wp\/v2\/media?parent=8286"}],"wp:term":[{"taxonomy":"category","embeddable":true,"href":"https:\/\/serveiseducatius.xtec.cat\/montsia\/wp-json\/wp\/v2\/categories?post=8286"},{"taxonomy":"post_tag","embeddable":true,"href":"https:\/\/serveiseducatius.xtec.cat\/montsia\/wp-json\/wp\/v2\/tags?post=8286"}],"curies":[{"name":"wp","href":"https:\/\/api.w.org\/{rel}","templated":true}]}}