{"id":17163,"date":"2026-09-04T13:52:28","date_gmt":"2026-09-04T11:52:28","guid":{"rendered":"https:\/\/serveiseducatius.xtec.cat\/montsia\/?p=17163"},"modified":"2026-09-04T13:57:14","modified_gmt":"2026-09-04T11:57:14","slug":"pla-de-formacio-de-zona-curs-2026-2027","status":"publish","type":"post","link":"https:\/\/serveiseducatius.xtec.cat\/montsia\/general\/pla-de-formacio-de-zona-curs-2026-2027\/","title":{"rendered":"Pla de formaci\u00f3 de zona curs 2026-2027"},"content":{"rendered":"\n<p class=\"has-text-align-center\"><img loading=\"lazy\" decoding=\"async\" width=\"150\" height=\"105\" class=\"wp-image-13516\" style=\"width: 150px;\" src=\"https:\/\/serveiseducatius.xtec.cat\/montsia\/wp-content\/uploads\/usu1125\/2022\/09\/PFZ-22-23.png\" alt=\"\" srcset=\"https:\/\/serveiseducatius.xtec.cat\/montsia\/wp-content\/uploads\/usu1125\/2022\/09\/PFZ-22-23.png 443w, https:\/\/serveiseducatius.xtec.cat\/montsia\/wp-content\/uploads\/usu1125\/2022\/09\/PFZ-22-23-300x211.png 300w\" sizes=\"auto, (max-width: 150px) 100vw, 150px\" \/><\/p>\n\n\n\n<p>El per\u00edode d\u2019inscripci\u00f3 de l\u2019oferta formativa del Departament d\u2019Educaci\u00f3 per aquest curs 2026-2027 romandr\u00e0 obert del <strong>4 al 20 de setembre<\/strong>.<br>En aquest&nbsp;<a href=\"https:\/\/xtec.gencat.cat\/ca\/formacio\/info-general\/\">enlla\u00e7<\/a> trobareu les condicions generals d\u2019inscripci\u00f3.<br>A trav\u00e9s dels seg\u00fcents enlla\u00e7os accedireu a:<\/p>\n\n\n\n<ul class=\"wp-block-list\">\n<li><a href=\"https:\/\/serveiseducatius.xtec.cat\/montsia\/formacio\/activitats-de-formacio-dambit-pfz-montsia-en-periode-dinscripcio\/\" data-type=\"link\" data-id=\"https:\/\/serveiseducatius.xtec.cat\/montsia\/formacio\/activitats-de-formacio-dambit-pfz-montsia-en-periode-dinscripcio\/\">Oferta formativa del SE del Montsi\u00e0<\/a><\/li>\n\n\n\n<li><a href=\"https:\/\/serveiseducatius.xtec.cat\/montsia\/formacio\/formacio-dambit-territorial-terres-de-lebre\/\" data-type=\"link\" data-id=\"https:\/\/serveiseducatius.xtec.cat\/montsia\/formacio\/formacio-dambit-territorial-terres-de-lebre\/\">Oferta formativa del Servei Territorial de Terres de l&#8217;Ebre<\/a><\/li>\n\n\n\n<li><a href=\"https:\/\/xtec.gencat.cat\/ca\/formacio\/formaciogeneralprofessorat\/\">Oferta formativa del Departament d\u2019Educaci\u00f3<\/a><\/li>\n<\/ul>\n\n\n\n<p>La&nbsp;<strong>consulta d\u2019assignacions<\/strong> es podr\u00e0 fer a partir del dia<strong> 6 d\u2019octubre<\/strong> de 2026 a la p\u00e0gina de consulta de <a href=\"http:\/\/xtec.gencat.cat\/ca\/formacio\/la-meva-formacio\/les-meves-activitats\/\"><strong>les meves activitats<\/strong><\/a>.<\/p>\n","protected":false},"excerpt":{"rendered":"<p>El per\u00edode d\u2019inscripci\u00f3 de l\u2019oferta formativa del Departament d\u2019Educaci\u00f3 per aquest curs 2026-2027 romandr\u00e0 obert del 4 al 20 de [&hellip;]<\/p>\n","protected":false},"author":1,"featured_media":13516,"comment_status":"closed","ping_status":"open","sticky":false,"template":"","format":"standard","meta":{"_bbp_topic_count":0,"_bbp_reply_count":0,"_bbp_total_topic_count":0,"_bbp_total_reply_count":0,"_bbp_voice_count":0,"_bbp_anonymous_reply_count":0,"_bbp_topic_count_hidden":0,"_bbp_reply_count_hidden":0,"_bbp_forum_subforum_count":0,"site-sidebar-layout":"default","site-content-layout":"","ast-site-content-layout":"default","site-content-style":"default","site-sidebar-style":"default","ast-global-header-display":"","ast-banner-title-visibility":"","ast-main-header-display":"","ast-hfb-above-header-display":"","ast-hfb-below-header-display":"","ast-hfb-mobile-header-display":"","site-post-title":"","ast-breadcrumbs-content":"","ast-featured-img":"","footer-sml-layout":"","theme-transparent-header-meta":"","adv-header-id-meta":"","stick-header-meta":"","header-above-stick-meta":"","header-main-stick-meta":"","header-below-stick-meta":"","astra-migrate-meta-layouts":"set","ast-page-background-enabled":"default","ast-page-background-meta":{"desktop":{"background-color":"var(--ast-global-color-4)","background-image":"","background-repeat":"repeat","background-position":"center center","background-size":"auto","background-attachment":"scroll","background-type":"","background-media":"","overlay-type":"","overlay-color":"","overlay-opacity":"","overlay-gradient":""},"tablet":{"background-color":"","background-image":"","background-repeat":"repeat","background-position":"center center","background-size":"auto","background-attachment":"scroll","background-type":"","background-media":"","overlay-type":"","overlay-color":"","overlay-opacity":"","overlay-gradient":""},"mobile":{"background-color":"","background-image":"","background-repeat":"repeat","background-position":"center center","background-size":"auto","background-attachment":"scroll","background-type":"","background-media":"","overlay-type":"","overlay-color":"","overlay-opacity":"","overlay-gradient":""}},"ast-content-background-meta":{"desktop":{"background-color":"var(--ast-global-color-5)","background-image":"","background-repeat":"repeat","background-position":"center center","background-size":"auto","background-attachment":"scroll","background-type":"","background-media":"","overlay-type":"","overlay-color":"","overlay-opacity":"","overlay-gradient":""},"tablet":{"background-color":"var(--ast-global-color-5)","background-image":"","background-repeat":"repeat","background-position":"center center","background-size":"auto","background-attachment":"scroll","background-type":"","background-media":"","overlay-type":"","overlay-color":"","overlay-opacity":"","overlay-gradient":""},"mobile":{"background-color":"var(--ast-global-color-5)","background-image":"","background-repeat":"repeat","background-position":"center center","background-size":"auto","background-attachment":"scroll","background-type":"","background-media":"","overlay-type":"","overlay-color":"","overlay-opacity":"","overlay-gradient":""}},"footnotes":""},"categories":[154,1,29],"tags":[],"class_list":["post-17163","post","type-post","status-publish","format-standard","has-post-thumbnail","hentry","category-formacio","category-general","category-portada"],"post_mailing_queue_ids":[],"_links":{"self":[{"href":"https:\/\/serveiseducatius.xtec.cat\/montsia\/wp-json\/wp\/v2\/posts\/17163","targetHints":{"allow":["GET"]}}],"collection":[{"href":"https:\/\/serveiseducatius.xtec.cat\/montsia\/wp-json\/wp\/v2\/posts"}],"about":[{"href":"https:\/\/serveiseducatius.xtec.cat\/montsia\/wp-json\/wp\/v2\/types\/post"}],"author":[{"embeddable":true,"href":"https:\/\/serveiseducatius.xtec.cat\/montsia\/wp-json\/wp\/v2\/users\/1"}],"replies":[{"embeddable":true,"href":"https:\/\/serveiseducatius.xtec.cat\/montsia\/wp-json\/wp\/v2\/comments?post=17163"}],"version-history":[{"count":2,"href":"https:\/\/serveiseducatius.xtec.cat\/montsia\/wp-json\/wp\/v2\/posts\/17163\/revisions"}],"predecessor-version":[{"id":17166,"href":"https:\/\/serveiseducatius.xtec.cat\/montsia\/wp-json\/wp\/v2\/posts\/17163\/revisions\/17166"}],"wp:featuredmedia":[{"embeddable":true,"href":"https:\/\/serveiseducatius.xtec.cat\/montsia\/wp-json\/wp\/v2\/media\/13516"}],"wp:attachment":[{"href":"https:\/\/serveiseducatius.xtec.cat\/montsia\/wp-json\/wp\/v2\/media?parent=17163"}],"wp:term":[{"taxonomy":"category","embeddable":true,"href":"https:\/\/serveiseducatius.xtec.cat\/montsia\/wp-json\/wp\/v2\/categories?post=17163"},{"taxonomy":"post_tag","embeddable":true,"href":"https:\/\/serveiseducatius.xtec.cat\/montsia\/wp-json\/wp\/v2\/tags?post=17163"}],"curies":[{"name":"wp","href":"https:\/\/api.w.org\/{rel}","templated":true}]}}