{"id":16087,"date":"2025-04-08T17:41:09","date_gmt":"2025-04-08T15:41:09","guid":{"rendered":"https:\/\/serveiseducatius.xtec.cat\/montsia\/?p=16087"},"modified":"2025-04-01T09:09:19","modified_gmt":"2025-04-01T07:09:19","slug":"que-en-sabem-de-la-comunicacio-no-violenta","status":"publish","type":"post","link":"https:\/\/serveiseducatius.xtec.cat\/montsia\/general\/que-en-sabem-de-la-comunicacio-no-violenta\/","title":{"rendered":"Qu\u00e8 en sabem de la Comunicaci\u00f3 No Violenta?"},"content":{"rendered":"\n<figure class=\"wp-block-image aligncenter size-full is-resized\"><a href=\"https:\/\/serveiseducatius.xtec.cat\/montsia\/wp-content\/uploads\/usu1125\/2025\/02\/CNVstartthechange.jpg\"><img loading=\"lazy\" decoding=\"async\" width=\"825\" height=\"437\" src=\"https:\/\/serveiseducatius.xtec.cat\/montsia\/wp-content\/uploads\/usu1125\/2025\/02\/CNVstartthechange.jpg\" alt=\"\" class=\"wp-image-16088\" style=\"width:589px;height:auto\" srcset=\"https:\/\/serveiseducatius.xtec.cat\/montsia\/wp-content\/uploads\/usu1125\/2025\/02\/CNVstartthechange.jpg 825w, https:\/\/serveiseducatius.xtec.cat\/montsia\/wp-content\/uploads\/usu1125\/2025\/02\/CNVstartthechange-300x159.jpg 300w, https:\/\/serveiseducatius.xtec.cat\/montsia\/wp-content\/uploads\/usu1125\/2025\/02\/CNVstartthechange-768x407.jpg 768w\" sizes=\"auto, (max-width: 825px) 100vw, 825px\" \/><\/a><\/figure>\n\n\n\n<p>La <strong>Comunicaci\u00f3 No Violenta<\/strong> \u00e9s una manera de comunicar-se amb les altres persones de manera emp\u00e0tica, assertiva i sense expressar judicis, amb l\u2019objectiu de resoldre conflictes i promoure relacions sanes. Se centra en tres aspectes de la comunicaci\u00f3: l&#8217;empatia personal, l&#8217;empatia, i l&#8217;expressi\u00f3 honesta.<\/p>\n\n\n\n<p>A continuaci\u00f3 us oferim un dossier amb <strong>estrat\u00e8gies i orientacions<\/strong>&nbsp;\u00fatils per impulsar la Comunicaci\u00f3 no Violenta a l\u2019aula.<\/p>\n\n\n\n<p><a href=\"https:\/\/drive.google.com\/file\/d\/1hrB8X0_VyzCz77waamay4PWtmiBPSTXD\/view?usp=drive_link\">Dossier_Comunicaci\u00f3 no violenta<\/a>, a c\u00e0rrec de Carme Pujol Serrano.<\/p>\n","protected":false},"excerpt":{"rendered":"<p>La Comunicaci\u00f3 No Violenta \u00e9s una manera de comunicar-se amb les altres persones de manera emp\u00e0tica, assertiva i sense expressar [&hellip;]<\/p>\n","protected":false},"author":59,"featured_media":16088,"comment_status":"closed","ping_status":"open","sticky":false,"template":"","format":"standard","meta":{"_bbp_topic_count":0,"_bbp_reply_count":0,"_bbp_total_topic_count":0,"_bbp_total_reply_count":0,"_bbp_voice_count":0,"_bbp_anonymous_reply_count":0,"_bbp_topic_count_hidden":0,"_bbp_reply_count_hidden":0,"_bbp_forum_subforum_count":0,"site-sidebar-layout":"default","site-content-layout":"","ast-site-content-layout":"default","site-content-style":"default","site-sidebar-style":"default","ast-global-header-display":"","ast-banner-title-visibility":"","ast-main-header-display":"","ast-hfb-above-header-display":"","ast-hfb-below-header-display":"","ast-hfb-mobile-header-display":"","site-post-title":"","ast-breadcrumbs-content":"","ast-featured-img":"","footer-sml-layout":"","theme-transparent-header-meta":"","adv-header-id-meta":"","stick-header-meta":"","header-above-stick-meta":"","header-main-stick-meta":"","header-below-stick-meta":"","astra-migrate-meta-layouts":"set","ast-page-background-enabled":"default","ast-page-background-meta":{"desktop":{"background-color":"var(--ast-global-color-4)","background-image":"","background-repeat":"repeat","background-position":"center center","background-size":"auto","background-attachment":"scroll","background-type":"","background-media":"","overlay-type":"","overlay-color":"","overlay-opacity":"","overlay-gradient":""},"tablet":{"background-color":"","background-image":"","background-repeat":"repeat","background-position":"center center","background-size":"auto","background-attachment":"scroll","background-type":"","background-media":"","overlay-type":"","overlay-color":"","overlay-opacity":"","overlay-gradient":""},"mobile":{"background-color":"","background-image":"","background-repeat":"repeat","background-position":"center center","background-size":"auto","background-attachment":"scroll","background-type":"","background-media":"","overlay-type":"","overlay-color":"","overlay-opacity":"","overlay-gradient":""}},"ast-content-background-meta":{"desktop":{"background-color":"var(--ast-global-color-5)","background-image":"","background-repeat":"repeat","background-position":"center center","background-size":"auto","background-attachment":"scroll","background-type":"","background-media":"","overlay-type":"","overlay-color":"","overlay-opacity":"","overlay-gradient":""},"tablet":{"background-color":"var(--ast-global-color-5)","background-image":"","background-repeat":"repeat","background-position":"center center","background-size":"auto","background-attachment":"scroll","background-type":"","background-media":"","overlay-type":"","overlay-color":"","overlay-opacity":"","overlay-gradient":""},"mobile":{"background-color":"var(--ast-global-color-5)","background-image":"","background-repeat":"repeat","background-position":"center center","background-size":"auto","background-attachment":"scroll","background-type":"","background-media":"","overlay-type":"","overlay-color":"","overlay-opacity":"","overlay-gradient":""}},"footnotes":""},"categories":[1,296,29],"tags":[388,424],"class_list":["post-16087","post","type-post","status-publish","format-standard","has-post-thumbnail","hentry","category-general","category-materials-de-referencia","category-portada","tag-benestar-emocional","tag-comunicacio-no-violenta"],"post_mailing_queue_ids":[],"_links":{"self":[{"href":"https:\/\/serveiseducatius.xtec.cat\/montsia\/wp-json\/wp\/v2\/posts\/16087","targetHints":{"allow":["GET"]}}],"collection":[{"href":"https:\/\/serveiseducatius.xtec.cat\/montsia\/wp-json\/wp\/v2\/posts"}],"about":[{"href":"https:\/\/serveiseducatius.xtec.cat\/montsia\/wp-json\/wp\/v2\/types\/post"}],"author":[{"embeddable":true,"href":"https:\/\/serveiseducatius.xtec.cat\/montsia\/wp-json\/wp\/v2\/users\/59"}],"replies":[{"embeddable":true,"href":"https:\/\/serveiseducatius.xtec.cat\/montsia\/wp-json\/wp\/v2\/comments?post=16087"}],"version-history":[{"count":2,"href":"https:\/\/serveiseducatius.xtec.cat\/montsia\/wp-json\/wp\/v2\/posts\/16087\/revisions"}],"predecessor-version":[{"id":16368,"href":"https:\/\/serveiseducatius.xtec.cat\/montsia\/wp-json\/wp\/v2\/posts\/16087\/revisions\/16368"}],"wp:featuredmedia":[{"embeddable":true,"href":"https:\/\/serveiseducatius.xtec.cat\/montsia\/wp-json\/wp\/v2\/media\/16088"}],"wp:attachment":[{"href":"https:\/\/serveiseducatius.xtec.cat\/montsia\/wp-json\/wp\/v2\/media?parent=16087"}],"wp:term":[{"taxonomy":"category","embeddable":true,"href":"https:\/\/serveiseducatius.xtec.cat\/montsia\/wp-json\/wp\/v2\/categories?post=16087"},{"taxonomy":"post_tag","embeddable":true,"href":"https:\/\/serveiseducatius.xtec.cat\/montsia\/wp-json\/wp\/v2\/tags?post=16087"}],"curies":[{"name":"wp","href":"https:\/\/api.w.org\/{rel}","templated":true}]}}