{"id":16033,"date":"2025-01-11T17:10:00","date_gmt":"2025-01-11T16:10:00","guid":{"rendered":"https:\/\/serveiseducatius.xtec.cat\/montsia\/?p=16033"},"modified":"2025-02-18T17:13:43","modified_gmt":"2025-02-18T16:13:43","slug":"espai-nodes-per-a-lalumnat-dorigen-estranger","status":"publish","type":"post","link":"https:\/\/serveiseducatius.xtec.cat\/montsia\/general\/espai-nodes-per-a-lalumnat-dorigen-estranger\/","title":{"rendered":"Espai Nodes per a l&#8217;Alumnat d&#8217;origen estranger"},"content":{"rendered":"\n<figure class=\"wp-block-image aligncenter size-full\"><a href=\"https:\/\/serveiseducatius.xtec.cat\/montsia\/wp-content\/uploads\/usu1125\/2025\/02\/logo_acollida.png\"><img loading=\"lazy\" decoding=\"async\" width=\"316\" height=\"221\" src=\"https:\/\/serveiseducatius.xtec.cat\/montsia\/wp-content\/uploads\/usu1125\/2025\/02\/logo_acollida.png\" alt=\"\" class=\"wp-image-16034\" srcset=\"https:\/\/serveiseducatius.xtec.cat\/montsia\/wp-content\/uploads\/usu1125\/2025\/02\/logo_acollida.png 316w, https:\/\/serveiseducatius.xtec.cat\/montsia\/wp-content\/uploads\/usu1125\/2025\/02\/logo_acollida-300x210.png 300w\" sizes=\"auto, (max-width: 316px) 100vw, 316px\" \/><\/a><\/figure>\n\n\n\n<p>Des del 2000 fins a l\u2019actualitat, els centres educatius catalans han viscut un augment significatiu pel que fa a la incorporaci\u00f3 d\u2019alumnat de proced\u00e8ncia estrangera: el curs 2018-2019 l\u2019alumnat de nacionalitat estrangera representava un 13,7% del total de l\u2019alumnat.<\/p>\n\n\n\n<p>En parlar de les mesures i dels suports adre\u00e7ats a l\u2019alumnat d\u2019origen estranger, cal distingir, en primer lloc, entre els alumnes nouvinguts i els que fa m\u00e9s temps que s\u2019han incorporat al sistema educatiu a Catalunya, per\u00f2 que encara necessiten ajuts complementaris.<\/p>\n\n\n\n<p>L\u2019atenci\u00f3 a l\u2019alumnat d\u2019origen estranger s\u2019articula en un itinerari que comen\u00e7a amb l\u2019acollida inicial, continua amb l\u2019aula d\u2019acollida i, un cop assolida la compet\u00e8ncia comunicativa conversacional, s\u2019ha d\u2019implementar amb suports a l\u2019aula ordin\u00e0ria, de manera que es garanteixi l\u2019\u00e8xit educatiu de tot l\u2019alumnat.<\/p>\n\n\n\n<p>Per tant, els centres educatius han de preveure l\u2019atenci\u00f3 personalitzada a l\u2019alumnat d\u2019origen estranger i, en particular, l\u2019atenci\u00f3 ling\u00fc\u00edstica que li permeti iniciar o continuar el proc\u00e9s d\u2019aprenentatge de les dues lleng\u00fces oficials. En el projecte educatiu del centre i en els documents que el desenvolupen i concreten, s\u2019hi ha de recollir quina \u00e9s l\u2019atenci\u00f3 espec\u00edfica que ha de rebre aquest alumnat per tal d\u2019incorporar-lo activament, al m\u00e9s aviat possible, a la din\u00e0mica ordin\u00e0ria del centre. Es tracta de construir centres educatius inclusius, en els quals es facin actuacions per aconseguir una educaci\u00f3 que garanteixi la igualtat d\u2019oportunitats.<\/p>\n\n\n\n<p>El projecte d\u2019<em><strong>Alumnat d\u2019origen estranger<\/strong><\/em> est\u00e0 ubicat a l&#8217;adre\u00e7a <a href=\"https:\/\/projectes.xtec.cat\/acollidasuport\/\">https:\/\/projectes.xtec.cat\/acollidasuport\/<\/a> i tamb\u00e9 disposa d&#8217;un espai propi a la <a href=\"http:\/\/xtec.gencat.cat\/ca\/projectes\/alumnat-origen-estranger\/\">XTEC<\/a>, per\u00f2 s\u2019ha obert aquest espai NODES amb la finalitat d\u2019afavorir l\u2019intercanvi d\u2019informaci\u00f3 rellevant, compartir nous materials i bones pr\u00e0ctiques, ser el punt de trobada entre docents d\u2019arreu de Catalunya, entre altres coses. Us animem a fer una visita per les seves seccions:<\/p>\n\n\n\n<ul class=\"wp-block-list\">\n<li><strong><a href=\"https:\/\/projectes.xtec.cat\/acollidasuport\/categoria\/acollida\/\">ACOLLIDA<\/a>:<\/strong> hi podeu trobar informaci\u00f3 i instruments relacionats amb l\u2019acollida inicial de l\u2019alumnat nouvingut<\/li>\n\n\n\n<li><strong><a href=\"https:\/\/projectes.xtec.cat\/acollidasuport\/categoria\/catala-basic\/\">CATAL\u00c0 B\u00c0SIC<\/a>:<\/strong> principalment es volen compartir recursos per a l\u2019aprenentatge inicial de la llengua catalana, aix\u00ed com tamb\u00e9 orientacions per facilitar el proc\u00e9s d\u2019adquisici\u00f3 de la llengua<\/li>\n\n\n\n<li><strong><a href=\"https:\/\/projectes.xtec.cat\/acollidasuport\/categoria\/suport-aprenentatge\/\">SUPORT A L\u2019APRENENTATGE<\/a>:<\/strong> docents d\u2019\u00e0mbits ling\u00fc\u00edstics com no ling\u00fc\u00edstics podeu trobar-hi recursos i orientacions per millorar l\u2019\u00e8xit escolar, social i personal de l\u2019alumnat d\u2019origen estranger a partir de la personalitzaci\u00f3 dels aprenentatges.<\/li>\n\n\n\n<li><strong><a href=\"https:\/\/projectes.xtec.cat\/acollidasuport\/formacio\/\">FORMACI\u00d3<\/a>:<\/strong> en aquest espai trobar l\u2019oferta formativa del Departament d\u2019Educaci\u00f3 relacionada amb l\u2019atenci\u00f3 a l\u2019alumnat d\u2019origen estranger. Encara que el per\u00edode d\u2019inscripci\u00f3 estigui tancat, podeu accedir al material de formaci\u00f3 dels cursos.<\/li>\n<\/ul>\n","protected":false},"excerpt":{"rendered":"<p>Des del 2000 fins a l\u2019actualitat, els centres educatius catalans han viscut un augment significatiu pel que fa a la [&hellip;]<\/p>\n","protected":false},"author":1,"featured_media":16034,"comment_status":"closed","ping_status":"open","sticky":false,"template":"","format":"standard","meta":{"_bbp_topic_count":0,"_bbp_reply_count":0,"_bbp_total_topic_count":0,"_bbp_total_reply_count":0,"_bbp_voice_count":0,"_bbp_anonymous_reply_count":0,"_bbp_topic_count_hidden":0,"_bbp_reply_count_hidden":0,"_bbp_forum_subforum_count":0,"site-sidebar-layout":"default","site-content-layout":"","ast-site-content-layout":"default","site-content-style":"default","site-sidebar-style":"default","ast-global-header-display":"","ast-banner-title-visibility":"","ast-main-header-display":"","ast-hfb-above-header-display":"","ast-hfb-below-header-display":"","ast-hfb-mobile-header-display":"","site-post-title":"","ast-breadcrumbs-content":"","ast-featured-img":"","footer-sml-layout":"","theme-transparent-header-meta":"","adv-header-id-meta":"","stick-header-meta":"","header-above-stick-meta":"","header-main-stick-meta":"","header-below-stick-meta":"","astra-migrate-meta-layouts":"set","ast-page-background-enabled":"default","ast-page-background-meta":{"desktop":{"background-color":"var(--ast-global-color-4)","background-image":"","background-repeat":"repeat","background-position":"center center","background-size":"auto","background-attachment":"scroll","background-type":"","background-media":"","overlay-type":"","overlay-color":"","overlay-opacity":"","overlay-gradient":""},"tablet":{"background-color":"","background-image":"","background-repeat":"repeat","background-position":"center center","background-size":"auto","background-attachment":"scroll","background-type":"","background-media":"","overlay-type":"","overlay-color":"","overlay-opacity":"","overlay-gradient":""},"mobile":{"background-color":"","background-image":"","background-repeat":"repeat","background-position":"center center","background-size":"auto","background-attachment":"scroll","background-type":"","background-media":"","overlay-type":"","overlay-color":"","overlay-opacity":"","overlay-gradient":""}},"ast-content-background-meta":{"desktop":{"background-color":"var(--ast-global-color-5)","background-image":"","background-repeat":"repeat","background-position":"center center","background-size":"auto","background-attachment":"scroll","background-type":"","background-media":"","overlay-type":"","overlay-color":"","overlay-opacity":"","overlay-gradient":""},"tablet":{"background-color":"var(--ast-global-color-5)","background-image":"","background-repeat":"repeat","background-position":"center center","background-size":"auto","background-attachment":"scroll","background-type":"","background-media":"","overlay-type":"","overlay-color":"","overlay-opacity":"","overlay-gradient":""},"mobile":{"background-color":"var(--ast-global-color-5)","background-image":"","background-repeat":"repeat","background-position":"center center","background-size":"auto","background-attachment":"scroll","background-type":"","background-media":"","overlay-type":"","overlay-color":"","overlay-opacity":"","overlay-gradient":""}},"footnotes":""},"categories":[1,421,29],"tags":[],"class_list":["post-16033","post","type-post","status-publish","format-standard","has-post-thumbnail","hentry","category-general","category-nouvinguts-i-acollida","category-portada"],"post_mailing_queue_ids":[],"_links":{"self":[{"href":"https:\/\/serveiseducatius.xtec.cat\/montsia\/wp-json\/wp\/v2\/posts\/16033","targetHints":{"allow":["GET"]}}],"collection":[{"href":"https:\/\/serveiseducatius.xtec.cat\/montsia\/wp-json\/wp\/v2\/posts"}],"about":[{"href":"https:\/\/serveiseducatius.xtec.cat\/montsia\/wp-json\/wp\/v2\/types\/post"}],"author":[{"embeddable":true,"href":"https:\/\/serveiseducatius.xtec.cat\/montsia\/wp-json\/wp\/v2\/users\/1"}],"replies":[{"embeddable":true,"href":"https:\/\/serveiseducatius.xtec.cat\/montsia\/wp-json\/wp\/v2\/comments?post=16033"}],"version-history":[{"count":1,"href":"https:\/\/serveiseducatius.xtec.cat\/montsia\/wp-json\/wp\/v2\/posts\/16033\/revisions"}],"predecessor-version":[{"id":16035,"href":"https:\/\/serveiseducatius.xtec.cat\/montsia\/wp-json\/wp\/v2\/posts\/16033\/revisions\/16035"}],"wp:featuredmedia":[{"embeddable":true,"href":"https:\/\/serveiseducatius.xtec.cat\/montsia\/wp-json\/wp\/v2\/media\/16034"}],"wp:attachment":[{"href":"https:\/\/serveiseducatius.xtec.cat\/montsia\/wp-json\/wp\/v2\/media?parent=16033"}],"wp:term":[{"taxonomy":"category","embeddable":true,"href":"https:\/\/serveiseducatius.xtec.cat\/montsia\/wp-json\/wp\/v2\/categories?post=16033"},{"taxonomy":"post_tag","embeddable":true,"href":"https:\/\/serveiseducatius.xtec.cat\/montsia\/wp-json\/wp\/v2\/tags?post=16033"}],"curies":[{"name":"wp","href":"https:\/\/api.w.org\/{rel}","templated":true}]}}