{"id":15781,"date":"2025-01-09T10:54:19","date_gmt":"2025-01-09T09:54:19","guid":{"rendered":"https:\/\/serveiseducatius.xtec.cat\/montsia\/?p=15781"},"modified":"2025-01-09T10:54:21","modified_gmt":"2025-01-09T09:54:21","slug":"convocatoria-del-xviii-premi-federico-mayor-zaragoza-curs-2024-2025","status":"publish","type":"post","link":"https:\/\/serveiseducatius.xtec.cat\/montsia\/general\/convocatoria-del-xviii-premi-federico-mayor-zaragoza-curs-2024-2025\/","title":{"rendered":"Convocat\u00f2ria del XVIII Premi Federico Mayor Zaragoza (Curs 2024-2025)"},"content":{"rendered":"\n<figure class=\"wp-block-image aligncenter size-full is-resized\"><a href=\"https:\/\/serveiseducatius.xtec.cat\/montsia\/wp-content\/uploads\/usu1125\/2025\/01\/xviii-premi-mayor-zaragoza.jpg\"><img loading=\"lazy\" decoding=\"async\" width=\"696\" height=\"431\" src=\"https:\/\/serveiseducatius.xtec.cat\/montsia\/wp-content\/uploads\/usu1125\/2025\/01\/xviii-premi-mayor-zaragoza.jpg\" alt=\"\" class=\"wp-image-15782\" style=\"width:434px;height:auto\" srcset=\"https:\/\/serveiseducatius.xtec.cat\/montsia\/wp-content\/uploads\/usu1125\/2025\/01\/xviii-premi-mayor-zaragoza.jpg 696w, https:\/\/serveiseducatius.xtec.cat\/montsia\/wp-content\/uploads\/usu1125\/2025\/01\/xviii-premi-mayor-zaragoza-300x186.jpg 300w\" sizes=\"auto, (max-width: 696px) 100vw, 696px\" \/><\/a><\/figure>\n\n\n\n<p>Ens complau anunciar la\u00a0<strong>convocat\u00f2ria del XVIII Premi Federico Mayor Zaragoza<\/strong>, oberta a la participaci\u00f3 de centres escolars, universitats, entitats, institucions i altres. Aquest any, amb m\u00e9s determinaci\u00f3 que mai, volem mantenir viu el llegat d\u2019un home que va dedicar la seva vida a la pau, la just\u00edcia i els drets humans.<\/p>\n\n\n\n<p>Amb gran tristesa, compartim que el passat&nbsp;<strong>19 de desembre<\/strong>&nbsp;ens va deixar&nbsp;<strong>Federico Mayor Zaragoza<\/strong>. La seva abs\u00e8ncia representa una gran p\u00e8rdua, per\u00f2 la seva visi\u00f3 i valors ens continuen guiant. Aquest premi, que porta el seu nom, \u00e9s un homenatge a la seva incansable tasca i comprom\u00eds amb un m\u00f3n millor.<\/p>\n\n\n\n<h3 class=\"wp-block-heading\">Objectiu del Premi 2024-2025<\/h3>\n\n\n\n<p>L\u2019edici\u00f3 d\u2019enguany vol&nbsp;<strong>sensibilitzar i promoure la reflexi\u00f3<\/strong>&nbsp;sobre la&nbsp;<strong>pau positiva<\/strong>, entenent-la com un horitz\u00f3 i un cam\u00ed diari cap a relacions respectuoses i cooperatives, i estructures socials m\u00e9s justes i equitatives.<\/p>\n\n\n\n<p><strong>Proposta:<\/strong>&nbsp;Crear un v\u00eddeo en equips d\u2019almenys 3 persones, amb una durada m\u00e0xima de&nbsp;<strong>2 minuts<\/strong>, sota el lema:<\/p>\n\n\n\n<h3 class=\"wp-block-heading\"><strong>LA PAU \u00c9S EL CAM\u00cd<\/strong><\/h3>\n\n\n\n<h3 class=\"wp-block-heading\">Premis<\/h3>\n\n\n\n<ul class=\"wp-block-list\">\n<li><strong>1r premi:<\/strong>\u00a0400 \u20ac<\/li>\n\n\n\n<li><strong>2n premi:<\/strong>\u00a0250 \u20ac<\/li>\n\n\n\n<li><strong>3r premi:<\/strong>\u00a0150 \u20ac<\/li>\n<\/ul>\n\n\n\n<h3 class=\"wp-block-heading\">Termini de participaci\u00f3<\/h3>\n\n\n\n<ul class=\"wp-block-list\">\n<li><strong>Inscripci\u00f3 i tramesa de v\u00eddeos:<\/strong>\u00a0del\u00a0<strong>15 de gener al 21 de mar\u00e7 de 2025<\/strong>.<\/li>\n<\/ul>\n\n\n\n<h3 class=\"wp-block-heading\">Bases i inscripcions<\/h3>\n\n\n\n<ul class=\"wp-block-list\">\n<li>Les bases del concurs estan disponibles al nostre web:\u00a0<a href=\"http:\/\/www.unescotortosa.cat\/\">www.unescotortosa.cat<\/a><\/li>\n\n\n\n<li>El formulari d\u2019inscripci\u00f3 es troba a la mateixa p\u00e0gina.<\/li>\n<\/ul>\n\n\n\n<p>Per a qualsevol consulta, podeu escriure\u2019ns a:&nbsp;<strong><a href=\"mailto:premifedericomayor@gmail.com\">premifedericomayor@gmail.com<\/a><\/strong><\/p>\n\n\n\n<h3 class=\"wp-block-heading\">Ajuda\u2019ns a fer difusi\u00f3!<\/h3>\n\n\n\n<p>Us animem a compartir aquesta iniciativa amb els centres de la vostra zona. Continuem construint un m\u00f3n m\u00e9s just i pac\u00edfic, tal com Federico Mayor Zaragoza sempre va defensar.<\/p>\n\n\n\n<p><strong>Gr\u00e0cies per la vostra col\u00b7laboraci\u00f3!<\/strong><\/p>\n","protected":false},"excerpt":{"rendered":"<p>Ens complau anunciar la\u00a0convocat\u00f2ria del XVIII Premi Federico Mayor Zaragoza, oberta a la participaci\u00f3 de centres escolars, universitats, entitats, institucions [&hellip;]<\/p>\n","protected":false},"author":1,"featured_media":15782,"comment_status":"closed","ping_status":"open","sticky":false,"template":"","format":"standard","meta":{"_bbp_topic_count":0,"_bbp_reply_count":0,"_bbp_total_topic_count":0,"_bbp_total_reply_count":0,"_bbp_voice_count":0,"_bbp_anonymous_reply_count":0,"_bbp_topic_count_hidden":0,"_bbp_reply_count_hidden":0,"_bbp_forum_subforum_count":0,"site-sidebar-layout":"default","site-content-layout":"","ast-site-content-layout":"default","site-content-style":"default","site-sidebar-style":"default","ast-global-header-display":"","ast-banner-title-visibility":"","ast-main-header-display":"","ast-hfb-above-header-display":"","ast-hfb-below-header-display":"","ast-hfb-mobile-header-display":"","site-post-title":"","ast-breadcrumbs-content":"","ast-featured-img":"","footer-sml-layout":"","theme-transparent-header-meta":"","adv-header-id-meta":"","stick-header-meta":"","header-above-stick-meta":"","header-main-stick-meta":"","header-below-stick-meta":"","astra-migrate-meta-layouts":"set","ast-page-background-enabled":"default","ast-page-background-meta":{"desktop":{"background-color":"var(--ast-global-color-4)","background-image":"","background-repeat":"repeat","background-position":"center center","background-size":"auto","background-attachment":"scroll","background-type":"","background-media":"","overlay-type":"","overlay-color":"","overlay-opacity":"","overlay-gradient":""},"tablet":{"background-color":"","background-image":"","background-repeat":"repeat","background-position":"center center","background-size":"auto","background-attachment":"scroll","background-type":"","background-media":"","overlay-type":"","overlay-color":"","overlay-opacity":"","overlay-gradient":""},"mobile":{"background-color":"","background-image":"","background-repeat":"repeat","background-position":"center center","background-size":"auto","background-attachment":"scroll","background-type":"","background-media":"","overlay-type":"","overlay-color":"","overlay-opacity":"","overlay-gradient":""}},"ast-content-background-meta":{"desktop":{"background-color":"var(--ast-global-color-5)","background-image":"","background-repeat":"repeat","background-position":"center center","background-size":"auto","background-attachment":"scroll","background-type":"","background-media":"","overlay-type":"","overlay-color":"","overlay-opacity":"","overlay-gradient":""},"tablet":{"background-color":"var(--ast-global-color-5)","background-image":"","background-repeat":"repeat","background-position":"center center","background-size":"auto","background-attachment":"scroll","background-type":"","background-media":"","overlay-type":"","overlay-color":"","overlay-opacity":"","overlay-gradient":""},"mobile":{"background-color":"var(--ast-global-color-5)","background-image":"","background-repeat":"repeat","background-position":"center center","background-size":"auto","background-attachment":"scroll","background-type":"","background-media":"","overlay-type":"","overlay-color":"","overlay-opacity":"","overlay-gradient":""}},"footnotes":""},"categories":[1,29,305],"tags":[],"class_list":["post-15781","post","type-post","status-publish","format-standard","has-post-thumbnail","hentry","category-general","category-portada","category-premis-i-concursos"],"post_mailing_queue_ids":[],"_links":{"self":[{"href":"https:\/\/serveiseducatius.xtec.cat\/montsia\/wp-json\/wp\/v2\/posts\/15781","targetHints":{"allow":["GET"]}}],"collection":[{"href":"https:\/\/serveiseducatius.xtec.cat\/montsia\/wp-json\/wp\/v2\/posts"}],"about":[{"href":"https:\/\/serveiseducatius.xtec.cat\/montsia\/wp-json\/wp\/v2\/types\/post"}],"author":[{"embeddable":true,"href":"https:\/\/serveiseducatius.xtec.cat\/montsia\/wp-json\/wp\/v2\/users\/1"}],"replies":[{"embeddable":true,"href":"https:\/\/serveiseducatius.xtec.cat\/montsia\/wp-json\/wp\/v2\/comments?post=15781"}],"version-history":[{"count":1,"href":"https:\/\/serveiseducatius.xtec.cat\/montsia\/wp-json\/wp\/v2\/posts\/15781\/revisions"}],"predecessor-version":[{"id":15783,"href":"https:\/\/serveiseducatius.xtec.cat\/montsia\/wp-json\/wp\/v2\/posts\/15781\/revisions\/15783"}],"wp:featuredmedia":[{"embeddable":true,"href":"https:\/\/serveiseducatius.xtec.cat\/montsia\/wp-json\/wp\/v2\/media\/15782"}],"wp:attachment":[{"href":"https:\/\/serveiseducatius.xtec.cat\/montsia\/wp-json\/wp\/v2\/media?parent=15781"}],"wp:term":[{"taxonomy":"category","embeddable":true,"href":"https:\/\/serveiseducatius.xtec.cat\/montsia\/wp-json\/wp\/v2\/categories?post=15781"},{"taxonomy":"post_tag","embeddable":true,"href":"https:\/\/serveiseducatius.xtec.cat\/montsia\/wp-json\/wp\/v2\/tags?post=15781"}],"curies":[{"name":"wp","href":"https:\/\/api.w.org\/{rel}","templated":true}]}}