{"id":15080,"date":"2024-05-07T11:27:00","date_gmt":"2024-05-07T09:27:00","guid":{"rendered":"https:\/\/serveiseducatius.xtec.cat\/montsia\/?p=15080"},"modified":"2024-11-07T11:31:38","modified_gmt":"2024-11-07T10:31:38","slug":"higiene-de-mans-2024","status":"publish","type":"post","link":"https:\/\/serveiseducatius.xtec.cat\/montsia\/general\/higiene-de-mans-2024\/","title":{"rendered":"Higiene de mans 2024"},"content":{"rendered":"\n<figure class=\"wp-block-image aligncenter size-large is-resized\"><a href=\"https:\/\/serveiseducatius.xtec.cat\/montsia\/wp-content\/uploads\/usu1125\/2024\/11\/higiene-6.png\"><img loading=\"lazy\" decoding=\"async\" width=\"1024\" height=\"429\" src=\"https:\/\/serveiseducatius.xtec.cat\/montsia\/wp-content\/uploads\/usu1125\/2024\/11\/higiene-6-1024x429.png\" alt=\"\" class=\"wp-image-15081\" style=\"width:573px;height:auto\" srcset=\"https:\/\/serveiseducatius.xtec.cat\/montsia\/wp-content\/uploads\/usu1125\/2024\/11\/higiene-6-1024x429.png 1024w, https:\/\/serveiseducatius.xtec.cat\/montsia\/wp-content\/uploads\/usu1125\/2024\/11\/higiene-6-300x126.png 300w, https:\/\/serveiseducatius.xtec.cat\/montsia\/wp-content\/uploads\/usu1125\/2024\/11\/higiene-6-768x321.png 768w, https:\/\/serveiseducatius.xtec.cat\/montsia\/wp-content\/uploads\/usu1125\/2024\/11\/higiene-6.png 1185w\" sizes=\"auto, (max-width: 1024px) 100vw, 1024px\" \/><\/a><\/figure>\n\n\n\n<p>Una bona higiene de mans \u00e9s la mesura m\u00e9s senzilla, econ\u00f2mica i efica\u00e7 per a prevenir la transmissi\u00f3 d&#8217;infeccions. Aquest gest tan simple cobra una especial rellev\u00e0ncia amb motiu de la celebraci\u00f3 del Dia Mundial de la Higiene de Mans.<\/p>\n\n\n\n<p>Un any m\u00e9s, el Grup d&#8217;Higiene de Mans de l&#8217;Hospital de Tortosa Verge de la Cinta, en col\u00b7laboraci\u00f3 amb els Serveis Territorials d&#8217;Educaci\u00f3 i Salut a les Terres de l&#8217;Ebre, han organitzat un taller interactiu i han promogut creacions art\u00edstiques col\u00b7lectives adre\u00e7ades als infants de primer curs de les escoles de prim\u00e0ria. El passat dia 6 de maig, va tenir lloc al Casal C\u00edvic Ruiz Salgado d&#8217;Amposta, l&#8217;acte de lliurament d&#8217;obsequis als xiquets i xiquetes de les escoles participants de la comarca del Montsi\u00e0.<\/p>\n\n\n\n<p>Aquest any han estat dotze les escoles participants des de la nostra comarca.  En aquest enlla\u00e7 us adjuntem alguns dels dibuixos participants: <a href=\"https:\/\/drive.google.com\/drive\/u\/1\/folders\/1DxknRiw6y8aDqmqToZBGk3UYpDepLm4t\">https:\/\/drive.google.com\/drive\/u\/1\/folders\/1DxknRiw6y8aDqmqToZBGk3UYpDepLm4t<\/a><\/p>\n\n\n\n<p><\/p>\n","protected":false},"excerpt":{"rendered":"<p>Una bona higiene de mans \u00e9s la mesura m\u00e9s senzilla, econ\u00f2mica i efica\u00e7 per a prevenir la transmissi\u00f3 d&#8217;infeccions. Aquest [&hellip;]<\/p>\n","protected":false},"author":131,"featured_media":15081,"comment_status":"closed","ping_status":"open","sticky":false,"template":"","format":"standard","meta":{"_bbp_topic_count":0,"_bbp_reply_count":0,"_bbp_total_topic_count":0,"_bbp_total_reply_count":0,"_bbp_voice_count":0,"_bbp_anonymous_reply_count":0,"_bbp_topic_count_hidden":0,"_bbp_reply_count_hidden":0,"_bbp_forum_subforum_count":0,"site-sidebar-layout":"default","site-content-layout":"","ast-site-content-layout":"","site-content-style":"default","site-sidebar-style":"default","ast-global-header-display":"","ast-banner-title-visibility":"","ast-main-header-display":"","ast-hfb-above-header-display":"","ast-hfb-below-header-display":"","ast-hfb-mobile-header-display":"","site-post-title":"","ast-breadcrumbs-content":"","ast-featured-img":"","footer-sml-layout":"","theme-transparent-header-meta":"","adv-header-id-meta":"","stick-header-meta":"","header-above-stick-meta":"","header-main-stick-meta":"","header-below-stick-meta":"","astra-migrate-meta-layouts":"default","ast-page-background-enabled":"default","ast-page-background-meta":{"desktop":{"background-color":"var(--ast-global-color-4)","background-image":"","background-repeat":"repeat","background-position":"center center","background-size":"auto","background-attachment":"scroll","background-type":"","background-media":"","overlay-type":"","overlay-color":"","overlay-opacity":"","overlay-gradient":""},"tablet":{"background-color":"","background-image":"","background-repeat":"repeat","background-position":"center center","background-size":"auto","background-attachment":"scroll","background-type":"","background-media":"","overlay-type":"","overlay-color":"","overlay-opacity":"","overlay-gradient":""},"mobile":{"background-color":"","background-image":"","background-repeat":"repeat","background-position":"center center","background-size":"auto","background-attachment":"scroll","background-type":"","background-media":"","overlay-type":"","overlay-color":"","overlay-opacity":"","overlay-gradient":""}},"ast-content-background-meta":{"desktop":{"background-color":"var(--ast-global-color-5)","background-image":"","background-repeat":"repeat","background-position":"center center","background-size":"auto","background-attachment":"scroll","background-type":"","background-media":"","overlay-type":"","overlay-color":"","overlay-opacity":"","overlay-gradient":""},"tablet":{"background-color":"var(--ast-global-color-5)","background-image":"","background-repeat":"repeat","background-position":"center center","background-size":"auto","background-attachment":"scroll","background-type":"","background-media":"","overlay-type":"","overlay-color":"","overlay-opacity":"","overlay-gradient":""},"mobile":{"background-color":"var(--ast-global-color-5)","background-image":"","background-repeat":"repeat","background-position":"center center","background-size":"auto","background-attachment":"scroll","background-type":"","background-media":"","overlay-type":"","overlay-color":"","overlay-opacity":"","overlay-gradient":""}},"footnotes":""},"categories":[1,396,29],"tags":[],"class_list":["post-15080","post","type-post","status-publish","format-standard","has-post-thumbnail","hentry","category-general","category-higiene-de-mans","category-portada"],"post_mailing_queue_ids":[],"_links":{"self":[{"href":"https:\/\/serveiseducatius.xtec.cat\/montsia\/wp-json\/wp\/v2\/posts\/15080","targetHints":{"allow":["GET"]}}],"collection":[{"href":"https:\/\/serveiseducatius.xtec.cat\/montsia\/wp-json\/wp\/v2\/posts"}],"about":[{"href":"https:\/\/serveiseducatius.xtec.cat\/montsia\/wp-json\/wp\/v2\/types\/post"}],"author":[{"embeddable":true,"href":"https:\/\/serveiseducatius.xtec.cat\/montsia\/wp-json\/wp\/v2\/users\/131"}],"replies":[{"embeddable":true,"href":"https:\/\/serveiseducatius.xtec.cat\/montsia\/wp-json\/wp\/v2\/comments?post=15080"}],"version-history":[{"count":4,"href":"https:\/\/serveiseducatius.xtec.cat\/montsia\/wp-json\/wp\/v2\/posts\/15080\/revisions"}],"predecessor-version":[{"id":15092,"href":"https:\/\/serveiseducatius.xtec.cat\/montsia\/wp-json\/wp\/v2\/posts\/15080\/revisions\/15092"}],"wp:featuredmedia":[{"embeddable":true,"href":"https:\/\/serveiseducatius.xtec.cat\/montsia\/wp-json\/wp\/v2\/media\/15081"}],"wp:attachment":[{"href":"https:\/\/serveiseducatius.xtec.cat\/montsia\/wp-json\/wp\/v2\/media?parent=15080"}],"wp:term":[{"taxonomy":"category","embeddable":true,"href":"https:\/\/serveiseducatius.xtec.cat\/montsia\/wp-json\/wp\/v2\/categories?post=15080"},{"taxonomy":"post_tag","embeddable":true,"href":"https:\/\/serveiseducatius.xtec.cat\/montsia\/wp-json\/wp\/v2\/tags?post=15080"}],"curies":[{"name":"wp","href":"https:\/\/api.w.org\/{rel}","templated":true}]}}