{"id":14568,"date":"2024-04-04T10:21:36","date_gmt":"2024-04-04T08:21:36","guid":{"rendered":"https:\/\/serveiseducatius.xtec.cat\/montsia\/?p=14568"},"modified":"2024-11-06T08:56:59","modified_gmt":"2024-11-06T07:56:59","slug":"cicle-de-webinars-cocobe","status":"publish","type":"post","link":"https:\/\/serveiseducatius.xtec.cat\/montsia\/general\/cicle-de-webinars-cocobe\/","title":{"rendered":"Cicle de webinars COCOBE"},"content":{"rendered":"<p><a href=\"https:\/\/serveiseducatius.xtec.cat\/montsia\/wp-content\/uploads\/usu1125\/2024\/04\/Captura-COCOBE.jpg\"><img loading=\"lazy\" decoding=\"async\" class=\"size-full wp-image-14569 aligncenter\" src=\"https:\/\/serveiseducatius.xtec.cat\/montsia\/wp-content\/uploads\/usu1125\/2024\/04\/Captura-COCOBE.jpg\" alt=\"\" width=\"350\" height=\"237\" srcset=\"https:\/\/serveiseducatius.xtec.cat\/montsia\/wp-content\/uploads\/usu1125\/2024\/04\/Captura-COCOBE.jpg 350w, https:\/\/serveiseducatius.xtec.cat\/montsia\/wp-content\/uploads\/usu1125\/2024\/04\/Captura-COCOBE-300x203.jpg 300w\" sizes=\"auto, (max-width: 350px) 100vw, 350px\" \/><\/a><\/p>\n<p style=\"text-align: left;\">El Departament d&#8217;Educaci\u00f3 ha programat un cicle de 3 webinars sobre la nova figura de coordinaci\u00f3 de coeducaci\u00f3, conviv\u00e8ncia i benestar de l\u2019alumnat. Aquestes sessions tenen per objectiu proporcionar eines, estrat\u00e8gies i recursos per aplicar a la quotidianitat dels centres educatius aquests aspectes, tot ampliant la formaci\u00f3 inicial implementada del COCOBE.<\/p>\n<p>Dilluns\u00a0<strong>8 d\u2019abril<\/strong>: <span style=\"text-decoration: underline;\">Comunicaci\u00f3 no violenta<\/span> (torn de mat\u00ed i tarda). Ponent: Maria Goday; especialista en comunicaci\u00f3 no violenta.<br \/>\nDimarts\u00a0<strong>7 de maig<\/strong>: <span style=\"text-decoration: underline;\">Desmuntem els estereotips de g\u00e8nere<\/span> (torn de mat\u00ed i tarda). Imparteix: Paco Abril (Associaci\u00f3 Homes igualitaris)<br \/>\nDimecres<strong>\u00a022 de maig:<\/strong> <span style=\"text-decoration: underline;\">Patis coeducatius<\/span> (torn de tarda). A c\u00e0rrec de: Alba Gonz\u00e1lez (Cooperativa Vira)<br \/>\nDivendres\u00a0<strong>24 de maig<\/strong>: <span style=\"text-decoration: underline;\">Patis coeducatius<\/span> (torn de mat\u00ed). A c\u00e0rrec de: Alba Gonz\u00e1lez (Cooperativa Vira)<\/p>\n<p><strong><img loading=\"lazy\" decoding=\"async\" class=\"\" src=\"https:\/\/serveiseducatius.xtec.cat\/alturgell\/wp-content\/uploads\/usu770\/2019\/04\/flecha.gif\" width=\"18\" height=\"20\" \/>\u00a0 Inscripci\u00f3:<\/strong><\/p>\n<ul>\n<li><strong>\u00a0<\/strong><strong><a title=\"Torn de mat\u00ed\" href=\"https:\/\/aplicacions.gestioeducativa.gencat.cat\/pls\/soloas\/pk_for_mod_ins.p_for_detall_activitat?p_header=Llista%20d%27activitats%5epk_for_mod_ins.p_for_cons_activitats?p_tipus_act=ASS,CSA,PSVB,SSVA,SVBA,TCA2,TCA,PSAD,SME,CNA,ESC,ESR,FIFC,SENT,CODU,COD2,PSI,DSVE,JCF,JCOC,CMA,GEAE,COMA,CSI,ESCO,ASV,WCO,MRS%26p_totes=S%26p_inici=1%26p_excloure_crp_rec=F&amp;p_codi=9000910519&amp;p_curs=2023-2024&amp;p_excloure_crp_rec=F\" target=\"_blank\" rel=\"noopener\">Torn de mat\u00ed\u00a0<\/a><\/strong>(\u00fanicament per EOI, CFA i FP). Horari: De 9,30h a 11h<\/li>\n<li><a title=\"Torn de tarda\" href=\"https:\/\/aplicacions.gestioeducativa.gencat.cat\/pls\/soloas\/pk_for_mod_ins.p_for_detall_activitat?p_header=Llista%20d%27activitats%5epk_for_mod_ins.p_for_cons_activitats?p_tipus_act=ASS,CSA,PSVB,SSVA,SVBA,TCA2,TCA,PSAD,SME,CNA,ESC,ESR,FIFC,SENT,CODU,COD2,PSI,DSVE,JCF,JCOC,CMA,GEAE,COMA,CSI,ESCO,ASV,WCO,MRS%26p_totes=S%26p_inici=1%26p_excloure_crp_rec=F&amp;p_codi=9000900519&amp;p_curs=2023-2024&amp;p_excloure_crp_rec=F\" target=\"_blank\" rel=\"noopener\"><strong>\u00a0Torn de tarda <\/strong><\/a>Horari: De 17,30h a 19h<\/li>\n<\/ul>\n<p>Aquests webinars complementen la formaci\u00f3 inicial realitzada durant el curs 2023-2024. Per obtenir-ne certificaci\u00f3 de formaci\u00f3 (5 hores) cal assistir-hi a les 3 sessions.<\/p>\n","protected":false},"excerpt":{"rendered":"<p>El Departament d&#8217;Educaci\u00f3 ha programat un cicle de 3 webinars sobre la nova figura de coordinaci\u00f3 de coeducaci\u00f3, conviv\u00e8ncia i [&hellip;]<\/p>\n","protected":false},"author":59,"featured_media":14569,"comment_status":"closed","ping_status":"closed","sticky":false,"template":"","format":"standard","meta":{"_bbp_topic_count":0,"_bbp_reply_count":0,"_bbp_total_topic_count":0,"_bbp_total_reply_count":0,"_bbp_voice_count":0,"_bbp_anonymous_reply_count":0,"_bbp_topic_count_hidden":0,"_bbp_reply_count_hidden":0,"_bbp_forum_subforum_count":0,"site-sidebar-layout":"default","site-content-layout":"","ast-site-content-layout":"","site-content-style":"default","site-sidebar-style":"default","ast-global-header-display":"","ast-banner-title-visibility":"","ast-main-header-display":"","ast-hfb-above-header-display":"","ast-hfb-below-header-display":"","ast-hfb-mobile-header-display":"","site-post-title":"","ast-breadcrumbs-content":"","ast-featured-img":"","footer-sml-layout":"","theme-transparent-header-meta":"","adv-header-id-meta":"","stick-header-meta":"","header-above-stick-meta":"","header-main-stick-meta":"","header-below-stick-meta":"","astra-migrate-meta-layouts":"default","ast-page-background-enabled":"default","ast-page-background-meta":{"desktop":{"background-color":"var(--ast-global-color-4)","background-image":"","background-repeat":"repeat","background-position":"center center","background-size":"auto","background-attachment":"scroll","background-type":"","background-media":"","overlay-type":"","overlay-color":"","overlay-opacity":"","overlay-gradient":""},"tablet":{"background-color":"","background-image":"","background-repeat":"repeat","background-position":"center center","background-size":"auto","background-attachment":"scroll","background-type":"","background-media":"","overlay-type":"","overlay-color":"","overlay-opacity":"","overlay-gradient":""},"mobile":{"background-color":"","background-image":"","background-repeat":"repeat","background-position":"center center","background-size":"auto","background-attachment":"scroll","background-type":"","background-media":"","overlay-type":"","overlay-color":"","overlay-opacity":"","overlay-gradient":""}},"ast-content-background-meta":{"desktop":{"background-color":"var(--ast-global-color-5)","background-image":"","background-repeat":"repeat","background-position":"center center","background-size":"auto","background-attachment":"scroll","background-type":"","background-media":"","overlay-type":"","overlay-color":"","overlay-opacity":"","overlay-gradient":""},"tablet":{"background-color":"var(--ast-global-color-5)","background-image":"","background-repeat":"repeat","background-position":"center center","background-size":"auto","background-attachment":"scroll","background-type":"","background-media":"","overlay-type":"","overlay-color":"","overlay-opacity":"","overlay-gradient":""},"mobile":{"background-color":"var(--ast-global-color-5)","background-image":"","background-repeat":"repeat","background-position":"center center","background-size":"auto","background-attachment":"scroll","background-type":"","background-media":"","overlay-type":"","overlay-color":"","overlay-opacity":"","overlay-gradient":""}},"footnotes":""},"categories":[1,29],"tags":[388],"class_list":["post-14568","post","type-post","status-publish","format-standard","has-post-thumbnail","hentry","category-general","category-portada","tag-benestar-emocional"],"post_mailing_queue_ids":[],"_links":{"self":[{"href":"https:\/\/serveiseducatius.xtec.cat\/montsia\/wp-json\/wp\/v2\/posts\/14568","targetHints":{"allow":["GET"]}}],"collection":[{"href":"https:\/\/serveiseducatius.xtec.cat\/montsia\/wp-json\/wp\/v2\/posts"}],"about":[{"href":"https:\/\/serveiseducatius.xtec.cat\/montsia\/wp-json\/wp\/v2\/types\/post"}],"author":[{"embeddable":true,"href":"https:\/\/serveiseducatius.xtec.cat\/montsia\/wp-json\/wp\/v2\/users\/59"}],"replies":[{"embeddable":true,"href":"https:\/\/serveiseducatius.xtec.cat\/montsia\/wp-json\/wp\/v2\/comments?post=14568"}],"version-history":[{"count":3,"href":"https:\/\/serveiseducatius.xtec.cat\/montsia\/wp-json\/wp\/v2\/posts\/14568\/revisions"}],"predecessor-version":[{"id":14573,"href":"https:\/\/serveiseducatius.xtec.cat\/montsia\/wp-json\/wp\/v2\/posts\/14568\/revisions\/14573"}],"wp:featuredmedia":[{"embeddable":true,"href":"https:\/\/serveiseducatius.xtec.cat\/montsia\/wp-json\/wp\/v2\/media\/14569"}],"wp:attachment":[{"href":"https:\/\/serveiseducatius.xtec.cat\/montsia\/wp-json\/wp\/v2\/media?parent=14568"}],"wp:term":[{"taxonomy":"category","embeddable":true,"href":"https:\/\/serveiseducatius.xtec.cat\/montsia\/wp-json\/wp\/v2\/categories?post=14568"},{"taxonomy":"post_tag","embeddable":true,"href":"https:\/\/serveiseducatius.xtec.cat\/montsia\/wp-json\/wp\/v2\/tags?post=14568"}],"curies":[{"name":"wp","href":"https:\/\/api.w.org\/{rel}","templated":true}]}}