{"id":14451,"date":"2024-02-02T10:27:00","date_gmt":"2024-02-02T09:27:00","guid":{"rendered":"https:\/\/serveiseducatius.xtec.cat\/montsia\/?p=14451"},"modified":"2024-02-02T10:27:00","modified_gmt":"2024-02-02T09:27:00","slug":"lets-clean-up-europa","status":"publish","type":"post","link":"https:\/\/serveiseducatius.xtec.cat\/montsia\/general\/lets-clean-up-europa\/","title":{"rendered":"Let&#8217;s Clean up Europa!"},"content":{"rendered":"<p><a href=\"https:\/\/serveiseducatius.xtec.cat\/montsia\/wp-content\/uploads\/usu1125\/2024\/01\/lets-clean-up-europe.png\"><img loading=\"lazy\" decoding=\"async\" class=\"wp-image-14452 aligncenter\" src=\"https:\/\/serveiseducatius.xtec.cat\/montsia\/wp-content\/uploads\/usu1125\/2024\/01\/lets-clean-up-europe.png\" alt=\"\" width=\"548\" height=\"230\" srcset=\"https:\/\/serveiseducatius.xtec.cat\/montsia\/wp-content\/uploads\/usu1125\/2024\/01\/lets-clean-up-europe.png 1417w, https:\/\/serveiseducatius.xtec.cat\/montsia\/wp-content\/uploads\/usu1125\/2024\/01\/lets-clean-up-europe-300x126.png 300w, https:\/\/serveiseducatius.xtec.cat\/montsia\/wp-content\/uploads\/usu1125\/2024\/01\/lets-clean-up-europe-1024x430.png 1024w, https:\/\/serveiseducatius.xtec.cat\/montsia\/wp-content\/uploads\/usu1125\/2024\/01\/lets-clean-up-europe-768x322.png 768w\" sizes=\"auto, (max-width: 548px) 100vw, 548px\" \/><\/a><\/p>\n<p>La campanya<a href=\"https:\/\/residus.gencat.cat\/ca\/ambits_dactuacio\/prevencio\/setmana_europea\/lets_clean_up_europe\/\"> Let&#8217;s Clean up Europe!<\/a> consisteix a realitzar accions de neteja en espais naturals del nostre entorn per part del ciutadans i de la m\u00e0 d&#8217;associacions, administracions, empreses, escoles o universitats.<\/p>\n<p>En l&#8217;actualitat m\u00e9s de 600 centres escolars, repartits per totes les comarques de Catalunya duen a terme aquesta actuaci\u00f3 ambiental creant situacions d&#8217;aprenentatge gr\u00e0cies a recursos compartits, com el <a href=\"https:\/\/xtec.gencat.cat\/ca\/comunitat\/serveicomunitari\/\">Servei Comunitari,<\/a> aportant dades en recerques de Ci\u00e8ncia Ciutadana emprant diferents aplicacions, debatent mesures de prevenci\u00f3 de residus.<\/p>\n<p>En aquest marc de col\u00b7laboraci\u00f3, es va presentar la campanya ambiental Let&#8217;s Clean Up Europe amb el projecte <a href=\"https:\/\/serveiseducatius.xtec.cat\/altemporda\/xarxa-descoles-del-pn-cap-de-creus\/correcull-ae\/\">Correcull, <\/a>ideat pel Servei educatiu de l&#8217;Alt Empord\u00e0 en col\u00b7laboraci\u00f3 amb la Fundaci\u00f3 Kilian Jornet. En aquesta l\u00ednia, tots els centres de Recursos Pedag\u00f2gics i Camps d&#8217;Aprenentatge disposaran d&#8217;un kit de recollida de residus. L&#8217;objectiu \u00e9s facilitar a les escoles l&#8217;acc\u00e9s a un material reutilizable i compartit per facilitar el desenvolupament de la campanya ambiental.<\/p>\n<p><a href=\"https:\/\/drive.google.com\/drive\/u\/1\/folders\/1odu-OW5b6ahtj6Pl8AJLmm2g1zdjA2iK\"><strong>Composici\u00f3 del kit<\/strong><\/a><\/p>\n<table style=\"border-collapse: collapse; width: 100%; height: 224px;\">\n<tbody>\n<tr style=\"height: 32px;\">\n<td style=\"width: 2.51641%; height: 32px;\">1<\/td>\n<td style=\"width: 97.4836%; height: 32px;\">Carpeta transparent amb 4 p\u00f2sters informatius<\/td>\n<\/tr>\n<tr style=\"height: 32px;\">\n<td style=\"width: 2.51641%; height: 32px;\">1<\/td>\n<td style=\"width: 97.4836%; height: 32px;\">Retolador no permanent<\/td>\n<\/tr>\n<tr style=\"height: 32px;\">\n<td style=\"width: 2.51641%; height: 32px;\">25<\/td>\n<td style=\"width: 97.4836%; height: 32px;\">Parells de guants 15 Talla S (ribet blanc) i 10 Talla L (groc)<\/td>\n<\/tr>\n<tr style=\"height: 32px;\">\n<td style=\"width: 2.51641%; height: 32px;\">45<\/td>\n<td style=\"width: 97.4836%; height: 32px;\">Bosses individuals transparents (25) o nansa (20)<\/td>\n<\/tr>\n<tr style=\"height: 32px;\">\n<td style=\"width: 2.51641%; height: 32px;\">10<\/td>\n<td style=\"width: 97.4836%; height: 32px;\">Sacs grans per indicar tipologia de residu<\/td>\n<\/tr>\n<tr style=\"height: 32px;\">\n<td style=\"width: 2.51641%; height: 32px;\">10<\/td>\n<td style=\"width: 97.4836%; height: 32px;\">pinces de recollida de residus<\/td>\n<\/tr>\n<tr style=\"height: 32px;\">\n<td style=\"width: 2.51641%; height: 32px;\">1<\/td>\n<td style=\"width: 97.4836%; height: 32px;\">Balan\u00e7a 30 Kg<\/td>\n<\/tr>\n<tr>\n<td style=\"width: 2.51641%;\">1<\/td>\n<td style=\"width: 97.4836%;\">banderola reutilitzable resultats aconseguits<\/td>\n<\/tr>\n<tr>\n<td style=\"width: 2.51641%;\">1<\/td>\n<td style=\"width: 97.4836%;\">contenidor serigrafiat de residus amb rodes<\/td>\n<\/tr>\n<\/tbody>\n<\/table>\n","protected":false},"excerpt":{"rendered":"<p>La campanya Let&#8217;s Clean up Europe! consisteix a realitzar accions de neteja en espais naturals del nostre entorn per part [&hellip;]<\/p>\n","protected":false},"author":131,"featured_media":14452,"comment_status":"closed","ping_status":"closed","sticky":false,"template":"","format":"standard","meta":{"_bbp_topic_count":0,"_bbp_reply_count":0,"_bbp_total_topic_count":0,"_bbp_total_reply_count":0,"_bbp_voice_count":0,"_bbp_anonymous_reply_count":0,"_bbp_topic_count_hidden":0,"_bbp_reply_count_hidden":0,"_bbp_forum_subforum_count":0,"site-sidebar-layout":"default","site-content-layout":"","ast-site-content-layout":"","site-content-style":"default","site-sidebar-style":"default","ast-global-header-display":"","ast-banner-title-visibility":"","ast-main-header-display":"","ast-hfb-above-header-display":"","ast-hfb-below-header-display":"","ast-hfb-mobile-header-display":"","site-post-title":"","ast-breadcrumbs-content":"","ast-featured-img":"","footer-sml-layout":"","theme-transparent-header-meta":"","adv-header-id-meta":"","stick-header-meta":"","header-above-stick-meta":"","header-main-stick-meta":"","header-below-stick-meta":"","astra-migrate-meta-layouts":"default","ast-page-background-enabled":"default","ast-page-background-meta":{"desktop":{"background-color":"var(--ast-global-color-4)","background-image":"","background-repeat":"repeat","background-position":"center center","background-size":"auto","background-attachment":"scroll","background-type":"","background-media":"","overlay-type":"","overlay-color":"","overlay-opacity":"","overlay-gradient":""},"tablet":{"background-color":"","background-image":"","background-repeat":"repeat","background-position":"center center","background-size":"auto","background-attachment":"scroll","background-type":"","background-media":"","overlay-type":"","overlay-color":"","overlay-opacity":"","overlay-gradient":""},"mobile":{"background-color":"","background-image":"","background-repeat":"repeat","background-position":"center center","background-size":"auto","background-attachment":"scroll","background-type":"","background-media":"","overlay-type":"","overlay-color":"","overlay-opacity":"","overlay-gradient":""}},"ast-content-background-meta":{"desktop":{"background-color":"var(--ast-global-color-5)","background-image":"","background-repeat":"repeat","background-position":"center center","background-size":"auto","background-attachment":"scroll","background-type":"","background-media":"","overlay-type":"","overlay-color":"","overlay-opacity":"","overlay-gradient":""},"tablet":{"background-color":"var(--ast-global-color-5)","background-image":"","background-repeat":"repeat","background-position":"center center","background-size":"auto","background-attachment":"scroll","background-type":"","background-media":"","overlay-type":"","overlay-color":"","overlay-opacity":"","overlay-gradient":""},"mobile":{"background-color":"var(--ast-global-color-5)","background-image":"","background-repeat":"repeat","background-position":"center center","background-size":"auto","background-attachment":"scroll","background-type":"","background-media":"","overlay-type":"","overlay-color":"","overlay-opacity":"","overlay-gradient":""}},"footnotes":""},"categories":[1,82,29,76],"tags":[],"class_list":["post-14451","post","type-post","status-publish","format-standard","has-post-thumbnail","hentry","category-general","category-maletes-pedagogiques","category-portada","category-recursos"],"post_mailing_queue_ids":[],"_links":{"self":[{"href":"https:\/\/serveiseducatius.xtec.cat\/montsia\/wp-json\/wp\/v2\/posts\/14451","targetHints":{"allow":["GET"]}}],"collection":[{"href":"https:\/\/serveiseducatius.xtec.cat\/montsia\/wp-json\/wp\/v2\/posts"}],"about":[{"href":"https:\/\/serveiseducatius.xtec.cat\/montsia\/wp-json\/wp\/v2\/types\/post"}],"author":[{"embeddable":true,"href":"https:\/\/serveiseducatius.xtec.cat\/montsia\/wp-json\/wp\/v2\/users\/131"}],"replies":[{"embeddable":true,"href":"https:\/\/serveiseducatius.xtec.cat\/montsia\/wp-json\/wp\/v2\/comments?post=14451"}],"version-history":[{"count":3,"href":"https:\/\/serveiseducatius.xtec.cat\/montsia\/wp-json\/wp\/v2\/posts\/14451\/revisions"}],"predecessor-version":[{"id":14458,"href":"https:\/\/serveiseducatius.xtec.cat\/montsia\/wp-json\/wp\/v2\/posts\/14451\/revisions\/14458"}],"wp:featuredmedia":[{"embeddable":true,"href":"https:\/\/serveiseducatius.xtec.cat\/montsia\/wp-json\/wp\/v2\/media\/14452"}],"wp:attachment":[{"href":"https:\/\/serveiseducatius.xtec.cat\/montsia\/wp-json\/wp\/v2\/media?parent=14451"}],"wp:term":[{"taxonomy":"category","embeddable":true,"href":"https:\/\/serveiseducatius.xtec.cat\/montsia\/wp-json\/wp\/v2\/categories?post=14451"},{"taxonomy":"post_tag","embeddable":true,"href":"https:\/\/serveiseducatius.xtec.cat\/montsia\/wp-json\/wp\/v2\/tags?post=14451"}],"curies":[{"name":"wp","href":"https:\/\/api.w.org\/{rel}","templated":true}]}}