{"id":14241,"date":"2023-10-23T08:31:53","date_gmt":"2023-10-23T06:31:53","guid":{"rendered":"https:\/\/serveiseducatius.xtec.cat\/montsia\/?p=14241"},"modified":"2023-10-23T08:31:53","modified_gmt":"2023-10-23T06:31:53","slug":"ruta-literaria-sebastia-juan-arbo-per-amposta","status":"publish","type":"post","link":"https:\/\/serveiseducatius.xtec.cat\/montsia\/general\/ruta-literaria-sebastia-juan-arbo-per-amposta\/","title":{"rendered":"Ruta liter\u00e0ria Sebasti\u00e0 Juan Arb\u00f3 per Amposta"},"content":{"rendered":"<p>&nbsp;<\/p>\n<p><a href=\"https:\/\/serveiseducatius.xtec.cat\/montsia\/wp-content\/uploads\/usu1125\/2023\/10\/ruta-sebastia-juan-arbo2.png\"><img loading=\"lazy\" decoding=\"async\" class=\"wp-image-14243 aligncenter\" src=\"https:\/\/serveiseducatius.xtec.cat\/montsia\/wp-content\/uploads\/usu1125\/2023\/10\/ruta-sebastia-juan-arbo2.png\" alt=\"\" width=\"521\" height=\"212\" srcset=\"https:\/\/serveiseducatius.xtec.cat\/montsia\/wp-content\/uploads\/usu1125\/2023\/10\/ruta-sebastia-juan-arbo2.png 1057w, https:\/\/serveiseducatius.xtec.cat\/montsia\/wp-content\/uploads\/usu1125\/2023\/10\/ruta-sebastia-juan-arbo2-300x122.png 300w, https:\/\/serveiseducatius.xtec.cat\/montsia\/wp-content\/uploads\/usu1125\/2023\/10\/ruta-sebastia-juan-arbo2-1024x417.png 1024w, https:\/\/serveiseducatius.xtec.cat\/montsia\/wp-content\/uploads\/usu1125\/2023\/10\/ruta-sebastia-juan-arbo2-768x312.png 768w\" sizes=\"auto, (max-width: 521px) 100vw, 521px\" \/><\/a><\/p>\n<p>L&#8217;alumnat de tercer d&#8217;ESO de l&#8217;Institut Ramon Berenguer IV, va participar dimarts 10 d&#8217;octubre, en la Ruta liter\u00e0ria per Amposta dedicada l\u2019escriptor ebrenc Sebasti\u00e0 Juan Arb\u00f3.<\/p>\n<p>Aquesta activitat est\u00e0 inclosa dins la celebraci\u00f3 del 120\u00e8 aniversari del naixement d\u2019Arb\u00f3 i organitzada per la Regidoria de Cultura i Mem\u00f2ria Hist\u00f2rica\/Regidoria de Turisme i Fires de l\u2019Ajuntament d\u2019Amposta.<\/p>\n<p>L\u2019itinerari va comen\u00e7ar a la Pla\u00e7a del Castell seguint pel Pont del fossat i les Coves del canal del barri del Grau. Despr\u00e9s va continuar per la Casa d\u2019Arb\u00f3 i la Casa Gargallo. El recorregut va passar per la Capella de Santa Susana i va finalitzar a la Pla\u00e7a de l\u2019Aube.<\/p>\n<p>La lectura dels fragments literaris fou realitzada per part d\u2019Helena Herranz, la contextualitzaci\u00f3 de l\u2019autor i els indrets fou a c\u00e0rrec de Joan Antoni Forcadell.<\/p>\n","protected":false},"excerpt":{"rendered":"<p>&nbsp; L&#8217;alumnat de tercer d&#8217;ESO de l&#8217;Institut Ramon Berenguer IV, va participar dimarts 10 d&#8217;octubre, en la Ruta liter\u00e0ria per [&hellip;]<\/p>\n","protected":false},"author":131,"featured_media":14243,"comment_status":"closed","ping_status":"closed","sticky":false,"template":"","format":"standard","meta":{"_bbp_topic_count":0,"_bbp_reply_count":0,"_bbp_total_topic_count":0,"_bbp_total_reply_count":0,"_bbp_voice_count":0,"_bbp_anonymous_reply_count":0,"_bbp_topic_count_hidden":0,"_bbp_reply_count_hidden":0,"_bbp_forum_subforum_count":0,"site-sidebar-layout":"default","site-content-layout":"","ast-site-content-layout":"","site-content-style":"default","site-sidebar-style":"default","ast-global-header-display":"","ast-banner-title-visibility":"","ast-main-header-display":"","ast-hfb-above-header-display":"","ast-hfb-below-header-display":"","ast-hfb-mobile-header-display":"","site-post-title":"","ast-breadcrumbs-content":"","ast-featured-img":"","footer-sml-layout":"","theme-transparent-header-meta":"","adv-header-id-meta":"","stick-header-meta":"","header-above-stick-meta":"","header-main-stick-meta":"","header-below-stick-meta":"","astra-migrate-meta-layouts":"default","ast-page-background-enabled":"default","ast-page-background-meta":{"desktop":{"background-color":"var(--ast-global-color-4)","background-image":"","background-repeat":"repeat","background-position":"center center","background-size":"auto","background-attachment":"scroll","background-type":"","background-media":"","overlay-type":"","overlay-color":"","overlay-opacity":"","overlay-gradient":""},"tablet":{"background-color":"","background-image":"","background-repeat":"repeat","background-position":"center center","background-size":"auto","background-attachment":"scroll","background-type":"","background-media":"","overlay-type":"","overlay-color":"","overlay-opacity":"","overlay-gradient":""},"mobile":{"background-color":"","background-image":"","background-repeat":"repeat","background-position":"center center","background-size":"auto","background-attachment":"scroll","background-type":"","background-media":"","overlay-type":"","overlay-color":"","overlay-opacity":"","overlay-gradient":""}},"ast-content-background-meta":{"desktop":{"background-color":"var(--ast-global-color-5)","background-image":"","background-repeat":"repeat","background-position":"center center","background-size":"auto","background-attachment":"scroll","background-type":"","background-media":"","overlay-type":"","overlay-color":"","overlay-opacity":"","overlay-gradient":""},"tablet":{"background-color":"var(--ast-global-color-5)","background-image":"","background-repeat":"repeat","background-position":"center center","background-size":"auto","background-attachment":"scroll","background-type":"","background-media":"","overlay-type":"","overlay-color":"","overlay-opacity":"","overlay-gradient":""},"mobile":{"background-color":"var(--ast-global-color-5)","background-image":"","background-repeat":"repeat","background-position":"center center","background-size":"auto","background-attachment":"scroll","background-type":"","background-media":"","overlay-type":"","overlay-color":"","overlay-opacity":"","overlay-gradient":""}},"footnotes":""},"categories":[1,29],"tags":[360],"class_list":["post-14241","post","type-post","status-publish","format-standard","has-post-thumbnail","hentry","category-general","category-portada","tag-any-arbo"],"post_mailing_queue_ids":[],"_links":{"self":[{"href":"https:\/\/serveiseducatius.xtec.cat\/montsia\/wp-json\/wp\/v2\/posts\/14241","targetHints":{"allow":["GET"]}}],"collection":[{"href":"https:\/\/serveiseducatius.xtec.cat\/montsia\/wp-json\/wp\/v2\/posts"}],"about":[{"href":"https:\/\/serveiseducatius.xtec.cat\/montsia\/wp-json\/wp\/v2\/types\/post"}],"author":[{"embeddable":true,"href":"https:\/\/serveiseducatius.xtec.cat\/montsia\/wp-json\/wp\/v2\/users\/131"}],"replies":[{"embeddable":true,"href":"https:\/\/serveiseducatius.xtec.cat\/montsia\/wp-json\/wp\/v2\/comments?post=14241"}],"version-history":[{"count":2,"href":"https:\/\/serveiseducatius.xtec.cat\/montsia\/wp-json\/wp\/v2\/posts\/14241\/revisions"}],"predecessor-version":[{"id":14245,"href":"https:\/\/serveiseducatius.xtec.cat\/montsia\/wp-json\/wp\/v2\/posts\/14241\/revisions\/14245"}],"wp:featuredmedia":[{"embeddable":true,"href":"https:\/\/serveiseducatius.xtec.cat\/montsia\/wp-json\/wp\/v2\/media\/14243"}],"wp:attachment":[{"href":"https:\/\/serveiseducatius.xtec.cat\/montsia\/wp-json\/wp\/v2\/media?parent=14241"}],"wp:term":[{"taxonomy":"category","embeddable":true,"href":"https:\/\/serveiseducatius.xtec.cat\/montsia\/wp-json\/wp\/v2\/categories?post=14241"},{"taxonomy":"post_tag","embeddable":true,"href":"https:\/\/serveiseducatius.xtec.cat\/montsia\/wp-json\/wp\/v2\/tags?post=14241"}],"curies":[{"name":"wp","href":"https:\/\/api.w.org\/{rel}","templated":true}]}}