{"id":13979,"date":"2023-03-30T12:39:32","date_gmt":"2023-03-30T10:39:32","guid":{"rendered":"https:\/\/serveiseducatius.xtec.cat\/montsia\/?p=13979"},"modified":"2023-03-30T12:39:32","modified_gmt":"2023-03-30T10:39:32","slug":"santi-serratosa-a-les-xxvi-jornades-pedagogicomusicals-de-les-ttee","status":"publish","type":"post","link":"https:\/\/serveiseducatius.xtec.cat\/montsia\/general\/santi-serratosa-a-les-xxvi-jornades-pedagogicomusicals-de-les-ttee\/","title":{"rendered":"Santi Serratosa a les XXVI Jornades Pedag\u00f2gicomusicals de les TTEE"},"content":{"rendered":"<p><img loading=\"lazy\" decoding=\"async\" class=\" wp-image-13980 aligncenter\" src=\"https:\/\/serveiseducatius.xtec.cat\/montsia\/wp-content\/uploads\/usu1125\/2023\/03\/XXVI-b-jornades-de-musica.png\" alt=\"\" width=\"573\" height=\"279\" srcset=\"https:\/\/serveiseducatius.xtec.cat\/montsia\/wp-content\/uploads\/usu1125\/2023\/03\/XXVI-b-jornades-de-musica.png 667w, https:\/\/serveiseducatius.xtec.cat\/montsia\/wp-content\/uploads\/usu1125\/2023\/03\/XXVI-b-jornades-de-musica-300x146.png 300w\" sizes=\"auto, (max-width: 573px) 100vw, 573px\" \/><\/p>\n<p><span style=\"font-weight: 400;\">El passat dissabte va tenir lloc a Amposta, la segona part de les XXVI Jornades pedagogico-musicals de les Terres de l\u2019Ebre. Aquestes van comptar amb la pres\u00e8ncia de Santi Serratosa, m\u00fasic, musicterapeuta i percussionista corporal i van poder posar en pr\u00e0ctica, de primera m\u00e0, aquesta coordinaci\u00f3 de percussi\u00f3 corporal.\u00a0<\/span><\/p>\n<p><span style=\"font-weight: 400;\">La m\u00fasica forma part de la nostra vida di\u00e0ria, d\u2019aquest teixit social cada vegada m\u00e9s complex i en proc\u00e9s de canvi permanent. El sistema educatiu, per tant, no pot estar tancat o a\u00efllat a tot all\u00f2 que passa al seu voltant, ha de posseir intr\u00ednsecament una flexibilitat que permeti orientar i proporcionar als seu alumnat els instruments per jutjar, analitzar i comprendre per si mateixos, la realitat que ens envolta. En aquest escenari de tu a tu amb l\u2019alumnat, el professor t\u00e9 la m\u00fasica, el moviment, el joc, l\u2019expressi\u00f3 corporal i la creativitat com a bases per un abordatge psicosocial d\u2019un alt valor pedag\u00f2gic.<\/span><\/p>\n<p><span style=\"font-weight: 400;\">Aquest m\u00e8tode d\u00f3na import\u00e0ncia a la improvisaci\u00f3, creativitat i al llenguatge r\u00edtmic expressat amb el nostre cos. \u00c9s en aquesta experi\u00e8ncia sensorial on es refor\u00e7a tot el control, dissociaci\u00f3 i coordinaci\u00f3 corporal, tot el potencial est\u00e8tic i pedag\u00f2gic dels processos d\u2019aprenentatge a partir del ritme i de la m\u00fasica, i de tota la gesti\u00f3 emocional del treball f\u00edsic i intel\u00b7lectual de les disciplines esportives i art\u00edstiques.<\/span><\/p>\n","protected":false},"excerpt":{"rendered":"<p>El passat dissabte va tenir lloc a Amposta, la segona part de les XXVI Jornades pedagogico-musicals de les Terres de [&hellip;]<\/p>\n","protected":false},"author":1,"featured_media":13980,"comment_status":"closed","ping_status":"closed","sticky":false,"template":"","format":"standard","meta":{"_bbp_topic_count":0,"_bbp_reply_count":0,"_bbp_total_topic_count":0,"_bbp_total_reply_count":0,"_bbp_voice_count":0,"_bbp_anonymous_reply_count":0,"_bbp_topic_count_hidden":0,"_bbp_reply_count_hidden":0,"_bbp_forum_subforum_count":0,"site-sidebar-layout":"default","site-content-layout":"","ast-site-content-layout":"","site-content-style":"default","site-sidebar-style":"default","ast-global-header-display":"","ast-banner-title-visibility":"","ast-main-header-display":"","ast-hfb-above-header-display":"","ast-hfb-below-header-display":"","ast-hfb-mobile-header-display":"","site-post-title":"","ast-breadcrumbs-content":"","ast-featured-img":"","footer-sml-layout":"","theme-transparent-header-meta":"","adv-header-id-meta":"","stick-header-meta":"","header-above-stick-meta":"","header-main-stick-meta":"","header-below-stick-meta":"","astra-migrate-meta-layouts":"default","ast-page-background-enabled":"default","ast-page-background-meta":{"desktop":{"background-color":"var(--ast-global-color-4)","background-image":"","background-repeat":"repeat","background-position":"center center","background-size":"auto","background-attachment":"scroll","background-type":"","background-media":"","overlay-type":"","overlay-color":"","overlay-opacity":"","overlay-gradient":""},"tablet":{"background-color":"","background-image":"","background-repeat":"repeat","background-position":"center center","background-size":"auto","background-attachment":"scroll","background-type":"","background-media":"","overlay-type":"","overlay-color":"","overlay-opacity":"","overlay-gradient":""},"mobile":{"background-color":"","background-image":"","background-repeat":"repeat","background-position":"center center","background-size":"auto","background-attachment":"scroll","background-type":"","background-media":"","overlay-type":"","overlay-color":"","overlay-opacity":"","overlay-gradient":""}},"ast-content-background-meta":{"desktop":{"background-color":"var(--ast-global-color-5)","background-image":"","background-repeat":"repeat","background-position":"center center","background-size":"auto","background-attachment":"scroll","background-type":"","background-media":"","overlay-type":"","overlay-color":"","overlay-opacity":"","overlay-gradient":""},"tablet":{"background-color":"var(--ast-global-color-5)","background-image":"","background-repeat":"repeat","background-position":"center center","background-size":"auto","background-attachment":"scroll","background-type":"","background-media":"","overlay-type":"","overlay-color":"","overlay-opacity":"","overlay-gradient":""},"mobile":{"background-color":"var(--ast-global-color-5)","background-image":"","background-repeat":"repeat","background-position":"center center","background-size":"auto","background-attachment":"scroll","background-type":"","background-media":"","overlay-type":"","overlay-color":"","overlay-opacity":"","overlay-gradient":""}},"footnotes":""},"categories":[1,29,374],"tags":[],"class_list":["post-13979","post","type-post","status-publish","format-standard","has-post-thumbnail","hentry","category-general","category-portada","category-xarxes"],"post_mailing_queue_ids":[],"_links":{"self":[{"href":"https:\/\/serveiseducatius.xtec.cat\/montsia\/wp-json\/wp\/v2\/posts\/13979","targetHints":{"allow":["GET"]}}],"collection":[{"href":"https:\/\/serveiseducatius.xtec.cat\/montsia\/wp-json\/wp\/v2\/posts"}],"about":[{"href":"https:\/\/serveiseducatius.xtec.cat\/montsia\/wp-json\/wp\/v2\/types\/post"}],"author":[{"embeddable":true,"href":"https:\/\/serveiseducatius.xtec.cat\/montsia\/wp-json\/wp\/v2\/users\/1"}],"replies":[{"embeddable":true,"href":"https:\/\/serveiseducatius.xtec.cat\/montsia\/wp-json\/wp\/v2\/comments?post=13979"}],"version-history":[{"count":1,"href":"https:\/\/serveiseducatius.xtec.cat\/montsia\/wp-json\/wp\/v2\/posts\/13979\/revisions"}],"predecessor-version":[{"id":13981,"href":"https:\/\/serveiseducatius.xtec.cat\/montsia\/wp-json\/wp\/v2\/posts\/13979\/revisions\/13981"}],"wp:featuredmedia":[{"embeddable":true,"href":"https:\/\/serveiseducatius.xtec.cat\/montsia\/wp-json\/wp\/v2\/media\/13980"}],"wp:attachment":[{"href":"https:\/\/serveiseducatius.xtec.cat\/montsia\/wp-json\/wp\/v2\/media?parent=13979"}],"wp:term":[{"taxonomy":"category","embeddable":true,"href":"https:\/\/serveiseducatius.xtec.cat\/montsia\/wp-json\/wp\/v2\/categories?post=13979"},{"taxonomy":"post_tag","embeddable":true,"href":"https:\/\/serveiseducatius.xtec.cat\/montsia\/wp-json\/wp\/v2\/tags?post=13979"}],"curies":[{"name":"wp","href":"https:\/\/api.w.org\/{rel}","templated":true}]}}