{"id":13905,"date":"2023-03-03T11:07:42","date_gmt":"2023-03-03T10:07:42","guid":{"rendered":"https:\/\/serveiseducatius.xtec.cat\/montsia\/?p=13905"},"modified":"2023-03-03T11:07:42","modified_gmt":"2023-03-03T10:07:42","slug":"itec-guanya-la-fase-local-de-la-lliga-de-debat-de-la-xarxa-vives","status":"publish","type":"post","link":"https:\/\/serveiseducatius.xtec.cat\/montsia\/general\/itec-guanya-la-fase-local-de-la-lliga-de-debat-de-la-xarxa-vives\/","title":{"rendered":"Itec guanya la fase local de la Lliga de Debat de la Xarxa Vives"},"content":{"rendered":"<p><img loading=\"lazy\" decoding=\"async\" class=\"wp-image-13906 aligncenter\" src=\"https:\/\/serveiseducatius.xtec.cat\/montsia\/wp-content\/uploads\/usu1125\/2023\/03\/INS-Tecnificacio-Lliga-debat.png\" alt=\"\" width=\"459\" height=\"337\" srcset=\"https:\/\/serveiseducatius.xtec.cat\/montsia\/wp-content\/uploads\/usu1125\/2023\/03\/INS-Tecnificacio-Lliga-debat.png 580w, https:\/\/serveiseducatius.xtec.cat\/montsia\/wp-content\/uploads\/usu1125\/2023\/03\/INS-Tecnificacio-Lliga-debat-300x220.png 300w\" sizes=\"auto, (max-width: 459px) 100vw, 459px\" \/><\/p>\n<p><span style=\"font-weight: 400;\">L\u2019Institut de Tecnificaci\u00f3 d\u2019Amposta ha guanyat la fase local de la Lliga de Debat de Secund\u00e0ria i Batxillerat, celebrada aquesta setmana a la Universitat Rovira i Virgili i organitzada per la Xarxa Vives d\u2019Universitats, en imposar-se en una final molt igualada a Lestonnac l\u2019Ensenyan\u00e7a de Tarragona. Despr\u00e9s de v\u00e8ncer la fase local, l\u2019Institut de Tecnificaci\u00f3 d\u2019Amposta representar\u00e0 la Universitat Rovira i Virgili a la fase final, que tindr\u00e0 lloc del 22 al 24 de mar\u00e7 de 2023 a la Universitat de Val\u00e8ncia.<\/span><\/p>\n<p><span style=\"font-weight: 400;\">El tema de debat d\u2019aquesta edici\u00f3 ha estat si cal regular les xarxes socials per combatre la desinformaci\u00f3 i ha tingut com a jutges professors\/es de secund\u00e0ria de la demarcaci\u00f3 i personal PDI i PAS de la Universitat Rovira i Virgili, entre les quals Montse Pinent (Vicerectora de Projectes Docents i Estudiants) i Jos\u00e9 Antonio Moreno (Comissionat de Pol\u00edtica Ling\u00fc\u00edstica i Publicacions). Celebrada els dies 22 i 23 de febrer, ha comptat amb la participaci\u00f3 de dotze col\u00b7legis i instituts. Enhorabona a tot l\u2019equip implicat!<\/span><\/p>\n","protected":false},"excerpt":{"rendered":"<p>L\u2019Institut de Tecnificaci\u00f3 d\u2019Amposta ha guanyat la fase local de la Lliga de Debat de Secund\u00e0ria i Batxillerat, celebrada aquesta [&hellip;]<\/p>\n","protected":false},"author":1,"featured_media":13906,"comment_status":"closed","ping_status":"closed","sticky":false,"template":"","format":"standard","meta":{"_bbp_topic_count":0,"_bbp_reply_count":0,"_bbp_total_topic_count":0,"_bbp_total_reply_count":0,"_bbp_voice_count":0,"_bbp_anonymous_reply_count":0,"_bbp_topic_count_hidden":0,"_bbp_reply_count_hidden":0,"_bbp_forum_subforum_count":0,"site-sidebar-layout":"default","site-content-layout":"","ast-site-content-layout":"","site-content-style":"default","site-sidebar-style":"default","ast-global-header-display":"","ast-banner-title-visibility":"","ast-main-header-display":"","ast-hfb-above-header-display":"","ast-hfb-below-header-display":"","ast-hfb-mobile-header-display":"","site-post-title":"","ast-breadcrumbs-content":"","ast-featured-img":"","footer-sml-layout":"","theme-transparent-header-meta":"","adv-header-id-meta":"","stick-header-meta":"","header-above-stick-meta":"","header-main-stick-meta":"","header-below-stick-meta":"","astra-migrate-meta-layouts":"default","ast-page-background-enabled":"default","ast-page-background-meta":{"desktop":{"background-color":"var(--ast-global-color-4)","background-image":"","background-repeat":"repeat","background-position":"center center","background-size":"auto","background-attachment":"scroll","background-type":"","background-media":"","overlay-type":"","overlay-color":"","overlay-opacity":"","overlay-gradient":""},"tablet":{"background-color":"","background-image":"","background-repeat":"repeat","background-position":"center center","background-size":"auto","background-attachment":"scroll","background-type":"","background-media":"","overlay-type":"","overlay-color":"","overlay-opacity":"","overlay-gradient":""},"mobile":{"background-color":"","background-image":"","background-repeat":"repeat","background-position":"center center","background-size":"auto","background-attachment":"scroll","background-type":"","background-media":"","overlay-type":"","overlay-color":"","overlay-opacity":"","overlay-gradient":""}},"ast-content-background-meta":{"desktop":{"background-color":"var(--ast-global-color-5)","background-image":"","background-repeat":"repeat","background-position":"center center","background-size":"auto","background-attachment":"scroll","background-type":"","background-media":"","overlay-type":"","overlay-color":"","overlay-opacity":"","overlay-gradient":""},"tablet":{"background-color":"var(--ast-global-color-5)","background-image":"","background-repeat":"repeat","background-position":"center center","background-size":"auto","background-attachment":"scroll","background-type":"","background-media":"","overlay-type":"","overlay-color":"","overlay-opacity":"","overlay-gradient":""},"mobile":{"background-color":"var(--ast-global-color-5)","background-image":"","background-repeat":"repeat","background-position":"center center","background-size":"auto","background-attachment":"scroll","background-type":"","background-media":"","overlay-type":"","overlay-color":"","overlay-opacity":"","overlay-gradient":""}},"footnotes":""},"categories":[298,1,29],"tags":[],"class_list":["post-13905","post","type-post","status-publish","format-standard","has-post-thumbnail","hentry","category-felicitem-a","category-general","category-portada"],"post_mailing_queue_ids":[],"_links":{"self":[{"href":"https:\/\/serveiseducatius.xtec.cat\/montsia\/wp-json\/wp\/v2\/posts\/13905","targetHints":{"allow":["GET"]}}],"collection":[{"href":"https:\/\/serveiseducatius.xtec.cat\/montsia\/wp-json\/wp\/v2\/posts"}],"about":[{"href":"https:\/\/serveiseducatius.xtec.cat\/montsia\/wp-json\/wp\/v2\/types\/post"}],"author":[{"embeddable":true,"href":"https:\/\/serveiseducatius.xtec.cat\/montsia\/wp-json\/wp\/v2\/users\/1"}],"replies":[{"embeddable":true,"href":"https:\/\/serveiseducatius.xtec.cat\/montsia\/wp-json\/wp\/v2\/comments?post=13905"}],"version-history":[{"count":1,"href":"https:\/\/serveiseducatius.xtec.cat\/montsia\/wp-json\/wp\/v2\/posts\/13905\/revisions"}],"predecessor-version":[{"id":13907,"href":"https:\/\/serveiseducatius.xtec.cat\/montsia\/wp-json\/wp\/v2\/posts\/13905\/revisions\/13907"}],"wp:featuredmedia":[{"embeddable":true,"href":"https:\/\/serveiseducatius.xtec.cat\/montsia\/wp-json\/wp\/v2\/media\/13906"}],"wp:attachment":[{"href":"https:\/\/serveiseducatius.xtec.cat\/montsia\/wp-json\/wp\/v2\/media?parent=13905"}],"wp:term":[{"taxonomy":"category","embeddable":true,"href":"https:\/\/serveiseducatius.xtec.cat\/montsia\/wp-json\/wp\/v2\/categories?post=13905"},{"taxonomy":"post_tag","embeddable":true,"href":"https:\/\/serveiseducatius.xtec.cat\/montsia\/wp-json\/wp\/v2\/tags?post=13905"}],"curies":[{"name":"wp","href":"https:\/\/api.w.org\/{rel}","templated":true}]}}