{"id":13895,"date":"2023-03-03T10:51:42","date_gmt":"2023-03-03T09:51:42","guid":{"rendered":"https:\/\/serveiseducatius.xtec.cat\/montsia\/?p=13895"},"modified":"2023-03-03T10:51:42","modified_gmt":"2023-03-03T09:51:42","slug":"la-rateta-que-llegia-a-lescaleta","status":"publish","type":"post","link":"https:\/\/serveiseducatius.xtec.cat\/montsia\/general\/la-rateta-que-llegia-a-lescaleta\/","title":{"rendered":"La rateta que llegia a l\u2019escaleta"},"content":{"rendered":"<p><img loading=\"lazy\" decoding=\"async\" class=\"size-full wp-image-13896 aligncenter\" src=\"https:\/\/serveiseducatius.xtec.cat\/montsia\/wp-content\/uploads\/usu1125\/2023\/03\/la-rateta-que-llegia-escaleta.png\" alt=\"\" width=\"560\" height=\"355\" srcset=\"https:\/\/serveiseducatius.xtec.cat\/montsia\/wp-content\/uploads\/usu1125\/2023\/03\/la-rateta-que-llegia-escaleta.png 560w, https:\/\/serveiseducatius.xtec.cat\/montsia\/wp-content\/uploads\/usu1125\/2023\/03\/la-rateta-que-llegia-escaleta-300x190.png 300w\" sizes=\"auto, (max-width: 560px) 100vw, 560px\" \/><\/p>\n<p><span style=\"font-weight: 400;\">El conte La rateta que llegia a l&#8217;escaleta, pertany a la col\u00b7lecci\u00f3 \u201cContes desexplicat\u201d, on es troben personatges i relats cl\u00e0ssics capgirats. Amb arguments plens de sorpreses i molt d&#8217;humor que faran volar i desenvolupat la imaginaci\u00f3 dels primers lectors. Les persones autores de l&#8217;obra, s\u00f3n un grup de contacontes que des de l&#8217;any 2006 es dediquen a explicar contes i creuen en el poder dels contes per a educar, per fer pensar, per a transmetre valors i tamb\u00e9 per a entretenir.\u00a0<\/span><\/p>\n<p><b>Descripci\u00f3 tem\u00e0tica: <\/b><span style=\"font-weight: 400;\">ficci\u00f3, g\u00e8nere literari, narraci\u00f3, conte popular, literatura tradicional, reflexi\u00f3, llengua, pensament, di\u00e0leg, Educaci\u00f3 de valors, pensar<\/span><\/p>\n<p><b>Descripci\u00f3 curricular: <\/b><span style=\"font-weight: 400;\">Educaci\u00f3 infantil &#8211; Comunicaci\u00f3 i llenguatges; Educaci\u00f3 infantil &#8211; Parvulari (2n cicle) &#8211; Descoberta de l&#8217;entorn: Raonament i representaci\u00f3; Educaci\u00f3 infantil &#8211; Parvulari (2n cicle) &#8211; Descoberta d&#8217;un mateix i descoberta dels altres: Autoconeixement i gesti\u00f3 de les emocions,\u00a0 Relacions afectives i comunicatives<\/span><span style=\"font-weight: 400;\">\u00a0<\/span><\/p>\n<p><a href=\"https:\/\/www.youtube.com\/watch?v=XIyTxBGFjGw\"><span style=\"font-weight: 400;\">Conte contat &#8211;\u00a0<\/span><\/a><a href=\"https:\/\/www.vivimdelcuentu.org\/\"><span style=\"font-weight: 400;\">Vivim del cuentu<\/span><\/a><span style=\"font-weight: 400;\">; Munt\u00e9, Marta; (il\u00b7lustraci\u00f3) &#8211;\u00a0<\/span><span style=\"font-weight: 400;\">Editorial Baula, 2013 &#8211;\u00a0<\/span><a href=\"https:\/\/agora.xtec.cat\/escbenissanet\/general\/contacontes-la-rateta-que-llegia-a-lescaleta\/\"><span style=\"font-weight: 400;\">Proposta did\u00e0ctica &#8211; <\/span><\/a><a href=\"https:\/\/agora.xtec.cat\/escbenissanet\/general\/la-rateta-que-llegia-a-lescaleta\/\"><span style=\"font-weight: 400;\">Mostra de teatre<\/span><\/a><\/p>\n","protected":false},"excerpt":{"rendered":"<p>El conte La rateta que llegia a l&#8217;escaleta, pertany a la col\u00b7lecci\u00f3 \u201cContes desexplicat\u201d, on es troben personatges i relats [&hellip;]<\/p>\n","protected":false},"author":1,"featured_media":13896,"comment_status":"closed","ping_status":"closed","sticky":false,"template":"","format":"standard","meta":{"_bbp_topic_count":0,"_bbp_reply_count":0,"_bbp_total_topic_count":0,"_bbp_total_reply_count":0,"_bbp_voice_count":0,"_bbp_anonymous_reply_count":0,"_bbp_topic_count_hidden":0,"_bbp_reply_count_hidden":0,"_bbp_forum_subforum_count":0,"site-sidebar-layout":"default","site-content-layout":"","ast-site-content-layout":"","site-content-style":"default","site-sidebar-style":"default","ast-global-header-display":"","ast-banner-title-visibility":"","ast-main-header-display":"","ast-hfb-above-header-display":"","ast-hfb-below-header-display":"","ast-hfb-mobile-header-display":"","site-post-title":"","ast-breadcrumbs-content":"","ast-featured-img":"","footer-sml-layout":"","theme-transparent-header-meta":"","adv-header-id-meta":"","stick-header-meta":"","header-above-stick-meta":"","header-main-stick-meta":"","header-below-stick-meta":"","astra-migrate-meta-layouts":"default","ast-page-background-enabled":"default","ast-page-background-meta":{"desktop":{"background-color":"var(--ast-global-color-4)","background-image":"","background-repeat":"repeat","background-position":"center center","background-size":"auto","background-attachment":"scroll","background-type":"","background-media":"","overlay-type":"","overlay-color":"","overlay-opacity":"","overlay-gradient":""},"tablet":{"background-color":"","background-image":"","background-repeat":"repeat","background-position":"center center","background-size":"auto","background-attachment":"scroll","background-type":"","background-media":"","overlay-type":"","overlay-color":"","overlay-opacity":"","overlay-gradient":""},"mobile":{"background-color":"","background-image":"","background-repeat":"repeat","background-position":"center center","background-size":"auto","background-attachment":"scroll","background-type":"","background-media":"","overlay-type":"","overlay-color":"","overlay-opacity":"","overlay-gradient":""}},"ast-content-background-meta":{"desktop":{"background-color":"var(--ast-global-color-5)","background-image":"","background-repeat":"repeat","background-position":"center center","background-size":"auto","background-attachment":"scroll","background-type":"","background-media":"","overlay-type":"","overlay-color":"","overlay-opacity":"","overlay-gradient":""},"tablet":{"background-color":"var(--ast-global-color-5)","background-image":"","background-repeat":"repeat","background-position":"center center","background-size":"auto","background-attachment":"scroll","background-type":"","background-media":"","overlay-type":"","overlay-color":"","overlay-opacity":"","overlay-gradient":""},"mobile":{"background-color":"var(--ast-global-color-5)","background-image":"","background-repeat":"repeat","background-position":"center center","background-size":"auto","background-attachment":"scroll","background-type":"","background-media":"","overlay-type":"","overlay-color":"","overlay-opacity":"","overlay-gradient":""}},"footnotes":""},"categories":[1,29,363],"tags":[306],"class_list":["post-13895","post","type-post","status-publish","format-standard","has-post-thumbnail","hentry","category-general","category-portada","category-propostes-ods","tag-divendres-coeducatius"],"post_mailing_queue_ids":[],"_links":{"self":[{"href":"https:\/\/serveiseducatius.xtec.cat\/montsia\/wp-json\/wp\/v2\/posts\/13895","targetHints":{"allow":["GET"]}}],"collection":[{"href":"https:\/\/serveiseducatius.xtec.cat\/montsia\/wp-json\/wp\/v2\/posts"}],"about":[{"href":"https:\/\/serveiseducatius.xtec.cat\/montsia\/wp-json\/wp\/v2\/types\/post"}],"author":[{"embeddable":true,"href":"https:\/\/serveiseducatius.xtec.cat\/montsia\/wp-json\/wp\/v2\/users\/1"}],"replies":[{"embeddable":true,"href":"https:\/\/serveiseducatius.xtec.cat\/montsia\/wp-json\/wp\/v2\/comments?post=13895"}],"version-history":[{"count":1,"href":"https:\/\/serveiseducatius.xtec.cat\/montsia\/wp-json\/wp\/v2\/posts\/13895\/revisions"}],"predecessor-version":[{"id":13897,"href":"https:\/\/serveiseducatius.xtec.cat\/montsia\/wp-json\/wp\/v2\/posts\/13895\/revisions\/13897"}],"wp:featuredmedia":[{"embeddable":true,"href":"https:\/\/serveiseducatius.xtec.cat\/montsia\/wp-json\/wp\/v2\/media\/13896"}],"wp:attachment":[{"href":"https:\/\/serveiseducatius.xtec.cat\/montsia\/wp-json\/wp\/v2\/media?parent=13895"}],"wp:term":[{"taxonomy":"category","embeddable":true,"href":"https:\/\/serveiseducatius.xtec.cat\/montsia\/wp-json\/wp\/v2\/categories?post=13895"},{"taxonomy":"post_tag","embeddable":true,"href":"https:\/\/serveiseducatius.xtec.cat\/montsia\/wp-json\/wp\/v2\/tags?post=13895"}],"curies":[{"name":"wp","href":"https:\/\/api.w.org\/{rel}","templated":true}]}}