{"id":13443,"date":"2022-06-08T10:37:52","date_gmt":"2022-06-08T08:37:52","guid":{"rendered":"https:\/\/serveiseducatius.xtec.cat\/montsia\/?p=13443"},"modified":"2022-06-02T10:40:28","modified_gmt":"2022-06-02T08:40:28","slug":"1r-premi-de-fotografia-matematica-per-al-col-sagrada-familia","status":"publish","type":"post","link":"https:\/\/serveiseducatius.xtec.cat\/montsia\/general\/1r-premi-de-fotografia-matematica-per-al-col-sagrada-familia\/","title":{"rendered":"1r Premi de fotografia matem\u00e0tica per al Col. Sagrada Fam\u00edlia"},"content":{"rendered":"<p><img loading=\"lazy\" decoding=\"async\" class=\"size-full wp-image-13444 aligncenter\" src=\"https:\/\/serveiseducatius.xtec.cat\/montsia\/wp-content\/uploads\/usu1125\/2022\/06\/fotografia-matematica-2022.png\" alt=\"\" width=\"502\" height=\"201\" srcset=\"https:\/\/serveiseducatius.xtec.cat\/montsia\/wp-content\/uploads\/usu1125\/2022\/06\/fotografia-matematica-2022.png 502w, https:\/\/serveiseducatius.xtec.cat\/montsia\/wp-content\/uploads\/usu1125\/2022\/06\/fotografia-matematica-2022-300x120.png 300w\" sizes=\"auto, (max-width: 502px) 100vw, 502px\" \/><\/p>\n<p><span style=\"font-weight: 400;\">El passat dissabte 21 de maig es va dur a terme el lliurament dels premis del V Concurs de fotografia matem\u00e0tica de l\u2019<\/span><a href=\"http:\/\/apmcm.feemcat.org\/historia\/\"><span style=\"font-weight: 400;\">APMCM<\/span><\/a><span style=\"font-weight: 400;\"> (Associaci\u00f3 de professors de matem\u00e0tiques de les comarques meridionals), en el context de la Fira Tastet de Ci\u00e8ncia.<\/span><\/p>\n<p><span style=\"font-weight: 400;\">Una alumna de 4t d\u2019EP del Col\u00b7legi Sagrada Fam\u00edlia de la R\u00e0pita,\u00a0 va ser una de les premiades, aconseguint un 1r Premi en la Categoria de Prim\u00e0ria, amb la fotografia \u201cLa corona de la lluna\u201d. Juntament amb el premi va ser obsequiada amb una c\u00e0mera instant\u00e0nia.<\/span><\/p>\n<p><span style=\"font-weight: 400;\">Durant la jornada, prop de 500\u00a0 alumnes dels centres educatius del territori tarragon\u00ed van mostrar i ensenyar ci\u00e8ncia de l\u2019aula al carrer, tot promovent la vocaci\u00f3 cient\u00edfica a trav\u00e9s de la divulgaci\u00f3 i l&#8217;STEAM.<\/span><\/p>\n<p><span style=\"font-weight: 400;\">En aquest enlla\u00e7 podeu veure quines s\u00f3n les <\/span><a href=\"http:\/\/apmcm.feemcat.org\/concurs-fotografia-2022\/\"><span style=\"font-weight: 400;\">fotografies guanyadores.<\/span><\/a><span style=\"font-weight: 400;\">\u00a0<\/span><\/p>\n","protected":false},"excerpt":{"rendered":"<p>El passat dissabte 21 de maig es va dur a terme el lliurament dels premis del V Concurs de fotografia [&hellip;]<\/p>\n","protected":false},"author":1,"featured_media":13444,"comment_status":"closed","ping_status":"closed","sticky":false,"template":"","format":"standard","meta":{"_bbp_topic_count":0,"_bbp_reply_count":0,"_bbp_total_topic_count":0,"_bbp_total_reply_count":0,"_bbp_voice_count":0,"_bbp_anonymous_reply_count":0,"_bbp_topic_count_hidden":0,"_bbp_reply_count_hidden":0,"_bbp_forum_subforum_count":0,"site-sidebar-layout":"default","site-content-layout":"","ast-site-content-layout":"","site-content-style":"default","site-sidebar-style":"default","ast-global-header-display":"","ast-banner-title-visibility":"","ast-main-header-display":"","ast-hfb-above-header-display":"","ast-hfb-below-header-display":"","ast-hfb-mobile-header-display":"","site-post-title":"","ast-breadcrumbs-content":"","ast-featured-img":"","footer-sml-layout":"","theme-transparent-header-meta":"","adv-header-id-meta":"","stick-header-meta":"","header-above-stick-meta":"","header-main-stick-meta":"","header-below-stick-meta":"","astra-migrate-meta-layouts":"default","ast-page-background-enabled":"default","ast-page-background-meta":{"desktop":{"background-color":"var(--ast-global-color-4)","background-image":"","background-repeat":"repeat","background-position":"center center","background-size":"auto","background-attachment":"scroll","background-type":"","background-media":"","overlay-type":"","overlay-color":"","overlay-opacity":"","overlay-gradient":""},"tablet":{"background-color":"","background-image":"","background-repeat":"repeat","background-position":"center center","background-size":"auto","background-attachment":"scroll","background-type":"","background-media":"","overlay-type":"","overlay-color":"","overlay-opacity":"","overlay-gradient":""},"mobile":{"background-color":"","background-image":"","background-repeat":"repeat","background-position":"center center","background-size":"auto","background-attachment":"scroll","background-type":"","background-media":"","overlay-type":"","overlay-color":"","overlay-opacity":"","overlay-gradient":""}},"ast-content-background-meta":{"desktop":{"background-color":"var(--ast-global-color-5)","background-image":"","background-repeat":"repeat","background-position":"center center","background-size":"auto","background-attachment":"scroll","background-type":"","background-media":"","overlay-type":"","overlay-color":"","overlay-opacity":"","overlay-gradient":""},"tablet":{"background-color":"var(--ast-global-color-5)","background-image":"","background-repeat":"repeat","background-position":"center center","background-size":"auto","background-attachment":"scroll","background-type":"","background-media":"","overlay-type":"","overlay-color":"","overlay-opacity":"","overlay-gradient":""},"mobile":{"background-color":"var(--ast-global-color-5)","background-image":"","background-repeat":"repeat","background-position":"center center","background-size":"auto","background-attachment":"scroll","background-type":"","background-media":"","overlay-type":"","overlay-color":"","overlay-opacity":"","overlay-gradient":""}},"footnotes":""},"categories":[298,1,29],"tags":[],"class_list":["post-13443","post","type-post","status-publish","format-standard","has-post-thumbnail","hentry","category-felicitem-a","category-general","category-portada"],"post_mailing_queue_ids":[],"_links":{"self":[{"href":"https:\/\/serveiseducatius.xtec.cat\/montsia\/wp-json\/wp\/v2\/posts\/13443","targetHints":{"allow":["GET"]}}],"collection":[{"href":"https:\/\/serveiseducatius.xtec.cat\/montsia\/wp-json\/wp\/v2\/posts"}],"about":[{"href":"https:\/\/serveiseducatius.xtec.cat\/montsia\/wp-json\/wp\/v2\/types\/post"}],"author":[{"embeddable":true,"href":"https:\/\/serveiseducatius.xtec.cat\/montsia\/wp-json\/wp\/v2\/users\/1"}],"replies":[{"embeddable":true,"href":"https:\/\/serveiseducatius.xtec.cat\/montsia\/wp-json\/wp\/v2\/comments?post=13443"}],"version-history":[{"count":1,"href":"https:\/\/serveiseducatius.xtec.cat\/montsia\/wp-json\/wp\/v2\/posts\/13443\/revisions"}],"predecessor-version":[{"id":13445,"href":"https:\/\/serveiseducatius.xtec.cat\/montsia\/wp-json\/wp\/v2\/posts\/13443\/revisions\/13445"}],"wp:featuredmedia":[{"embeddable":true,"href":"https:\/\/serveiseducatius.xtec.cat\/montsia\/wp-json\/wp\/v2\/media\/13444"}],"wp:attachment":[{"href":"https:\/\/serveiseducatius.xtec.cat\/montsia\/wp-json\/wp\/v2\/media?parent=13443"}],"wp:term":[{"taxonomy":"category","embeddable":true,"href":"https:\/\/serveiseducatius.xtec.cat\/montsia\/wp-json\/wp\/v2\/categories?post=13443"},{"taxonomy":"post_tag","embeddable":true,"href":"https:\/\/serveiseducatius.xtec.cat\/montsia\/wp-json\/wp\/v2\/tags?post=13443"}],"curies":[{"name":"wp","href":"https:\/\/api.w.org\/{rel}","templated":true}]}}