{"id":13401,"date":"2022-05-16T17:43:16","date_gmt":"2022-05-16T15:43:16","guid":{"rendered":"https:\/\/serveiseducatius.xtec.cat\/montsia\/?p=13401"},"modified":"2022-12-20T16:53:07","modified_gmt":"2022-12-20T15:53:07","slug":"dia-internacional-contra-lhomofobia-la-lesbofobia-la-transfobia-la-bifofia-i-la-interfobia","status":"publish","type":"post","link":"https:\/\/serveiseducatius.xtec.cat\/montsia\/general\/dia-internacional-contra-lhomofobia-la-lesbofobia-la-transfobia-la-bifofia-i-la-interfobia\/","title":{"rendered":"Dia internacional contra l\u2019Homof\u00f2bia, la Lesbof\u00f2bia, la Transf\u00f2bia, la Bif\u00f2fia i la Interf\u00f2bia"},"content":{"rendered":"<p><img loading=\"lazy\" decoding=\"async\" class=\"size-full wp-image-13402 aligncenter\" src=\"https:\/\/serveiseducatius.xtec.cat\/montsia\/wp-content\/uploads\/usu1125\/2022\/05\/dia-lgtbi-2022.png\" alt=\"\" width=\"431\" height=\"204\" srcset=\"https:\/\/serveiseducatius.xtec.cat\/montsia\/wp-content\/uploads\/usu1125\/2022\/05\/dia-lgtbi-2022.png 431w, https:\/\/serveiseducatius.xtec.cat\/montsia\/wp-content\/uploads\/usu1125\/2022\/05\/dia-lgtbi-2022-300x142.png 300w\" sizes=\"auto, (max-width: 431px) 100vw, 431px\" \/><\/p>\n<p><span style=\"font-weight: 400;\">Cada <\/span><a href=\"https:\/\/igualtat.gencat.cat\/ca\/ambits-dactuacio\/lgbti\/dies-internacionals-lgbti\/\"><span style=\"font-weight: 400;\">17 de maig<\/span><\/a><span style=\"font-weight: 400;\"> es commemora la lluita contra l&#8217;LGTBI-f\u00f2bia. Des de l\u2019\u00e0mbit educatiu, recordem que cal treballar per garantir els drets de les persones LGBTI+ (lesbianes, gais, bisexuals, transg\u00e8neres, intersexuals&#8230;) a fi que la identitat afectivosexual de tots i totes sigui viscuda de forma saludable, personal i \u00fanica.<\/span><\/p>\n<p><span style=\"font-weight: 400;\">Acompanyem en l\u2019educaci\u00f3 afectivosexual de l\u2019alumnat, fomentem un esperit cr\u00edtic envers els estereotips de g\u00e8nere limitadors, treballem per unes relacions lliures de conductes abusives.<\/span><\/p>\n<p><span style=\"font-weight: 400;\">Us suggerim propostes d\u2019actuaci\u00f3 i recursos espec\u00edfics a la <\/span><a href=\"http:\/\/xtec.gencat.cat\/ca\/centres\/celebracions\/2022\/dia-internacional-contra-lhomofobia-la-lesbofobia-la-transfobia-la-bifobia-i-la-interfobia\/\"><span style=\"font-weight: 400;\">p\u00e0gina del Departament d&#8217;Educaci\u00f3<\/span><\/a><\/p>\n","protected":false},"excerpt":{"rendered":"<p>Cada 17 de maig es commemora la lluita contra l&#8217;LGTBI-f\u00f2bia. Des de l\u2019\u00e0mbit educatiu, recordem que cal treballar per garantir [&hellip;]<\/p>\n","protected":false},"author":1,"featured_media":13402,"comment_status":"closed","ping_status":"closed","sticky":false,"template":"","format":"standard","meta":{"_bbp_topic_count":0,"_bbp_reply_count":0,"_bbp_total_topic_count":0,"_bbp_total_reply_count":0,"_bbp_voice_count":0,"_bbp_anonymous_reply_count":0,"_bbp_topic_count_hidden":0,"_bbp_reply_count_hidden":0,"_bbp_forum_subforum_count":0,"site-sidebar-layout":"default","site-content-layout":"","ast-site-content-layout":"","site-content-style":"default","site-sidebar-style":"default","ast-global-header-display":"","ast-banner-title-visibility":"","ast-main-header-display":"","ast-hfb-above-header-display":"","ast-hfb-below-header-display":"","ast-hfb-mobile-header-display":"","site-post-title":"","ast-breadcrumbs-content":"","ast-featured-img":"","footer-sml-layout":"","theme-transparent-header-meta":"","adv-header-id-meta":"","stick-header-meta":"","header-above-stick-meta":"","header-main-stick-meta":"","header-below-stick-meta":"","astra-migrate-meta-layouts":"default","ast-page-background-enabled":"default","ast-page-background-meta":{"desktop":{"background-color":"var(--ast-global-color-4)","background-image":"","background-repeat":"repeat","background-position":"center center","background-size":"auto","background-attachment":"scroll","background-type":"","background-media":"","overlay-type":"","overlay-color":"","overlay-opacity":"","overlay-gradient":""},"tablet":{"background-color":"","background-image":"","background-repeat":"repeat","background-position":"center center","background-size":"auto","background-attachment":"scroll","background-type":"","background-media":"","overlay-type":"","overlay-color":"","overlay-opacity":"","overlay-gradient":""},"mobile":{"background-color":"","background-image":"","background-repeat":"repeat","background-position":"center center","background-size":"auto","background-attachment":"scroll","background-type":"","background-media":"","overlay-type":"","overlay-color":"","overlay-opacity":"","overlay-gradient":""}},"ast-content-background-meta":{"desktop":{"background-color":"var(--ast-global-color-5)","background-image":"","background-repeat":"repeat","background-position":"center center","background-size":"auto","background-attachment":"scroll","background-type":"","background-media":"","overlay-type":"","overlay-color":"","overlay-opacity":"","overlay-gradient":""},"tablet":{"background-color":"var(--ast-global-color-5)","background-image":"","background-repeat":"repeat","background-position":"center center","background-size":"auto","background-attachment":"scroll","background-type":"","background-media":"","overlay-type":"","overlay-color":"","overlay-opacity":"","overlay-gradient":""},"mobile":{"background-color":"var(--ast-global-color-5)","background-image":"","background-repeat":"repeat","background-position":"center center","background-size":"auto","background-attachment":"scroll","background-type":"","background-media":"","overlay-type":"","overlay-color":"","overlay-opacity":"","overlay-gradient":""}},"footnotes":""},"categories":[1,29,363],"tags":[306],"class_list":["post-13401","post","type-post","status-publish","format-standard","has-post-thumbnail","hentry","category-general","category-portada","category-propostes-ods","tag-divendres-coeducatius"],"post_mailing_queue_ids":[],"_links":{"self":[{"href":"https:\/\/serveiseducatius.xtec.cat\/montsia\/wp-json\/wp\/v2\/posts\/13401","targetHints":{"allow":["GET"]}}],"collection":[{"href":"https:\/\/serveiseducatius.xtec.cat\/montsia\/wp-json\/wp\/v2\/posts"}],"about":[{"href":"https:\/\/serveiseducatius.xtec.cat\/montsia\/wp-json\/wp\/v2\/types\/post"}],"author":[{"embeddable":true,"href":"https:\/\/serveiseducatius.xtec.cat\/montsia\/wp-json\/wp\/v2\/users\/1"}],"replies":[{"embeddable":true,"href":"https:\/\/serveiseducatius.xtec.cat\/montsia\/wp-json\/wp\/v2\/comments?post=13401"}],"version-history":[{"count":1,"href":"https:\/\/serveiseducatius.xtec.cat\/montsia\/wp-json\/wp\/v2\/posts\/13401\/revisions"}],"predecessor-version":[{"id":13403,"href":"https:\/\/serveiseducatius.xtec.cat\/montsia\/wp-json\/wp\/v2\/posts\/13401\/revisions\/13403"}],"wp:featuredmedia":[{"embeddable":true,"href":"https:\/\/serveiseducatius.xtec.cat\/montsia\/wp-json\/wp\/v2\/media\/13402"}],"wp:attachment":[{"href":"https:\/\/serveiseducatius.xtec.cat\/montsia\/wp-json\/wp\/v2\/media?parent=13401"}],"wp:term":[{"taxonomy":"category","embeddable":true,"href":"https:\/\/serveiseducatius.xtec.cat\/montsia\/wp-json\/wp\/v2\/categories?post=13401"},{"taxonomy":"post_tag","embeddable":true,"href":"https:\/\/serveiseducatius.xtec.cat\/montsia\/wp-json\/wp\/v2\/tags?post=13401"}],"curies":[{"name":"wp","href":"https:\/\/api.w.org\/{rel}","templated":true}]}}