{"id":13240,"date":"2022-03-04T09:41:10","date_gmt":"2022-03-04T08:41:10","guid":{"rendered":"https:\/\/serveiseducatius.xtec.cat\/montsia\/?p=13240"},"modified":"2022-03-04T09:41:10","modified_gmt":"2022-03-04T08:41:10","slug":"xii-jornada-deducacio-primaria-terres-de-lebre","status":"publish","type":"post","link":"https:\/\/serveiseducatius.xtec.cat\/montsia\/general\/xii-jornada-deducacio-primaria-terres-de-lebre\/","title":{"rendered":"XII Jornada d&#8217;Educaci\u00f3 Prim\u00e0ria Terres de l&#8217;Ebre"},"content":{"rendered":"<p><img loading=\"lazy\" decoding=\"async\" class=\"size-full wp-image-13241 aligncenter\" src=\"https:\/\/serveiseducatius.xtec.cat\/montsia\/wp-content\/uploads\/usu1125\/2022\/03\/ods.png\" alt=\"\" width=\"500\" height=\"210\" srcset=\"https:\/\/serveiseducatius.xtec.cat\/montsia\/wp-content\/uploads\/usu1125\/2022\/03\/ods.png 500w, https:\/\/serveiseducatius.xtec.cat\/montsia\/wp-content\/uploads\/usu1125\/2022\/03\/ods-300x126.png 300w\" sizes=\"auto, (max-width: 500px) 100vw, 500px\" \/><\/p>\n<p><span style=\"font-weight: 400;\">El 2015, l&#8217;ONU va aprovar l&#8217;Agenda 2030 sobre el Desenvolupament Sostenible, una oportunitat perqu\u00e8 els pa\u00efsos i les seves societats emprenguin un nou cam\u00ed per millorar la vida de tots, sense deixar ning\u00fa enrere. L&#8217;Agenda compta amb 17 objectius de desenvolupament sostenible, que inclouen des de l&#8217;eliminaci\u00f3 de la pobresa fins al canvi clim\u00e0tic, l&#8217;educaci\u00f3, la igualtat de la dona, la defensa del medi ambient o el disseny de les nostres ciutats.<\/span><\/p>\n<p><span style=\"font-weight: 400;\">Cada objectiu t\u00e9 indicadors espec\u00edfics i per assolir-los tothom ha de contribuir: els governs, el sector privat, la societat civil i per suposat els docents presentant propostes did\u00e0ctiques d\u2019enfocament globalitzat al voltant dels objectius de desenvolupament sostenible (ODS).<\/span><\/p>\n<p><b>OBJECTIUS:<\/b><span style=\"font-weight: 400;\">\u00a0<\/span><\/p>\n<ul>\n<li><span style=\"font-weight: 400;\">Generar un espai de trobada i reflexi\u00f3 sobre la manera de com utilitzar els ODS a l\u2019hora de dissenyar activitats d\u2019ensenyament i aprenentatge adre\u00e7ades a l\u2019Educaci\u00f3 Prim\u00e0ria.<\/span><\/li>\n<li style=\"font-weight: 400;\" aria-level=\"1\"><span style=\"font-weight: 400;\">Sensibilitzar l\u2019alumnat d\u2019Educaci\u00f3 Prim\u00e0ria sobre la consolidaci\u00f3 dels ODS.<\/span><\/li>\n<li style=\"font-weight: 400;\" aria-level=\"1\"><span style=\"font-weight: 400;\">Con\u00e8ixer els desafiaments i oportunitats de la implementaci\u00f3 dels ODS a l\u2019alumnat d\u2019Educaci\u00f3 Prim\u00e0ria.<\/span><\/li>\n<li style=\"font-weight: 400;\" aria-level=\"1\"><span style=\"font-weight: 400;\">Identificar bones pr\u00e0ctiques a l\u2019etapa d\u2019Educaci\u00f3 Prim\u00e0ria que avancin en l\u2019assoliment dels ODS<\/span><\/li>\n<\/ul>\n<p><b>PROGRAMA:\u00a0<\/b><\/p>\n<ul>\n<li><span style=\"font-weight: 400;\">9.15 h. Inauguraci\u00f3 de la jornada.<\/span><\/li>\n<li>9.30 h. Sr. Arnau Amat Vinyoles. Professor de la Universitat de Vic- Universitat Central de Catalunya. \u201cProjectes educatius per educar per a la sostenibilitat\u201d.<\/li>\n<li>10.30 h.Escola Enric Grau Fontser\u00e9 de Flix \u2013 Escola P\u00e0mies de Ginestar.\u201cProjecte Enfocat\u201d.<\/li>\n<li>11.00 h. Descans.<\/li>\n<li>11.45 h. Escola Sant Ll\u00e0tzer de Tortosa.\u201cI natros &#8230; qu\u00e8 podem fer?\u201d.<\/li>\n<li>12.15 h.Escola Puig Cavaller de Gandesa. \u201cLa natura, una aliada per aprendre\u201c<\/li>\n<li>12.45 h. \u00c0rea 5G Terres de l&#8217;Ebre. Fundaci\u00f3 i2CAT.i Consell Comarcal Ribera d&#8217;Ebre.\u201cAplicacions de la tecnologia 5G en Educaci\u00f3 Prim\u00e0ria\u201c<\/li>\n<li>13.15 h. Cloenda de la jornada.<\/li>\n<\/ul>\n<p><b>Data:<\/b><span style=\"font-weight: 400;\">\u00a0 <\/span><span style=\"font-weight: 400;\">19 de mar\u00e7<\/span><span style=\"font-weight: 400;\">\u00a0<\/span><\/p>\n<p><b>Horari:<\/b><span style=\"font-weight: 400;\"> de 9,00h a 14,00h<\/span><\/p>\n<p><b>Lloc: Presencial!<\/b><\/p>\n<p><span style=\"font-weight: 400;\">URV_Campus Terres de l\u2019Ebre. <\/span><span style=\"font-weight: 400;\">Avinguda Remolins, 13-15. CP <\/span><span style=\"font-weight: 400;\">43500 \u2013 Tortosa, Tarragona.<\/span><\/p>\n<p><b>Activitat reconeguda pel Departament d&#8217;Educaci\u00f3 a trav\u00e9s de l&#8217;ICE URV (codi 8000080021) amb una certificaci\u00f3 de 5 hores.<\/b><\/p>\n<p><a href=\"https:\/\/aplicacions.gestioeducativa.gencat.cat\/pls\/soloas\/pk_for_mod_ins.p_for_detall_activitat?p_codi=8000080021&amp;p_curs=2021-2022&amp;p_es_inscr=S\"><b>INSCRIPCI\u00d3<\/b><\/a><\/p>\n","protected":false},"excerpt":{"rendered":"<p>El 2015, l&#8217;ONU va aprovar l&#8217;Agenda 2030 sobre el Desenvolupament Sostenible, una oportunitat perqu\u00e8 els pa\u00efsos i les seves societats [&hellip;]<\/p>\n","protected":false},"author":1,"featured_media":13241,"comment_status":"closed","ping_status":"closed","sticky":false,"template":"","format":"standard","meta":{"_bbp_topic_count":0,"_bbp_reply_count":0,"_bbp_total_topic_count":0,"_bbp_total_reply_count":0,"_bbp_voice_count":0,"_bbp_anonymous_reply_count":0,"_bbp_topic_count_hidden":0,"_bbp_reply_count_hidden":0,"_bbp_forum_subforum_count":0,"site-sidebar-layout":"default","site-content-layout":"","ast-site-content-layout":"","site-content-style":"default","site-sidebar-style":"default","ast-global-header-display":"","ast-banner-title-visibility":"","ast-main-header-display":"","ast-hfb-above-header-display":"","ast-hfb-below-header-display":"","ast-hfb-mobile-header-display":"","site-post-title":"","ast-breadcrumbs-content":"","ast-featured-img":"","footer-sml-layout":"","theme-transparent-header-meta":"","adv-header-id-meta":"","stick-header-meta":"","header-above-stick-meta":"","header-main-stick-meta":"","header-below-stick-meta":"","astra-migrate-meta-layouts":"default","ast-page-background-enabled":"default","ast-page-background-meta":{"desktop":{"background-color":"var(--ast-global-color-4)","background-image":"","background-repeat":"repeat","background-position":"center center","background-size":"auto","background-attachment":"scroll","background-type":"","background-media":"","overlay-type":"","overlay-color":"","overlay-opacity":"","overlay-gradient":""},"tablet":{"background-color":"","background-image":"","background-repeat":"repeat","background-position":"center center","background-size":"auto","background-attachment":"scroll","background-type":"","background-media":"","overlay-type":"","overlay-color":"","overlay-opacity":"","overlay-gradient":""},"mobile":{"background-color":"","background-image":"","background-repeat":"repeat","background-position":"center center","background-size":"auto","background-attachment":"scroll","background-type":"","background-media":"","overlay-type":"","overlay-color":"","overlay-opacity":"","overlay-gradient":""}},"ast-content-background-meta":{"desktop":{"background-color":"var(--ast-global-color-5)","background-image":"","background-repeat":"repeat","background-position":"center center","background-size":"auto","background-attachment":"scroll","background-type":"","background-media":"","overlay-type":"","overlay-color":"","overlay-opacity":"","overlay-gradient":""},"tablet":{"background-color":"var(--ast-global-color-5)","background-image":"","background-repeat":"repeat","background-position":"center center","background-size":"auto","background-attachment":"scroll","background-type":"","background-media":"","overlay-type":"","overlay-color":"","overlay-opacity":"","overlay-gradient":""},"mobile":{"background-color":"var(--ast-global-color-5)","background-image":"","background-repeat":"repeat","background-position":"center center","background-size":"auto","background-attachment":"scroll","background-type":"","background-media":"","overlay-type":"","overlay-color":"","overlay-opacity":"","overlay-gradient":""}},"footnotes":""},"categories":[1,29],"tags":[],"class_list":["post-13240","post","type-post","status-publish","format-standard","has-post-thumbnail","hentry","category-general","category-portada"],"post_mailing_queue_ids":[],"_links":{"self":[{"href":"https:\/\/serveiseducatius.xtec.cat\/montsia\/wp-json\/wp\/v2\/posts\/13240","targetHints":{"allow":["GET"]}}],"collection":[{"href":"https:\/\/serveiseducatius.xtec.cat\/montsia\/wp-json\/wp\/v2\/posts"}],"about":[{"href":"https:\/\/serveiseducatius.xtec.cat\/montsia\/wp-json\/wp\/v2\/types\/post"}],"author":[{"embeddable":true,"href":"https:\/\/serveiseducatius.xtec.cat\/montsia\/wp-json\/wp\/v2\/users\/1"}],"replies":[{"embeddable":true,"href":"https:\/\/serveiseducatius.xtec.cat\/montsia\/wp-json\/wp\/v2\/comments?post=13240"}],"version-history":[{"count":1,"href":"https:\/\/serveiseducatius.xtec.cat\/montsia\/wp-json\/wp\/v2\/posts\/13240\/revisions"}],"predecessor-version":[{"id":13242,"href":"https:\/\/serveiseducatius.xtec.cat\/montsia\/wp-json\/wp\/v2\/posts\/13240\/revisions\/13242"}],"wp:featuredmedia":[{"embeddable":true,"href":"https:\/\/serveiseducatius.xtec.cat\/montsia\/wp-json\/wp\/v2\/media\/13241"}],"wp:attachment":[{"href":"https:\/\/serveiseducatius.xtec.cat\/montsia\/wp-json\/wp\/v2\/media?parent=13240"}],"wp:term":[{"taxonomy":"category","embeddable":true,"href":"https:\/\/serveiseducatius.xtec.cat\/montsia\/wp-json\/wp\/v2\/categories?post=13240"},{"taxonomy":"post_tag","embeddable":true,"href":"https:\/\/serveiseducatius.xtec.cat\/montsia\/wp-json\/wp\/v2\/tags?post=13240"}],"curies":[{"name":"wp","href":"https:\/\/api.w.org\/{rel}","templated":true}]}}