{"id":13237,"date":"2022-03-03T09:49:04","date_gmt":"2022-03-03T08:49:04","guid":{"rendered":"https:\/\/serveiseducatius.xtec.cat\/montsia\/?p=13237"},"modified":"2022-03-02T09:56:47","modified_gmt":"2022-03-02T08:56:47","slug":"una-alumna-de-lins-ramon-berenguer-iv-guanya-la-final-de-lolimpiada-de-filosofia","status":"publish","type":"post","link":"https:\/\/serveiseducatius.xtec.cat\/montsia\/general\/una-alumna-de-lins-ramon-berenguer-iv-guanya-la-final-de-lolimpiada-de-filosofia\/","title":{"rendered":"Una alumna de l&#8217;INS Ramon Berenguer IV guanya la final de l&#8217;Olimp\u00edada de Filosofia"},"content":{"rendered":"<p><img loading=\"lazy\" decoding=\"async\" class=\"size-full wp-image-13238 aligncenter\" src=\"https:\/\/serveiseducatius.xtec.cat\/montsia\/wp-content\/uploads\/usu1125\/2022\/03\/premi-2022-olimpiada-filosofia.png\" alt=\"\" width=\"534\" height=\"193\" srcset=\"https:\/\/serveiseducatius.xtec.cat\/montsia\/wp-content\/uploads\/usu1125\/2022\/03\/premi-2022-olimpiada-filosofia.png 534w, https:\/\/serveiseducatius.xtec.cat\/montsia\/wp-content\/uploads\/usu1125\/2022\/03\/premi-2022-olimpiada-filosofia-300x108.png 300w\" sizes=\"auto, (max-width: 534px) 100vw, 534px\" \/><\/p>\n<p><span style=\"font-weight: 400;\">Dissabte 19 de febrer es va celebrar al Centre de Cultura Contempor\u00e0nia de Barcelona la final de l&#8217;Olimp\u00edada de Filosofia de Catalunya on, aquesta edici\u00f3, havia participat alumnat de l\u2019Institut Ramon Berenguer IV d\u2019Amposta.<\/span><\/p>\n<p><span style=\"font-weight: 400;\">Una de les alumnes d&#8217;aquest centre, Cristina, es va classificar per a la final de dilemes \u00e8tics, va defensar el seu posicionament i va respondre a les preguntes del tribunal i dels artistes c\u00edborgs convidats, resultant la guanyadora d&#8217;aquesta modalitat.<\/span><\/p>\n<p><span style=\"font-weight: 400;\">Cristina representar\u00e0 a Catalunya en la modalitat de dilemes \u00e8tics a l&#8217;Olimp\u00edada de Filosofia d&#8217;Espanya que se celebrar\u00e0, de manera telem\u00e0tica, despr\u00e9s de les vacances de setmana santa.<\/span><\/p>\n<p><span style=\"font-weight: 400;\">Moltes felicitats Cristina !!.<\/span><\/p>\n<p><a href=\"https:\/\/blocs.xtec.cat\/filolimp\/\"><span style=\"font-weight: 400;\">Olimp\u00edada de filosofia de Catalunya<\/span><\/a><\/p>\n","protected":false},"excerpt":{"rendered":"<p>Dissabte 19 de febrer es va celebrar al Centre de Cultura Contempor\u00e0nia de Barcelona la final de l&#8217;Olimp\u00edada de Filosofia [&hellip;]<\/p>\n","protected":false},"author":1,"featured_media":13238,"comment_status":"closed","ping_status":"closed","sticky":false,"template":"","format":"standard","meta":{"_bbp_topic_count":0,"_bbp_reply_count":0,"_bbp_total_topic_count":0,"_bbp_total_reply_count":0,"_bbp_voice_count":0,"_bbp_anonymous_reply_count":0,"_bbp_topic_count_hidden":0,"_bbp_reply_count_hidden":0,"_bbp_forum_subforum_count":0,"site-sidebar-layout":"default","site-content-layout":"","ast-site-content-layout":"","site-content-style":"default","site-sidebar-style":"default","ast-global-header-display":"","ast-banner-title-visibility":"","ast-main-header-display":"","ast-hfb-above-header-display":"","ast-hfb-below-header-display":"","ast-hfb-mobile-header-display":"","site-post-title":"","ast-breadcrumbs-content":"","ast-featured-img":"","footer-sml-layout":"","theme-transparent-header-meta":"","adv-header-id-meta":"","stick-header-meta":"","header-above-stick-meta":"","header-main-stick-meta":"","header-below-stick-meta":"","astra-migrate-meta-layouts":"default","ast-page-background-enabled":"default","ast-page-background-meta":{"desktop":{"background-color":"var(--ast-global-color-4)","background-image":"","background-repeat":"repeat","background-position":"center center","background-size":"auto","background-attachment":"scroll","background-type":"","background-media":"","overlay-type":"","overlay-color":"","overlay-opacity":"","overlay-gradient":""},"tablet":{"background-color":"","background-image":"","background-repeat":"repeat","background-position":"center center","background-size":"auto","background-attachment":"scroll","background-type":"","background-media":"","overlay-type":"","overlay-color":"","overlay-opacity":"","overlay-gradient":""},"mobile":{"background-color":"","background-image":"","background-repeat":"repeat","background-position":"center center","background-size":"auto","background-attachment":"scroll","background-type":"","background-media":"","overlay-type":"","overlay-color":"","overlay-opacity":"","overlay-gradient":""}},"ast-content-background-meta":{"desktop":{"background-color":"var(--ast-global-color-5)","background-image":"","background-repeat":"repeat","background-position":"center center","background-size":"auto","background-attachment":"scroll","background-type":"","background-media":"","overlay-type":"","overlay-color":"","overlay-opacity":"","overlay-gradient":""},"tablet":{"background-color":"var(--ast-global-color-5)","background-image":"","background-repeat":"repeat","background-position":"center center","background-size":"auto","background-attachment":"scroll","background-type":"","background-media":"","overlay-type":"","overlay-color":"","overlay-opacity":"","overlay-gradient":""},"mobile":{"background-color":"var(--ast-global-color-5)","background-image":"","background-repeat":"repeat","background-position":"center center","background-size":"auto","background-attachment":"scroll","background-type":"","background-media":"","overlay-type":"","overlay-color":"","overlay-opacity":"","overlay-gradient":""}},"footnotes":""},"categories":[298,1,29],"tags":[],"class_list":["post-13237","post","type-post","status-publish","format-standard","has-post-thumbnail","hentry","category-felicitem-a","category-general","category-portada"],"post_mailing_queue_ids":[],"_links":{"self":[{"href":"https:\/\/serveiseducatius.xtec.cat\/montsia\/wp-json\/wp\/v2\/posts\/13237","targetHints":{"allow":["GET"]}}],"collection":[{"href":"https:\/\/serveiseducatius.xtec.cat\/montsia\/wp-json\/wp\/v2\/posts"}],"about":[{"href":"https:\/\/serveiseducatius.xtec.cat\/montsia\/wp-json\/wp\/v2\/types\/post"}],"author":[{"embeddable":true,"href":"https:\/\/serveiseducatius.xtec.cat\/montsia\/wp-json\/wp\/v2\/users\/1"}],"replies":[{"embeddable":true,"href":"https:\/\/serveiseducatius.xtec.cat\/montsia\/wp-json\/wp\/v2\/comments?post=13237"}],"version-history":[{"count":1,"href":"https:\/\/serveiseducatius.xtec.cat\/montsia\/wp-json\/wp\/v2\/posts\/13237\/revisions"}],"predecessor-version":[{"id":13239,"href":"https:\/\/serveiseducatius.xtec.cat\/montsia\/wp-json\/wp\/v2\/posts\/13237\/revisions\/13239"}],"wp:featuredmedia":[{"embeddable":true,"href":"https:\/\/serveiseducatius.xtec.cat\/montsia\/wp-json\/wp\/v2\/media\/13238"}],"wp:attachment":[{"href":"https:\/\/serveiseducatius.xtec.cat\/montsia\/wp-json\/wp\/v2\/media?parent=13237"}],"wp:term":[{"taxonomy":"category","embeddable":true,"href":"https:\/\/serveiseducatius.xtec.cat\/montsia\/wp-json\/wp\/v2\/categories?post=13237"},{"taxonomy":"post_tag","embeddable":true,"href":"https:\/\/serveiseducatius.xtec.cat\/montsia\/wp-json\/wp\/v2\/tags?post=13237"}],"curies":[{"name":"wp","href":"https:\/\/api.w.org\/{rel}","templated":true}]}}